{"id":531005,"date":"2025-11-13T09:26:16","date_gmt":"2025-11-13T09:26:16","guid":{"rendered":"https:\/\/www.europesays.com\/fr\/531005\/"},"modified":"2025-11-13T09:26:16","modified_gmt":"2025-11-13T09:26:16","slug":"tours-volley-ball-lentraineur-mladen-kasic-annonce-son-depart-surprise-apres-le-titre-en-supercoupe","status":"publish","type":"post","link":"https:\/\/www.europesays.com\/fr\/531005\/","title":{"rendered":"Tours Volley-Ball\u00a0: l&rsquo;entra\u00eeneur Mladen Kasic annonce son d\u00e9part surprise apr\u00e8s le titre en Supercoupe"},"content":{"rendered":"<p>Alors que le Tours Volley-Ball a remport\u00e9 la Supercoupe, ce mardi 11 novembre, en battant Tourcoing au tie-break, trois sets \u00e0 deux, son entra\u00eeneur a indiqu\u00e9 juste apr\u00e8s la rencontre qu&rsquo;il avait pr\u00e9sent\u00e9 sa d\u00e9mission \u00e0 ses dirigeants. <\/p>\n<p>C&rsquo;est une soir\u00e9e contrast\u00e9e qu&rsquo;a v\u00e9cue le <strong>Tours Volley-Ball<\/strong>, ce mardi 11 novembre. Alors que le club aurait pu f\u00eater son <strong>titre de Supercoupe<\/strong>, obtenu\u00a0<a class=\"IciLink ici-link IciArticleLink g-ici-body-regular-1 underline brand svelte-lu7k6w\" href=\"https:\/\/www.francebleu.fr\/sports\/basket-handball-volley\/le-tours-volley-ball-affronte-tourcoing-pour-tenter-de-remporter-une-sixieme-supercoupe-7286800\" rel=\"nofollow noopener\" target=\"_blank\">apr\u00e8s sa victoire contre Tourcoing \u00e0 Grenon<\/a>, au bout d&rsquo;un tie-break irrespirable (19-17), <strong>il doit aussi faire ses adieux \u00e0 Mladen Kasic<\/strong>. Juste apr\u00e8s la rencontre, <strong>l&rsquo;entra\u00eeneur croate de 67 ans a indiqu\u00e9<\/strong> \u00e0 nos confr\u00e8res de BeIn Sports <strong>qu&rsquo;il quittait ses fonctions.<\/strong><\/p>\n<p>\u00ab\u00a0Je dois tenir ma parole, je vais quitter le club ce soir\u00a0\u00bb, a simplement expliqu\u00e9 celui qui \u00e9tait arriv\u00e9 \u00e0 l&rsquo;intersaison. En r\u00e9alit\u00e9, selon nos informations, <strong>ce d\u00e9part surprise a \u00e9t\u00e9 annonc\u00e9 aux joueurs avant le match de vendredi dernier \u00e0 Montpellier<\/strong>. Ce qui peut expliquer la d\u00e9route (3-0) en terre h\u00e9raultaise, avec un groupe quelque peu sonn\u00e9, alors que jusqu&rsquo;ici, le TVB r\u00e9alisait un sans-faute avec quatre victoires en quatre matchs.<\/p>\n<p>Son rempla\u00e7ant d\u00e9j\u00e0 trouv\u00e9<\/p>\n<p>Contact\u00e9 par ICI Touraine, le pr\u00e9sident du club, Fran\u00e7ois Bruneau, indique \u00eatre tomb\u00e9 des nues quand le technicien lui a fait part de son souhait de partir. \u00ab\u00a0Il nous a demand\u00e9 de trouver un rempla\u00e7ant et vite. Il a sign\u00e9 sa d\u00e9mission hier [NDLR\u00a0: lundi 10 novembre]. On comptait l&rsquo;annoncer officiellement mercredi, mais il l&rsquo;a annonc\u00e9 lui-m\u00eame ce soir. Ce n&rsquo;est pas une situation facile. Il nous a dit qu&rsquo;il ne se sentait pas \u00e0 la hauteur des d\u00e9fis, de l&rsquo;exigence que repr\u00e9sentent des grands clubs comme Tours, de ce que \u00e7a implique avec la data ou la vid\u00e9o.\u00a0\u00bb Plusieurs fois, Mladen Kasic avait, en effet, rappel\u00e9 qu&rsquo;il n&rsquo;avait \u00ab\u00a0jamais entra\u00een\u00e9 un club de l&rsquo;envergure de Tours\u00a0\u00bb.<\/p>\n<p><strong>Le TVB a d\u00e9j\u00e0 trouv\u00e9 son successeur. Il s&rsquo;agit d&rsquo;Igor Juricic, 51 ans<\/strong>, Croate lui aussi, comme annonc\u00e9 par\u00a0<a target=\"_blank\" rel=\"nofollow noopener noreferrer\" class=\"IciLink ici-link IciArticleLink g-ici-body-regular-1 underline brand svelte-lu7k6w\" href=\"https:\/\/www.lanouvellerepublique.fr\/tours\/igor-juricic-succede-a-mladen-kasic-a-la-tete-du-tours-vb-1762894807\">La Nouvelle R\u00e9publique<\/a>\u00a0et confirm\u00e9 \u00e0 ICI Touraine par Fran\u00e7ois Bruneau. Fin connaisseur de la France, pour y avoir jou\u00e9 l&rsquo;essentiel de sa carri\u00e8re, il est pass\u00e9 par le banc de Tourcoing, entre 2016 et 2020. Il sera vite dans le bain, puisque se profile, d\u00e8s le vendredi 14 novembre, la r\u00e9ception de Paris.<\/p>\n<p>\u00c0 lire aussi   <img decoding=\"async\" src=\"https:\/\/www.europesays.com\/fr\/wp-content\/uploads\/2025\/11\/1763025976_729_560x315\" alt=\"Mladen Kasic, l'entra\u00eeneur du TVB, se dit &quot;tr\u00e8s heureux&quot; d'\u00eatre \u00e0 Tours.\" style=\"--_image-preview:url('data:image\/jpeg;base64,\/9j\/2wBDACgcHiMeGSgjISMtKygwPGRBPDc3PHtYXUlkkYCZlo+AjIqgtObDoKrarYqMyP\/L2u71\/\/\/\/m8H\/\/\/\/6\/+b9\/\/j\/2wBDASstLTw1PHZBQXb4pYyl+Pj4+Pj4+Pj4+Pj4+Pj4+Pj4+Pj4+Pj4+Pj4+Pj4+Pj4+Pj4+Pj4+Pj4+Pj4+Pj4+Pj\/wAARCAAXACoDASIAAhEBAxEB\/8QAFwAAAwEAAAAAAAAAAAAAAAAAAAIDAf\/EABkQAQEBAQEBAAAAAAAAAAAAAAABAhESMf\/EABYBAQEBAAAAAAAAAAAAAAAAAAEAAv\/EABYRAQEBAAAAAAAAAAAAAAAAAAABEf\/aAAwDAQACEQMRAD8AfgPYSpN6KT02VJmoTyr9HknVdIboAgTum5oDQWybgAL\/2Q==');\" loading=\"lazy\" fetchpriority=\"low\" aria-hidden=\"true\" class=\"svelte-1pnmlwx rounded\" onload=\"this.__e=event\" onerror=\"this.__e=event\"\/><\/p>\n","protected":false},"excerpt":{"rendered":"Alors que le Tours Volley-Ball a remport\u00e9 la Supercoupe, ce mardi 11 novembre, en battant Tourcoing au tie-break,&hellip;\n","protected":false},"author":2,"featured_media":531006,"comment_status":"","ping_status":"","sticky":false,"template":"","format":"standard","meta":{"footnotes":""},"categories":[1417],"tags":[1011,27,60,1470,1469],"class_list":{"0":"post-531005","1":"post","2":"type-post","3":"status-publish","4":"format-standard","5":"has-post-thumbnail","7":"category-volley","8":"tag-fr","9":"tag-france","10":"tag-sports","11":"tag-volley","12":"tag-volleyball"},"share_on_mastodon":{"url":"https:\/\/pubeurope.com\/@fr\/115541678514453347","error":""},"_links":{"self":[{"href":"https:\/\/www.europesays.com\/fr\/wp-json\/wp\/v2\/posts\/531005","targetHints":{"allow":["GET"]}}],"collection":[{"href":"https:\/\/www.europesays.com\/fr\/wp-json\/wp\/v2\/posts"}],"about":[{"href":"https:\/\/www.europesays.com\/fr\/wp-json\/wp\/v2\/types\/post"}],"author":[{"embeddable":true,"href":"https:\/\/www.europesays.com\/fr\/wp-json\/wp\/v2\/users\/2"}],"replies":[{"embeddable":true,"href":"https:\/\/www.europesays.com\/fr\/wp-json\/wp\/v2\/comments?post=531005"}],"version-history":[{"count":0,"href":"https:\/\/www.europesays.com\/fr\/wp-json\/wp\/v2\/posts\/531005\/revisions"}],"wp:featuredmedia":[{"embeddable":true,"href":"https:\/\/www.europesays.com\/fr\/wp-json\/wp\/v2\/media\/531006"}],"wp:attachment":[{"href":"https:\/\/www.europesays.com\/fr\/wp-json\/wp\/v2\/media?parent=531005"}],"wp:term":[{"taxonomy":"category","embeddable":true,"href":"https:\/\/www.europesays.com\/fr\/wp-json\/wp\/v2\/categories?post=531005"},{"taxonomy":"post_tag","embeddable":true,"href":"https:\/\/www.europesays.com\/fr\/wp-json\/wp\/v2\/tags?post=531005"}],"curies":[{"name":"wp","href":"https:\/\/api.w.org\/{rel}","templated":true}]}}