{"id":531011,"date":"2025-11-13T09:32:14","date_gmt":"2025-11-13T09:32:14","guid":{"rendered":"https:\/\/www.europesays.com\/fr\/531011\/"},"modified":"2025-11-13T09:32:14","modified_gmt":"2025-11-13T09:32:14","slug":"trophee-centre-morbihan-le-programme-2026-actualite","status":"publish","type":"post","link":"https:\/\/www.europesays.com\/fr\/531011\/","title":{"rendered":"Troph\u00e9e Centre Morbihan : Le programme 2026 &#8211; Actualit\u00e9"},"content":{"rendered":"<p>                                                                    <img decoding=\"async\" src=\"https:\/\/www.europesays.com\/fr\/wp-content\/uploads\/2025\/11\/69145ac82bebf.jpg\" height=\"auto\" loading=\"lazy\"\/><br \/>\n                                                                    Cr\u00e9dit photo Les photos de Phil<\/p>\n<p class=\"images-caption\">Cr\u00e9dit photo Les photos de Phil<\/p>\n<p class=\"metadata\">\n            Par<br \/>\n        <strong class=\"text-black\">    <a href=\"https:\/\/www.directvelo.com\/auteur\/2\/nicolas-gachet\" class=\"hover-underline\" rel=\"author noopener\" target=\"_blank\">NICOLAS GACHET<\/a><br \/>\n<\/strong><br \/>\n                    <br \/>Le<br \/>\n    13 novembre 2025, 08:15<\/p>\n<p style=\"text-align: justify;\">La 31e \u00e9dition du Troph\u00e9e Centre Morbihan aura lieu les 31 mai et 1er juin 2026. Trois \u00e9tapes restent au programme de l\u2019\u00e9preuve toujours inscrite au programme de la Coupe des Nations Juniors. Elven accueillera le d\u00e9part et l\u2019arriv\u00e9e de la premi\u00e8re \u00e9tape. Le lendemain, le traditionnel contre-la-montre individuel de sept kilom\u00e8tres entre R\u00e9guiny et Naizin reste au menu. En plus de l\u2019arriv\u00e9e finale, Locmin\u00e9 recevra le d\u00e9part de la derni\u00e8re \u00e9tape.<br \/>Le vainqueur<strong> <a href=\"https:\/\/www.directvelo.com\/epreuve\/45343\/trophee-centre-morbihan-2025\" target=\"_blank\" rel=\"noopener\">succ\u00e9dera au Britannique Max Hinds<\/a>.<\/strong><\/p>\n<p><strong>Le parcours 2026 du Troph\u00e9e Centre Morbihan :<\/strong><br \/>30\/05 &#8211; Et. 1 : Elven &#8211; Elven<br \/>31\/05 &#8211; Et. 2 : Contre-la-montre individuel R\u00e9guiny &#8211; Naizin<br \/>31\/05 &#8211; Et. 3 : Locmin\u00e9 &#8211; Locmin\u00e9<\/p>\n","protected":false},"excerpt":{"rendered":"Cr\u00e9dit photo Les photos de Phil Cr\u00e9dit photo Les photos de Phil Par NICOLAS GACHET Le 13 novembre&hellip;\n","protected":false},"author":2,"featured_media":531012,"comment_status":"","ping_status":"","sticky":false,"template":"","format":"standard","meta":{"footnotes":""},"categories":[1411],"tags":[834,828,836,829,837,827,83,826,824,823,1154,207,814,817,815,816,822,821,832,211,839,1011,27,820,818,819,835,831,830,833,838,60,212,208,825],"class_list":{"0":"post-531011","1":"post","2":"type-post","3":"status-publish","4":"format-standard","5":"has-post-thumbnail","7":"category-cyclisme","8":"tag-attaque","9":"tag-belgique","10":"tag-braquet","11":"tag-bretagne","12":"tag-chute","13":"tag-competition","14":"tag-coupe-de-france","15":"tag-coureur","16":"tag-course-cyclisme","17":"tag-course-cycliste","18":"tag-cycling","19":"tag-cyclisme","20":"tag-direct","21":"tag-direct-velo","22":"tag-directvelo","23":"tag-directvelo-com","24":"tag-epreuve","25":"tag-epreuve-cycliste","26":"tag-federation-francaise-de-cyclisme","27":"tag-ffc","28":"tag-flandres","29":"tag-fr","30":"tag-france","31":"tag-live","32":"tag-live-course","33":"tag-live-epreuve","34":"tag-peloton","35":"tag-radio-peloton","36":"tag-radio-tour","37":"tag-ravitaillement","38":"tag-relance","39":"tag-sports","40":"tag-uci","41":"tag-velo","42":"tag-velos"},"share_on_mastodon":{"url":"https:\/\/pubeurope.com\/@fr\/115541701737076087","error":""},"_links":{"self":[{"href":"https:\/\/www.europesays.com\/fr\/wp-json\/wp\/v2\/posts\/531011","targetHints":{"allow":["GET"]}}],"collection":[{"href":"https:\/\/www.europesays.com\/fr\/wp-json\/wp\/v2\/posts"}],"about":[{"href":"https:\/\/www.europesays.com\/fr\/wp-json\/wp\/v2\/types\/post"}],"author":[{"embeddable":true,"href":"https:\/\/www.europesays.com\/fr\/wp-json\/wp\/v2\/users\/2"}],"replies":[{"embeddable":true,"href":"https:\/\/www.europesays.com\/fr\/wp-json\/wp\/v2\/comments?post=531011"}],"version-history":[{"count":0,"href":"https:\/\/www.europesays.com\/fr\/wp-json\/wp\/v2\/posts\/531011\/revisions"}],"wp:featuredmedia":[{"embeddable":true,"href":"https:\/\/www.europesays.com\/fr\/wp-json\/wp\/v2\/media\/531012"}],"wp:attachment":[{"href":"https:\/\/www.europesays.com\/fr\/wp-json\/wp\/v2\/media?parent=531011"}],"wp:term":[{"taxonomy":"category","embeddable":true,"href":"https:\/\/www.europesays.com\/fr\/wp-json\/wp\/v2\/categories?post=531011"},{"taxonomy":"post_tag","embeddable":true,"href":"https:\/\/www.europesays.com\/fr\/wp-json\/wp\/v2\/tags?post=531011"}],"curies":[{"name":"wp","href":"https:\/\/api.w.org\/{rel}","templated":true}]}}