{"id":531017,"date":"2025-11-13T09:35:16","date_gmt":"2025-11-13T09:35:16","guid":{"rendered":"https:\/\/www.europesays.com\/fr\/531017\/"},"modified":"2025-11-13T09:35:16","modified_gmt":"2025-11-13T09:35:16","slug":"madi-le-van-gogh-des-mureaux-fait-chavirer-la-toile","status":"publish","type":"post","link":"https:\/\/www.europesays.com\/fr\/531017\/","title":{"rendered":"Madi, le \u00ab Van Gogh des Mureaux \u00bb, fait chavirer la toile"},"content":{"rendered":"<p>                    Par<br \/>\n        <strong><br \/>\n            <a href=\"https:\/\/actu.fr\/auteur\/aurelie-duhamel-actu-fr\" title=\"Consulter tous les articles de Aur\u00e9lie Duhamel\" target=\"_blank\" rel=\"noopener\">Aur\u00e9lie Duhamel<\/a><br \/>\n                    <\/strong><\/p>\n<p>        Publi\u00e9 le<\/p>\n<p>            13 nov. 2025 \u00e0 6h16        <\/p>\n<p data-end=\"1115\">Il est de ceux qui peignent comme d\u2019autres \u00e9crivent des vers ou des chansons. R\u00e9sident du quartier des Bosquets aux <a href=\"https:\/\/actu.fr\/ile-de-france\/les-mureaux_78440\" target=\"_blank\" rel=\"noopener\">Mureaux<\/a> (Yvelines), Madi s\u2019inspire de Monet, Renoir et Van Gogh. Port\u00e9 par une \u00e9nergie brute, il fait jaillir sur ses toiles ce qu\u2019il ressent, ce qu\u2019il voit, faisant <b>exploser les couleurs<\/b> comme d\u2019autres claquent des rimes.<br \/>Depuis que l\u2019une de ses vid\u00e9os a atteint <a href=\"https:\/\/www.tiktok.com\/@madi_ytbrr\/photo\/7552290208386157846\" target=\"_blank\" rel=\"noopener\">le million de vues<\/a> sur TikTok, le Muriautin de 23\u00a0ans encha\u00eene les interviews et les plateaux de t\u00e9l\u00e9vision. Il a m\u00eame lanc\u00e9 un <a href=\"https:\/\/madi-ytbr.com\/\" target=\"_blank\" rel=\"noopener\">site Internet<\/a> ce mercredi 12\u00a0novembre 2025. <b>\u00ab\u2009C\u2019est dingue, non\u2009?\u2009\u00bb<\/b>, lance en riant ce jeune homme d\u00e9sarmant de gentillesse, rencontr\u00e9 par 78 actu au pied de sa r\u00e9sidence il y a quelques jours.<\/p>\n<p>Encens\u00e9 par Gims et d\u2019autres rappeurs fran\u00e7ais<\/p>\n<p class=\" wall-content\">Les mains sur la t\u00eate, Madi est encore sonn\u00e9 par sa r\u00e9cente notori\u00e9t\u00e9. Il ignore alors que, quelques jours apr\u00e8s notre rencontre, il sera film\u00e9 aux c\u00f4t\u00e9s du <b>chanteur Gims <\/b>\u00e0 <a href=\"https:\/\/actu.fr\/ile-de-france\/nanterre_92050\" target=\"_blank\" rel=\"noopener\">Nanterre<\/a> (Hauts-de-Seine). L\u2019artiste tournait un clip dans le quartier Pablo-Picasso.<\/p>\n<p class=\" wall-content\">L\u2019interpr\u00e8te de Sap\u00e9s comme jamais dira \u00e0 son sujet\u2009: \u00ab\u2009Je vous jure les gars, c\u2019est du Van Gogh. <b>C\u2019est super beau<\/b>.\u2009\u00bb Madi assure qu\u2019il devrait bient\u00f4t faire la connaissance d\u2019autres rappeurs, potentiellement Rohff, VEN1 et La Mano 1.9\u2009: \u00ab\u2009Je suis super content.\u2009\u00bb<a href=\"https:\/\/www.instagram.com\/reel\/DQ4rkbbkRUN\/?utm_source=ig_embed&amp;utm_campaign=loading\" style=\"color: #c9c8cd; font-family: Arial,sans-serif; font-size: 14px; font-style: normal; font-weight: normal; line-height: 17px; text-decoration: none;\" target=\"_blank\" rel=\"noopener\"><\/p>\n<p class=\" wall-content\"><a href=\"https:\/\/www.instagram.com\/reel\/DQ4rkbbkRUN\/embed\" title=\"Ouvrir le lien sur Instagram\" target=\"_blank\" rel=\"noopener\">Visualiser le contenu sur Instagram<\/a><\/p>\n<p>Une success-story partie des Mureaux<\/p>\n<p class=\" wall-content\">\u00c0 partir de l\u2019\u00e2ge de <b>3\u00a0ans<\/b>, Madi a commenc\u00e9 \u00e0 peindre partout, chez lui et dans la rue. Des centaines de tableaux. C\u2019est \u00e0 l\u2019\u00e9cole \u00e9l\u00e9mentaire Paul-Bert, avec le soutien de ses professeurs, que tout a d\u00e9but\u00e9.<\/p>\n<p class=\" wall-content\">Ce \u00ab\u2009produit des Mureaux\u2009\u00bb a pourtant bien failli ne jamais se faire remarquer. \u00ab\u2009J\u2019ai peint de la maternelle jusqu\u2019au CM\u20092, puis j\u2019ai fait <b>une pause de douze ans<\/b> car je n\u2019avais plus trop d\u2019espoirs. Autour de moi, il n\u2019y avait pas la possibilit\u00e9 de r\u00e9ussir dans l\u2019art\u2009\u00bb, rembobine Madi, qui a repris les pinceaux, l\u2019aquarelle, la peinture \u00e0 huile et les pastels au printemps 2025.<\/p>\n<blockquote class=\"ac-article-quote wall-content\">\n<p>\u00a0 Le 26 mai 2025, j\u2019ai post\u00e9 une vid\u00e9o sur les r\u00e9seaux et \u00e7a a directement pris. Il y a deux mois, des professionnels du milieu de l\u2019art m\u2019ont dit que j\u2019avais du talent et que je pouvais en faire mon m\u00e9tier. J\u2019ai suivi leurs conseils et je me suis am\u00e9lior\u00e9.\u2009\u00bb<\/p>\n<p>Madi, peintre autodidacte<\/p><\/blockquote>\n<p>    <img   decoding=\"async\" loading=\"lazy\" class=\"size-large\" src=\"https:\/\/www.europesays.com\/fr\/wp-content\/uploads\/2025\/11\/1f6875249419653787524941937787v-960x640.jpg\" alt=\"Natif des Mureaux (Yvelines), le jeune Madi, huit ans sur cette photo, peint depuis la maternelle.\" width=\"960\" height=\"640\"\/><br \/>\n    Natif des Mureaux (Yvelines), le jeune Madi peint depuis la maternelle. Sur cette photo, il a 8\u00a0ans. \u00a9Photo transmise \u00e0 78 actu<\/p>\n<p>Votre r\u00e9gion, votre actu !<\/p>\n<p>Recevez chaque jour les infos qui comptent pour vous.<\/p>\n<p>\t<a href=\"https:\/\/actu.fr\/newsletter\" class=\"ac-btn ac-btn--corner ac-btn--medium ac-btn--blue800\" target=\"_blank\" rel=\"noopener\">S&rsquo;incrire<\/a><br \/>\nDes commandes de tableaux par milliers<\/p>\n<p class=\" wall-content\">Son <a href=\"https:\/\/www.instagram.com\/madi_ytbrr\/\" target=\"_blank\" rel=\"noopener\">compte Instagram<\/a> compte aujourd\u2019hui plus de 7\u2009600 <b>followers<\/b> et plus de 21\u2009000 sur TikTok. \u00ab\u2009Devenir artiste en partant d\u2019en bas, c\u2019est possible\u2009?\u2009\u00bb\u2009: Madi n\u2019avait visiblement pas encore la r\u00e9ponse quand il a pos\u00e9 ces mots dans sa bio. Aujourd\u2019hui, c\u2019est une certitude. \u00ab\u2009Bien s\u00fbr qu\u2019on peut y arriver\u2009\u00bb, jure ce salari\u00e9 dans le BTP comme projeteur g\u00e9om\u00e8tre et modeleur 3D.<\/p>\n<p class=\" wall-content\">En parall\u00e8le de sa passion, Madi a suivi un bac STI2D architecture et construction et un BTS travaux publics. D\u00e9sormais, lui qui n\u2019a jamais fait d\u2019\u00e9cole d\u2019art, n\u2019a qu\u2019un r\u00eave\u2009: \u00ab\u2009Je veux vivre pleinement de mon art et mettre mes proches \u00e0 l\u2019abri.\u2009\u00bb Il a d\u00e9j\u00e0 re\u00e7u pr\u00e8s de 1\u2009700 commandes de \u00ab<b>\u2009partout sur Terre<\/b>\u2009\u00bb via ses r\u00e9seaux, auxquelles il n\u2019a pas encore eu le temps de r\u00e9pondre.<\/p>\n<p class=\" wall-content\"><a href=\"https:\/\/www.instagram.com\/reel\/DQzV2vLkYQG\/embed\" title=\"Ouvrir le lien sur Instagram\" target=\"_blank\" rel=\"noopener\">Visualiser le contenu sur Instagram<\/a><\/p>\n<p>\u00ab\u2009L\u2019art a \u00e9t\u00e9 salvateur pour moi\u2009\u00bb<\/p>\n<p class=\" wall-content\">Son surnom de \u00ab\u2009Van Gogh\u2009\u00bb des Mureaux lui fait chaud au c\u0153ur\u2009: \u00ab\u2009Quand on me dit \u00e7a,<b> je suis \u00e9mu<\/b>.\u2009\u00bb A fortiori parce que c\u2019est son \u00ab\u2009artiste pr\u00e9f\u00e9r\u00e9\u2009\u00bb. Solaire, Madi cr\u00e9e avec acuit\u00e9 et \u00e9l\u00e9gance. \u00ab\u2009Je peins des paysages. \u00c7a peut \u00eatre des amis que j\u2019ai c\u00f4toy\u00e9s qui m\u2019ont donn\u00e9 tellement de bonheur que je vais le retranscrire sur une toile, ou des inconnues dans la rue\u2009\u00bb, relate l\u2019attendrissant jeune homme.<\/p>\n<p class=\" wall-content\">La vie n\u2019a pourtant pas toujours \u00e9t\u00e9 facile pour lui. Madi souffre d\u2019une insuffisance surr\u00e9nalienne rare qui touche particuli\u00e8rement l\u2019hormone du stress et lui cause des fatigues chroniques. Toutes les \u00e9motions, comme la joie ou la tristesse, \u00ab<b>\u2009je les ressens de mani\u00e8re d\u00e9cupl\u00e9e<\/b>\u2009\u00bb, confie l\u2019artiste, qui \u00ab\u2009n\u2019a jamais \u00e9t\u00e9 en col\u00e8re de sa vie\u2009\u00bb. Pour lui, l\u2019art a \u00e9t\u00e9 sa planche de salut.<\/p>\n<blockquote class=\"ac-article-quote wall-content\">\n<p>\u00a0 L\u2019art a \u00e9t\u00e9 pour moi une th\u00e9rapie pour m\u2019aider \u00e0 calmer mon c\u00f4t\u00e9 hyperactif ou d\u00e9pressif. C\u2019est l\u2019\u00e9l\u00e9ment parfait pour canaliser ma maladie. Quand je peins, je ressens un apaisement total.\u2009\u00bb<\/p>\n<p>Madi, peintre autodidacte<\/p><\/blockquote>\n<p class=\" wall-content\"><a href=\"https:\/\/www.instagram.com\/p\/DOOjDZ3DIeD\/embed\" title=\"Ouvrir le lien sur Instagram\" target=\"_blank\" rel=\"noopener\">Visualiser le contenu sur Instagram<\/a><\/p>\n<p>Sa famille et ses amis, son \u00ab\u2009noyau dur\u2009\u00bb<\/p>\n<p class=\" wall-content\">Toujours \u00e0 ses c\u00f4t\u00e9s, Issa, 25\u00a0ans, est <b>immens\u00e9ment fier<\/b> de son petit fr\u00e8re. \u00ab\u2009On savait que \u00e7a prendrait, Il a vraiment un truc en plus. Je suis super content pour lui\u2009\u00bb, l\u00e2che celui qui aide Madi \u00e0 devenir autonome. Il veille aussi \u00e0 ce que son fr\u00e8re soit bien entour\u00e9 et conseill\u00e9. Photographe et vid\u00e9aste, son ami Yassine fait aussi partie de son \u00ab\u2009noyau dur\u2009\u00bb. C\u2019est lui qui l\u2019a aid\u00e9 \u00e0 faire sa premi\u00e8re vid\u00e9o TikTok.<\/p>\n<blockquote class=\"ac-article-quote wall-content\">\n<p>\u00a0 La p\u00e9pite, c\u2019est lui, nous, on est dans l\u2019ombre. On esp\u00e8re qu\u2019il va monter encore plus.\u2009\u00bb<\/p>\n<p>Yassine, ami de Madi<\/p><\/blockquote>\n<p>    <img   decoding=\"async\" loading=\"lazy\" class=\"size-large\" src=\"https:\/\/www.europesays.com\/fr\/wp-content\/uploads\/2025\/11\/dcfe014364196e20f01436419c60f0v-960x640.jpg\" alt=\"Madi, le peintre des Mureaux (au centre) entour\u00e9 de son fr\u00e8re (\u00e0 gauche) et de son ami Yassine (\u00e0 droite), ses soutiens depuis toujours.\" width=\"960\" height=\"640\"\/><br \/>\n    Madi (au centre), peintre autodidacte des Mureaux (Yvelines), entour\u00e9 de son fr\u00e8re Issa (\u00e0 gauche) et de son ami Yassine (\u00e0 droite), ses soutiens au quotidien. \u00a9Aur\u00e9lie Duhamel\u00ab\u2009Ma r\u00e9ussite, c\u2019est aussi la r\u00e9ussite des autres\u2009\u00bb<\/p>\n<p class=\" wall-content\">D\u2019origine malienne, le magnanime Madi<b> <\/b>a <b>trois souhaits<\/b>. Le premier, casser l\u2019id\u00e9e re\u00e7ue selon laquelle l\u2019art serait r\u00e9serv\u00e9 \u00e0 une certaine \u00e9lite. \u00ab\u2009Les artistes qui viennent des banlieues peuvent r\u00e9ussir.\u2009\u00bb<\/p>\n<p class=\" wall-content\">Il aimerait \u00e9galement pouvoir cr\u00e9er une structure permettant aux jeunes de s\u2019exprimer librement.<\/p>\n<blockquote class=\"ac-article-quote wall-content\">\n<p>\u00a0 Je veux aider celles et ceux qui n\u2019ont pas eu les bonnes cartes d\u00e8s le d\u00e9but et qui ont un talent que ce soit pour l\u2019art ou le th\u00e9\u00e2tre, pour qu\u2019ils puissent en vivre. \u00c7a serait magnifique.\u2009\u00bb<\/p>\n<p>Madi, peintre autodidacte<\/p><\/blockquote>\n<p class=\" wall-content\">Il veut aussi pouvoir \u00ab\u2009mettre ses proches \u00e0 l\u2019abri\u2009\u00bb. \u00ab\u2009Ma r\u00e9ussite, c\u2019est aussi la r\u00e9ussite des autres\u2009\u00bb, abonde-t-il, heureux de faire la joie de ses parents en produisant les plus belles \u0153uvres possibles. \u00ab\u2009Quand je suis <b>pass\u00e9 sur TF1<\/b>, mon p\u00e8re a sorti le t\u00e9l\u00e9phone pour filmer la t\u00e9l\u00e9, c\u2019\u00e9tait trop bien.\u2009\u00bb<\/p>\n<p>Des \u0153uvres entre 300 \u00e0 4\u2009000\u00a0\u20ac<\/p>\n<p class=\" wall-content\">D\u00e9sormais, Madi va \u00eatre bien occup\u00e9. Plusieurs <b>expositions<\/b> se pr\u00e9parent, comme \u00e0 Paris, \u00e0 Montpellier, en Irlande. \u00ab\u2009On va avoir beaucoup de boulot, mais j\u2019aime \u00e7a\u2009!\u2009\u00bb, sourit Madi, dont les toiles sont toujours en cours d\u2019expertise par une professionnelle.<\/p>\n<p class=\" wall-content\">Des \u0153uvres estim\u00e9es entre <b>300 \u00e0 4\u2009000\u00a0\u20ac<\/b> en fonction des dimensions et du temps de travail. Son prochain d\u00e9fi\u2009? Cr\u00e9er une toile \u00e9volutive qui le repr\u00e9sente de A \u00e0 Z, et qu\u2019il prolongera sur deux ans.<\/p>\n<p class=\" wall-content\">Personnalisez votre actualit\u00e9 en ajoutant vos villes et m\u00e9dias en favori avec <a href=\"https:\/\/moncompte.actu.fr\" title=\"D\u00e9couvez Mon Actu\" rel=\"nofollow noopener\" data-trk=\"{&quot;cta&quot;:{&quot;action&quot;:&quot;https:\\\/\\\/moncompte.actu.fr&quot;,&quot;category&quot;:&quot;mon compte&quot;,&quot;from&quot;:&quot;article footer&quot;,&quot;name&quot;:&quot;Mon actu&quot;,&quot;type&quot;:&quot;cta&quot;}}\" target=\"_blank\">Mon Actu<\/a>.<\/p>\n<p>                    <script async src=\"\/\/www.instagram.com\/embed.js\"><\/script><script async src=\"\/\/www.tiktok.com\/embed.js\"><\/script><\/p>\n","protected":false},"excerpt":{"rendered":"Par Aur\u00e9lie Duhamel Publi\u00e9 le 13 nov. 2025 \u00e0 6h16 Il est de ceux qui peignent comme d\u2019autres&hellip;\n","protected":false},"author":2,"featured_media":531018,"comment_status":"","ping_status":"","sticky":false,"template":"","format":"standard","meta":{"footnotes":""},"categories":[1358],"tags":[1348,1384,1385,1386,58,59,1011,27,1652,9026],"class_list":{"0":"post-531017","1":"post","2":"type-post","3":"status-publish","4":"format-standard","5":"has-post-thumbnail","7":"category-arts-et-design","8":"tag-arts","9":"tag-arts-and-design","10":"tag-arts-et-design","11":"tag-design","12":"tag-divertissement","13":"tag-entertainment","14":"tag-fr","15":"tag-france","16":"tag-loisirs-culture","17":"tag-portrait"},"share_on_mastodon":{"url":"https:\/\/pubeurope.com\/@fr\/115541714078720594","error":""},"_links":{"self":[{"href":"https:\/\/www.europesays.com\/fr\/wp-json\/wp\/v2\/posts\/531017","targetHints":{"allow":["GET"]}}],"collection":[{"href":"https:\/\/www.europesays.com\/fr\/wp-json\/wp\/v2\/posts"}],"about":[{"href":"https:\/\/www.europesays.com\/fr\/wp-json\/wp\/v2\/types\/post"}],"author":[{"embeddable":true,"href":"https:\/\/www.europesays.com\/fr\/wp-json\/wp\/v2\/users\/2"}],"replies":[{"embeddable":true,"href":"https:\/\/www.europesays.com\/fr\/wp-json\/wp\/v2\/comments?post=531017"}],"version-history":[{"count":0,"href":"https:\/\/www.europesays.com\/fr\/wp-json\/wp\/v2\/posts\/531017\/revisions"}],"wp:featuredmedia":[{"embeddable":true,"href":"https:\/\/www.europesays.com\/fr\/wp-json\/wp\/v2\/media\/531018"}],"wp:attachment":[{"href":"https:\/\/www.europesays.com\/fr\/wp-json\/wp\/v2\/media?parent=531017"}],"wp:term":[{"taxonomy":"category","embeddable":true,"href":"https:\/\/www.europesays.com\/fr\/wp-json\/wp\/v2\/categories?post=531017"},{"taxonomy":"post_tag","embeddable":true,"href":"https:\/\/www.europesays.com\/fr\/wp-json\/wp\/v2\/tags?post=531017"}],"curies":[{"name":"wp","href":"https:\/\/api.w.org\/{rel}","templated":true}]}}