{"id":531021,"date":"2025-11-13T09:38:14","date_gmt":"2025-11-13T09:38:14","guid":{"rendered":"https:\/\/www.europesays.com\/fr\/531021\/"},"modified":"2025-11-13T09:38:14","modified_gmt":"2025-11-13T09:38:14","slug":"qui-est-lolita-sechan-sa-fille-derriere-les-classiques-mistral-gagnant-et-morgane-de-toi","status":"publish","type":"post","link":"https:\/\/www.europesays.com\/fr\/531021\/","title":{"rendered":"qui est Lolita S\u00e9chan, sa fille derri\u00e8re les classiques \u00ab\u00a0Mistral gagnant\u00a0\u00bb et \u00ab\u00a0Morgane de toi\u00a0\u00bb ?"},"content":{"rendered":"<p class=\"article-p mdl\">Elle est loin <strong>la petite fille de trois ans<\/strong> en salopette et t-shirt ray\u00e9 rouge dans les bras de son p\u00e8re sur la pochette de l&rsquo;album<a class=\"link\" href=\"https:\/\/www.rtl.fr\/culture\/musique\/renaud-mistral-gagnant-morgane-de-toi-manhattan-kaboul-laquelle-de-ces-12-chansons-est-votre-preferee-7900488229\" target=\"_blank\" rel=\"noopener\"> Morgane de toi<\/a>. En 2025, la femme brune aux cheveux longs, le teint diaphane et des yeux noisette a 45 ans. Tr\u00e8s discr\u00e8te, elle est <strong>m\u00e8re <\/strong>d&rsquo;une adolescente de 14 ans qu&rsquo;elle a eu avec le chanteur Renan Luce.\u00a0<\/p>\n<p class=\"article-p mdl\">Apr\u00e8s avoir \u00e9tudi\u00e9 \u00e0 Montr\u00e9al, elle est devenue <strong>illustratrice <\/strong>pour enfants et auteur de BD, en se tenant toujours le plus loin possible des micros&#8230; mais jamais de son p\u00e8re. Elle est d\u00e9sormais manageuse de ce dernier, une \u00ab\u00a0\u00e9vidence\u00a0\u00bb a-t-elle confi\u00e9 \u00e0 RTL, \u00e0 l&rsquo;occasion d&rsquo;un entretien avec son p\u00e8re pour revenir sur les 50 ans de sa carri\u00e8re.\u00a0<\/p>\n<p class=\"article-p mdl\">\u00ab\u00a0On s&rsquo;est toujours accompagn\u00e9s et j&rsquo;ai, surtout ces dix derni\u00e8res ann\u00e9es, eu besoin d&rsquo;\u00eatre \u00e0 ses c\u00f4t\u00e9s dans<a class=\"link\" href=\"https:\/\/www.rtl.fr\/culture\/medias-people\/renaud-rassure-sur-sa-sante-et-tire-a-boulets-rouges-sur-la-presse-people-7799442618\" target=\"_blank\" rel=\"noopener\"> des parcours de sant\u00e9<\/a>\u00a0plus compliqu\u00e9s (&#8230;) naturellement, j&rsquo;en suis arriv\u00e9e \u00e0 mettre le nez un peu dans son travail, les livres qui \u00e9taient faits sur lui, les bandes dessin\u00e9es (&#8230;)\u00a0 au bout d&rsquo;un moment, <strong>c&rsquo;\u00e9tait un peu \u00e9vident <\/strong>que je devais un peu endosser ce r\u00f4le \u00e0 ses c\u00f4t\u00e9s\u00a0\u00bb a expliqu\u00e9 la m\u00e8re de famille.\u00a0<\/p>\n<blockquote class=\"article-quote\">\n<p class=\"article-quote-text icon icon-quote-v2\">Je pense que pour aider papa, il faut tout un village<\/p>\n<p>Lolita S\u00e9chan<\/p>\n<\/blockquote>\n<p class=\"article-p mdl\">Celle qui avait pour parrain\u00a0<a class=\"link\" href=\"https:\/\/www.rtl.fr\/sujet\/coluche\" target=\"_blank\" rel=\"noopener\">Coluche<\/a>, veille sur son p\u00e8re, sur sa carri\u00e8re, ses int\u00e9r\u00eats. Elle est revenue <strong>pudiquement <\/strong>sur les ann\u00e9es sombres travers\u00e9es par Renaud. Quand celui-ci dit qu&rsquo;elle lui a sauv\u00e9 la vie, elle reprend gentiment celui qu&rsquo;elle a toujours appel\u00e9 Papou. D&rsquo;apr\u00e8s elle, \u00ab\u00a0Je pense qu&rsquo;on \u00e9tait nombreux. Il y a une expression qui dit qu&rsquo;il faut tout un village pour \u00e9lever un enfant. Je pense que pour aider papa, il faut tout un village\u00a0\u00bb. Elle a \u00e9galement ajout\u00e9 que la \u00ab\u00a0force vitale\u00a0\u00bb de son p\u00e8re est qu&rsquo;il \u00ab\u00a0<strong>remonte toujours<\/strong> au bout du compte.\u00a0\u00bb<\/p>\n<p class=\"article-p mdl\">Renaud a chant\u00e9 plusieurs fois son amour pour sa fille dans des \u0153uvres musicales. Selon lui, elle a \u00e9t\u00e9\u00a0le fil conducteur de sa carri\u00e8re. En effet, Lolita a inspir\u00e9 Morgane de toi ainsi que Mistral gagnant.\u00a0<\/p>\n<p class=\"article-p mdl\">Bien que tr\u00e8s fi\u00e8re de ces chansons, ce sont pas forc\u00e9ment celles que Lolita pr\u00e9f\u00e8re. \u00ab\u00a0\u00c9videmment que j&rsquo;aime les chansons po\u00e9tiques, mais moi, j&rsquo;aime Banlieue Rouge, j&rsquo;aime toutes ces chansons qui parlent des zones grises de la soci\u00e9t\u00e9, des d\u00e9munis (&#8230;), j&rsquo;adore O\u00f9 c&rsquo;est qu&rsquo;j&rsquo;ai mis mon flingue\u00a0\u00bb.\u00a0<\/p>\n<p>    La r\u00e9daction vous recommande<\/p>\n<p class=\"s-newsletter__title\">\n                L\u2019actualit\u00e9 par la r\u00e9daction de RTL dans votre bo\u00eete mail.\n            <\/p>\n<p class=\"s-newsletter__subtitle\">\n                Gr\u00e2ce \u00e0 votre compte RTL abonnez-vous \u00e0 la newsletter RTL info pour suivre toute l&rsquo;actualit\u00e9 au quotidien\n            <\/p>\n<p>\n                                    Lire la suite\n                                <\/p>\n","protected":false},"excerpt":{"rendered":"Elle est loin la petite fille de trois ans en salopette et t-shirt ray\u00e9 rouge dans les bras&hellip;\n","protected":false},"author":2,"featured_media":531022,"comment_status":"","ping_status":"","sticky":false,"template":"","format":"standard","meta":{"footnotes":""},"categories":[1355],"tags":[58,59,2414,107,1011,27,1361,873,1628,362],"class_list":{"0":"post-531021","1":"post","2":"type-post","3":"status-publish","4":"format-standard","5":"has-post-thumbnail","7":"category-musique","8":"tag-divertissement","9":"tag-entertainment","10":"tag-fil-culture","11":"tag-fil-info","12":"tag-fr","13":"tag-france","14":"tag-music","15":"tag-musique","16":"tag-renaud","17":"tag-replay"},"share_on_mastodon":{"url":"https:\/\/pubeurope.com\/@fr\/115541724838776969","error":""},"_links":{"self":[{"href":"https:\/\/www.europesays.com\/fr\/wp-json\/wp\/v2\/posts\/531021","targetHints":{"allow":["GET"]}}],"collection":[{"href":"https:\/\/www.europesays.com\/fr\/wp-json\/wp\/v2\/posts"}],"about":[{"href":"https:\/\/www.europesays.com\/fr\/wp-json\/wp\/v2\/types\/post"}],"author":[{"embeddable":true,"href":"https:\/\/www.europesays.com\/fr\/wp-json\/wp\/v2\/users\/2"}],"replies":[{"embeddable":true,"href":"https:\/\/www.europesays.com\/fr\/wp-json\/wp\/v2\/comments?post=531021"}],"version-history":[{"count":0,"href":"https:\/\/www.europesays.com\/fr\/wp-json\/wp\/v2\/posts\/531021\/revisions"}],"wp:featuredmedia":[{"embeddable":true,"href":"https:\/\/www.europesays.com\/fr\/wp-json\/wp\/v2\/media\/531022"}],"wp:attachment":[{"href":"https:\/\/www.europesays.com\/fr\/wp-json\/wp\/v2\/media?parent=531021"}],"wp:term":[{"taxonomy":"category","embeddable":true,"href":"https:\/\/www.europesays.com\/fr\/wp-json\/wp\/v2\/categories?post=531021"},{"taxonomy":"post_tag","embeddable":true,"href":"https:\/\/www.europesays.com\/fr\/wp-json\/wp\/v2\/tags?post=531021"}],"curies":[{"name":"wp","href":"https:\/\/api.w.org\/{rel}","templated":true}]}}