{"id":531052,"date":"2025-11-13T09:56:16","date_gmt":"2025-11-13T09:56:16","guid":{"rendered":"https:\/\/www.europesays.com\/fr\/531052\/"},"modified":"2025-11-13T09:56:16","modified_gmt":"2025-11-13T09:56:16","slug":"des-croix-gammees-sur-les-murs-dune-ecole-trois-mineurs-suspectes","status":"publish","type":"post","link":"https:\/\/www.europesays.com\/fr\/531052\/","title":{"rendered":"des croix gamm\u00e9es sur les murs d&rsquo;une \u00e9cole, trois mineurs suspect\u00e9s"},"content":{"rendered":"<p>\n\u00c0 deux reprises, une \u00e9cole maternelle a \u00e9t\u00e9 vandalis\u00e9e. Trois adolescents ont \u00e9t\u00e9 mis en cause.<\/p>\n<p>\n\u00a9 Photo d\u2019illustration \u2013 Police.<\/p>\n<p><a data-no-instant=\"1\" href=\"https:\/\/nimes-metropole-entreprises.fr\/le-territoire-de-nimes-metropole\/un-reseau-economique-et-collaboratif\/digiweek-de-nimes-metropole\/\" rel=\"noopener\" class=\"a2t-link\" aria-label=\"461-image\" target=\"_blank\"><img decoding=\"async\" loading=\"lazy\" src=\"https:\/\/www.europesays.com\/fr\/wp-content\/uploads\/2025\/11\/461-image.jpeg\" alt=\"\"   width=\"1220\" height=\"260\"\/><\/a><\/p>\n<p>Tout commence durant les vacances estivales. Au mois de juillet dernier, une <strong>\u00e9cole maternelle<\/strong> du secteur Van Gogh \u00e0 <a href=\"https:\/\/infoccitanie.fr\/tag\/montpellier\/\" target=\"_blank\" rel=\"noopener\">Montpellier<\/a> est <strong>vandalis\u00e9e<\/strong> : cl\u00f4ture endommag\u00e9e, portillon d\u00e9grad\u00e9, robinet ext\u00e9rieur arrach\u00e9 et surtout de nombreux tags repr\u00e9sentant des croix gamm\u00e9es. Parmi eux, un arbore une signature. Puis, cela se r\u00e9p\u00e8te au cours du m\u00eame mois de juillet. L\u2019\u00e9tablissement est de nouveau la cible de d\u00e9gradations. Le <strong>pr\u00e9judice<\/strong> total estim\u00e9 \u00e0 <strong>plus de mille euros<\/strong>.<\/p>\n<p>Une <strong>enqu\u00eate<\/strong> est donc diligent\u00e9e afin d\u2019identifier les auteurs des faits. Sur la base de cette signature laiss\u00e9e sur l\u2019un des tags, les enqu\u00eateurs parviennent \u00e0 remonter jusqu\u2019\u00e0 un<strong> jeune homme de 15 ans <\/strong>vivant dans le secteur proche de l\u2019\u00e9cole vandalis\u00e9e.<\/p>\n<p>Il ne connaissait pas la signification des croix gamm\u00e9es<\/p>\n<p>Les investigations suivent leur cours et m\u00e8nent, au d\u00e9but du mois de septembre, \u00e0 l\u2019audition de l\u2019adolescent. Il <strong>avoue sa pr\u00e9sence<\/strong> sur les lieux ainsi que sa <strong>participation \u00e0 certaines d\u00e9gradations<\/strong>, dont les tags en ajoutant n\u00e9anmoins <strong>ne pas conna\u00eetre la signification des croix gamm\u00e9es<\/strong>. Les enqu\u00eateurs, poursuivant leurs recherches, s\u2019int\u00e9ressent \u00e0 <strong>deux autres jeunes<\/strong>. Ces derniers, auditionn\u00e9s par la suite, reconnaissent \u00e9galement implication dans ces actes de d\u00e9gradation.<\/p>\n<p>Apologie publique de crime contre l\u2019humanit\u00e9<\/p>\n<p>Tous les trois \u00e2g\u00e9s de 15 ans, il sont convoqu\u00e9s devant le<strong> juge des enfants le 3 d\u00e9cembre prochain<\/strong> pour destruction et d\u00e9gradation d\u2019un \u00e9tablissement scolaire et apologie publique de crime contre l\u2019humanit\u00e9.<\/p>\n","protected":false},"excerpt":{"rendered":"\u00c0 deux reprises, une \u00e9cole maternelle a \u00e9t\u00e9 vandalis\u00e9e. Trois adolescents ont \u00e9t\u00e9 mis en cause. \u00a9 Photo&hellip;\n","protected":false},"author":2,"featured_media":298078,"comment_status":"","ping_status":"","sticky":false,"template":"","format":"standard","meta":{"footnotes":""},"categories":[9599],"tags":[1111,11,1777,674,1011,27,2208,12,2680,1072,25],"class_list":{"0":"post-531052","1":"post","2":"type-post","3":"status-publish","4":"format-standard","5":"has-post-thumbnail","7":"category-montpellier","8":"tag-actu","9":"tag-actualites","10":"tag-eu","11":"tag-europe","12":"tag-fr","13":"tag-france","14":"tag-montpellier","15":"tag-news","16":"tag-occitanie","17":"tag-police","18":"tag-republique-francaise"},"share_on_mastodon":{"url":"https:\/\/pubeurope.com\/@fr\/115541796186195597","error":""},"_links":{"self":[{"href":"https:\/\/www.europesays.com\/fr\/wp-json\/wp\/v2\/posts\/531052","targetHints":{"allow":["GET"]}}],"collection":[{"href":"https:\/\/www.europesays.com\/fr\/wp-json\/wp\/v2\/posts"}],"about":[{"href":"https:\/\/www.europesays.com\/fr\/wp-json\/wp\/v2\/types\/post"}],"author":[{"embeddable":true,"href":"https:\/\/www.europesays.com\/fr\/wp-json\/wp\/v2\/users\/2"}],"replies":[{"embeddable":true,"href":"https:\/\/www.europesays.com\/fr\/wp-json\/wp\/v2\/comments?post=531052"}],"version-history":[{"count":0,"href":"https:\/\/www.europesays.com\/fr\/wp-json\/wp\/v2\/posts\/531052\/revisions"}],"wp:featuredmedia":[{"embeddable":true,"href":"https:\/\/www.europesays.com\/fr\/wp-json\/wp\/v2\/media\/298078"}],"wp:attachment":[{"href":"https:\/\/www.europesays.com\/fr\/wp-json\/wp\/v2\/media?parent=531052"}],"wp:term":[{"taxonomy":"category","embeddable":true,"href":"https:\/\/www.europesays.com\/fr\/wp-json\/wp\/v2\/categories?post=531052"},{"taxonomy":"post_tag","embeddable":true,"href":"https:\/\/www.europesays.com\/fr\/wp-json\/wp\/v2\/tags?post=531052"}],"curies":[{"name":"wp","href":"https:\/\/api.w.org\/{rel}","templated":true}]}}