{"id":531053,"date":"2025-11-13T09:57:11","date_gmt":"2025-11-13T09:57:11","guid":{"rendered":"https:\/\/www.europesays.com\/fr\/531053\/"},"modified":"2025-11-13T09:57:11","modified_gmt":"2025-11-13T09:57:11","slug":"un-blesse-la-circulation-coupee","status":"publish","type":"post","link":"https:\/\/www.europesays.com\/fr\/531053\/","title":{"rendered":"un bless\u00e9, la circulation coup\u00e9e"},"content":{"rendered":"<p>                    Par<br \/>\n        <strong><br \/>\n            <a href=\"https:\/\/actu.fr\/auteur\/fmass\" title=\"Consulter tous les articles de Fabien Massin\" target=\"_blank\" rel=\"noopener\">Fabien Massin<\/a><br \/>\n                    <\/strong><\/p>\n<p>        Publi\u00e9 le<\/p>\n<p>            13 nov. 2025 \u00e0 9h59        <\/p>\n<p><strong>Un accident de la circulation<\/strong> s\u2019est produit peu apr\u00e8s 8 heures route de Dieppe \u00e0<a href=\"https:\/\/actu.fr\/normandie\/deville-les-rouen_76216\" target=\"_blank\" rel=\"noopener\"> D\u00e9ville-l\u00e8s-Rouen (Seine-Maritime)<\/a>, jeudi 13 novembre 2025, impliquant un Teor.\u00a0<\/p>\n<p>La conductrice d\u00e9sincarc\u00e9r\u00e9e<\/p>\n<p class=\" wall-content\">Une voiture et un bus du <a href=\"https:\/\/actu.fr\/tag\/reseau-astuce-tcar\" target=\"_blank\" rel=\"noopener\">r\u00e9seau Astuce<\/a> sont impliqu\u00e9s dans la collision, informe le Sdis (service d\u00e9partemental d\u2019incendie et de secours) 76. <strong>Les 40 passagers du bus<\/strong> sont sortis du v\u00e9hicule avant l\u2019arriv\u00e9e des secours.\u00a0<\/p>\n<p class=\" wall-content\">Dans la voiture, la conductrice<strong> a \u00e9t\u00e9 d\u00fb \u00eatre d\u00e9sincarc\u00e9r\u00e9e<\/strong> et a \u00e9t\u00e9 conduite \u00e0 l\u2019h\u00f4pital l\u00e9g\u00e8rement bless\u00e9e.\u00a0<\/p>\n<p class=\" wall-content\">Sur place, 13 sapeurs-pompiers et 4 engins ont \u00e9t\u00e9 d\u00e9p\u00each\u00e9s. Pendant la dur\u00e9e des op\u00e9rations,<strong> la circulation a \u00e9t\u00e9 coup\u00e9e dans les deux sens<\/strong>.\u00a0<\/p>\n<p class=\" wall-content\">\n<p>Suivez l\u2019actualit\u00e9 de Rouen sur notre <a href=\"https:\/\/www.whatsapp.com\/channel\/0029VaKfnf99hXF2ddApFB1D\" target=\"_blank\" rel=\"noopener\">cha\u00eene WhatsApp<\/a> et sur notre <a href=\"https:\/\/www.tiktok.com\/@76actu.fr?lang=fr\" target=\"_blank\" rel=\"noopener\">compte TikTok<\/a><\/p>\n<p class=\" wall-content\">Personnalisez votre actualit\u00e9 en ajoutant vos villes et m\u00e9dias en favori avec <a href=\"https:\/\/moncompte.actu.fr\" title=\"D\u00e9couvez Mon Actu\" rel=\"nofollow noopener\" data-trk=\"{&quot;cta&quot;:{&quot;action&quot;:&quot;https:\\\/\\\/moncompte.actu.fr&quot;,&quot;category&quot;:&quot;mon compte&quot;,&quot;from&quot;:&quot;article footer&quot;,&quot;name&quot;:&quot;Mon actu&quot;,&quot;type&quot;:&quot;cta&quot;}}\" target=\"_blank\">Mon Actu<\/a>.<\/p>\n<p>                    <script async src=\"\/\/www.tiktok.com\/embed.js\"><\/script><\/p>\n","protected":false},"excerpt":{"rendered":"Par Fabien Massin Publi\u00e9 le 13 nov. 2025 \u00e0 9h59 Un accident de la circulation s\u2019est produit peu&hellip;\n","protected":false},"author":2,"featured_media":531054,"comment_status":"","ping_status":"","sticky":false,"template":"","format":"standard","meta":{"footnotes":""},"categories":[9587],"tags":[119,1111,11,1777,674,118,1011,27,12,5161,1311,25,9726,9590],"class_list":{"0":"post-531053","1":"post","2":"type-post","3":"status-publish","4":"format-standard","5":"has-post-thumbnail","7":"category-rouen","8":"tag-accident","9":"tag-actu","10":"tag-actualites","11":"tag-eu","12":"tag-europe","13":"tag-faits-divers","14":"tag-fr","15":"tag-france","16":"tag-news","17":"tag-normandie","18":"tag-pompiers","19":"tag-republique-francaise","20":"tag-reseau-astuce-tcar","21":"tag-rouen"},"share_on_mastodon":{"url":"https:\/\/pubeurope.com\/@fr\/115541799431730832","error":""},"_links":{"self":[{"href":"https:\/\/www.europesays.com\/fr\/wp-json\/wp\/v2\/posts\/531053","targetHints":{"allow":["GET"]}}],"collection":[{"href":"https:\/\/www.europesays.com\/fr\/wp-json\/wp\/v2\/posts"}],"about":[{"href":"https:\/\/www.europesays.com\/fr\/wp-json\/wp\/v2\/types\/post"}],"author":[{"embeddable":true,"href":"https:\/\/www.europesays.com\/fr\/wp-json\/wp\/v2\/users\/2"}],"replies":[{"embeddable":true,"href":"https:\/\/www.europesays.com\/fr\/wp-json\/wp\/v2\/comments?post=531053"}],"version-history":[{"count":0,"href":"https:\/\/www.europesays.com\/fr\/wp-json\/wp\/v2\/posts\/531053\/revisions"}],"wp:featuredmedia":[{"embeddable":true,"href":"https:\/\/www.europesays.com\/fr\/wp-json\/wp\/v2\/media\/531054"}],"wp:attachment":[{"href":"https:\/\/www.europesays.com\/fr\/wp-json\/wp\/v2\/media?parent=531053"}],"wp:term":[{"taxonomy":"category","embeddable":true,"href":"https:\/\/www.europesays.com\/fr\/wp-json\/wp\/v2\/categories?post=531053"},{"taxonomy":"post_tag","embeddable":true,"href":"https:\/\/www.europesays.com\/fr\/wp-json\/wp\/v2\/tags?post=531053"}],"curies":[{"name":"wp","href":"https:\/\/api.w.org\/{rel}","templated":true}]}}