{"id":531055,"date":"2025-11-13T09:58:13","date_gmt":"2025-11-13T09:58:13","guid":{"rendered":"https:\/\/www.europesays.com\/fr\/531055\/"},"modified":"2025-11-13T09:58:13","modified_gmt":"2025-11-13T09:58:13","slug":"deville-les-rouen-une-voiture-percute-un-bus-astuce-les-passagers-indemmes","status":"publish","type":"post","link":"https:\/\/www.europesays.com\/fr\/531055\/","title":{"rendered":"D\u00e9ville-l\u00e8s-Rouen\u00a0: une voiture percute un bus Astuce, les passagers indemmes"},"content":{"rendered":"<p>Une voiture et un bus du r\u00e9seau de transports Astuce se sont percut\u00e9s \u00e0 D\u00e9ville-l\u00e8s-Rouen, peu avant 9 heures. Les 40 passagers \u00e0 bord n&rsquo;ont pas \u00e9t\u00e9 bless\u00e9s.\n<\/p>\n<p>Un accident s&rsquo;est produit ce jeudi 13 novembre, \u00e0 D\u00e9ville-l\u00e8s-Rouen, route de Dieppe, peu avant 9 heures\u00a0: <strong>une collision \u00e0 faible vitesse<\/strong>, entre une voiture et un bus du r\u00e9seau de transports en commun de la m\u00e9tropole rouennaise Astuce. \u00c0 bord du bus, se trouvaient 40 passagers. Ils ont tous pu sortir, sains et saufs, avant l&rsquo;arriv\u00e9e des secours.<\/p>\n<p>La conductrice de la voiture l\u00e9g\u00e8rement bless\u00e9e<\/p>\n<p>La conductrice du bus est \u00e9galement indemne. En revanche, la conductrice de la voiture a <strong>d\u00fb \u00eatre d\u00e9sincarc\u00e9r\u00e9e, et emmen\u00e9e \u00e0 l&rsquo;h\u00f4pital<\/strong> pour un bilan compl\u00e9mentaire.<\/p>\n<p><strong>La circulation a \u00e9t\u00e9 coup\u00e9e dans les deux sens.<\/strong> 13 pompiers ont \u00e9t\u00e9 mobilis\u00e9s, ainsi que la police et des agents d&rsquo;Astuce.<\/p>\n","protected":false},"excerpt":{"rendered":"Une voiture et un bus du r\u00e9seau de transports Astuce se sont percut\u00e9s \u00e0 D\u00e9ville-l\u00e8s-Rouen, peu avant 9&hellip;\n","protected":false},"author":2,"featured_media":531056,"comment_status":"","ping_status":"","sticky":false,"template":"","format":"standard","meta":{"footnotes":""},"categories":[9587],"tags":[1111,11,1777,674,1011,27,12,5161,25,9590],"class_list":{"0":"post-531055","1":"post","2":"type-post","3":"status-publish","4":"format-standard","5":"has-post-thumbnail","7":"category-rouen","8":"tag-actu","9":"tag-actualites","10":"tag-eu","11":"tag-europe","12":"tag-fr","13":"tag-france","14":"tag-news","15":"tag-normandie","16":"tag-republique-francaise","17":"tag-rouen"},"share_on_mastodon":{"url":"https:\/\/pubeurope.com\/@fr\/115541803378799238","error":""},"_links":{"self":[{"href":"https:\/\/www.europesays.com\/fr\/wp-json\/wp\/v2\/posts\/531055","targetHints":{"allow":["GET"]}}],"collection":[{"href":"https:\/\/www.europesays.com\/fr\/wp-json\/wp\/v2\/posts"}],"about":[{"href":"https:\/\/www.europesays.com\/fr\/wp-json\/wp\/v2\/types\/post"}],"author":[{"embeddable":true,"href":"https:\/\/www.europesays.com\/fr\/wp-json\/wp\/v2\/users\/2"}],"replies":[{"embeddable":true,"href":"https:\/\/www.europesays.com\/fr\/wp-json\/wp\/v2\/comments?post=531055"}],"version-history":[{"count":0,"href":"https:\/\/www.europesays.com\/fr\/wp-json\/wp\/v2\/posts\/531055\/revisions"}],"wp:featuredmedia":[{"embeddable":true,"href":"https:\/\/www.europesays.com\/fr\/wp-json\/wp\/v2\/media\/531056"}],"wp:attachment":[{"href":"https:\/\/www.europesays.com\/fr\/wp-json\/wp\/v2\/media?parent=531055"}],"wp:term":[{"taxonomy":"category","embeddable":true,"href":"https:\/\/www.europesays.com\/fr\/wp-json\/wp\/v2\/categories?post=531055"},{"taxonomy":"post_tag","embeddable":true,"href":"https:\/\/www.europesays.com\/fr\/wp-json\/wp\/v2\/tags?post=531055"}],"curies":[{"name":"wp","href":"https:\/\/api.w.org\/{rel}","templated":true}]}}