{"id":531058,"date":"2025-11-13T10:00:24","date_gmt":"2025-11-13T10:00:24","guid":{"rendered":"https:\/\/www.europesays.com\/fr\/531058\/"},"modified":"2025-11-13T10:00:24","modified_gmt":"2025-11-13T10:00:24","slug":"grenoble-grosse-intervention-de-police-dans-ce-quartier-coups-de-feu-ce-quil-sest-passe","status":"publish","type":"post","link":"https:\/\/www.europesays.com\/fr\/531058\/","title":{"rendered":"Grenoble. Grosse intervention de police dans ce quartier, coups de feu : ce qu&rsquo;il s&rsquo;est pass\u00e9"},"content":{"rendered":"<p>                    Par<br \/>\n        <strong><br \/>\n            <a href=\"https:\/\/actu.fr\/auteur\/julien-sournies\" title=\"Consulter tous les articles de Julien Sournies\" rel=\"nofollow noopener\" target=\"_blank\">Julien Sournies<\/a><br \/>\n                    <\/strong><\/p>\n<p>        Publi\u00e9 le<\/p>\n<p>            13 nov. 2025 \u00e0 10h37        <\/p>\n<p>Les forces de l\u2019ordre et les sapeurs-pompiers sont intervenus d\u2019urgence dans un bar associatif, situ\u00e9 au 24 rue Claude-Kogan \u00e0 <a href=\"https:\/\/actu.fr\/grenoble\/\" rel=\"nofollow noopener\" target=\"_blank\">Grenoble<\/a> (<a href=\"https:\/\/actu.fr\/auvergne-rhone-alpes\/isere_38\" rel=\"nofollow noopener\" target=\"_blank\">Is\u00e8re<\/a>), apr\u00e8s avoir re\u00e7u de nombreux appels signalant <strong>des coups de feu<\/strong> survenus aux alentours de 20h30 ce mercredi 12\u00a0novembre.<\/p>\n<p class=\" wall-content\">Selon les premiers \u00e9l\u00e9ments recueillis sur les lieux, un t\u00e9moin a pr\u00e9cis\u00e9 avoir vu deux individus en trottinette ouvrir le feu \u00e0 l\u2019aide d\u2019un <strong>revolver<\/strong> sur une personne pr\u00e9sente sur la terrasse, avant de prendre la fuite. Selon nos informations, il s\u2019agit de la terrasse de l\u2019Aksehir, d\u00e9j\u00e0 <a href=\"https:\/\/actu.fr\/auvergne-rhone-alpes\/grenoble_38185\/attaque-a-la-grenade-a-grenoble-le-temoignage-inquietant-des-riverains-on-veut-partir_62247135.html\" rel=\"nofollow noopener\" target=\"_blank\">victime d\u2019une attaque \u00e0 la grenade en f\u00e9vrier dernier<\/a>.<\/p>\n<p>Un homme de 40\u00a0ans bless\u00e9<\/p>\n<p class=\" wall-content\">Sur place, les secours et des <strong>effectifs de CRS<\/strong> ont trouv\u00e9 une victime pr\u00e9sentant une plaie saignante au niveau du pied gauche, informe la Direction interd\u00e9partementale de la police nationale de l\u2019Is\u00e8re.<\/p>\n<p class=\" wall-content\">Prise en charge par les sapeurs-pompiers, la victime, un homme \u00e2g\u00e9 de 40\u00a0ans, a \u00e9t\u00e9 \u00e9vacu\u00e9e en direction du CHU Grenoble Alpes. Apr\u00e8s visite du m\u00e9decin, ce dernier a indiqu\u00e9 que la blessure de la victime<strong> n\u2019a pas \u00e9t\u00e9 caus\u00e9e par une arme \u00e0 feu<\/strong>.<\/p>\n<p>    <a href=\"https:\/\/www.google.com\/maps\/embed?pb=!1m18!1m12!1m3!1d154.40739667478687!2d5.722465214147722!3d45.16323480601535!2m3!1f0!2f0!3f0!3m2!1i1024!2i768!4f13.1!3m3!1m2!1s0x478af4b72888555f%3A0x354753c21fd2b12b!2s24%20Rue%20Claude%20Kogan%2C%2038100%20Grenoble!5e1!3m2!1sfr!2sfr!4v1763026030429!5m2!1sfr!2sfr\" title=\"Ouvrie le lien\" rel=\"nofollow noopener\" target=\"_blank\">Cliquez ici pour visualiser le contenu<\/a><\/p>\n<p class=\" wall-content\">\u00ab\u2009Aucun projectile n\u2019a \u00e9t\u00e9 d\u00e9tect\u00e9 dans la plaie. On ignore encore l\u2019origine exacte de sa blessure\u2009\u00bb, nous souffle une source polici\u00e8re.<\/p>\n<p>Une enqu\u00eate ouverte<\/p>\n<p class=\" wall-content\">\u00c0 proximit\u00e9 de la terrasse du bar, les forces de l\u2019ordre ont toutefois relev\u00e9 un <strong>impact<\/strong> de projectile et une <strong>ogive de munition<\/strong>.<\/p>\n<p>Votre r\u00e9gion, votre actu !<\/p>\n<p>Recevez chaque jour les infos qui comptent pour vous.<\/p>\n<p>\t<a href=\"https:\/\/actu.fr\/newsletter\" class=\"ac-btn ac-btn--corner ac-btn--medium ac-btn--blue800\" rel=\"nofollow noopener\" target=\"_blank\">S&rsquo;incrire<\/a><\/p>\n<p class=\" wall-content\">Une <strong>enqu\u00eate<\/strong> a ainsi \u00e9t\u00e9 ouverte et confi\u00e9e au service local de la police judiciaire (SLPJ) pour tenter de retrouver les deux mis en cause.<\/p>\n<p class=\" wall-content\">Personnalisez votre actualit\u00e9 en ajoutant vos villes et m\u00e9dias en favori avec <a href=\"https:\/\/moncompte.actu.fr\" title=\"D\u00e9couvez Mon Actu\" rel=\"nofollow noopener\" data-trk=\"{&quot;cta&quot;:{&quot;action&quot;:&quot;https:\\\/\\\/moncompte.actu.fr&quot;,&quot;category&quot;:&quot;mon compte&quot;,&quot;from&quot;:&quot;article footer&quot;,&quot;name&quot;:&quot;Mon actu&quot;,&quot;type&quot;:&quot;cta&quot;}}\" target=\"_blank\">Mon Actu<\/a>.<\/p>\n","protected":false},"excerpt":{"rendered":"Par Julien Sournies Publi\u00e9 le 13 nov. 2025 \u00e0 10h37 Les forces de l\u2019ordre et les sapeurs-pompiers sont&hellip;\n","protected":false},"author":2,"featured_media":344831,"comment_status":"","ping_status":"","sticky":false,"template":"","format":"standard","meta":{"footnotes":""},"categories":[9566],"tags":[1111,11,2430,1777,674,118,1011,27,2731,12,1072,1311,25],"class_list":{"0":"post-531058","1":"post","2":"type-post","3":"status-publish","4":"format-standard","5":"has-post-thumbnail","7":"category-grenoble","8":"tag-actu","9":"tag-actualites","10":"tag-auvergne-rhone-alpes","11":"tag-eu","12":"tag-europe","13":"tag-faits-divers","14":"tag-fr","15":"tag-france","16":"tag-grenoble","17":"tag-news","18":"tag-police","19":"tag-pompiers","20":"tag-republique-francaise"},"share_on_mastodon":{"url":"https:\/\/pubeurope.com\/@fr\/115541811100901516","error":""},"_links":{"self":[{"href":"https:\/\/www.europesays.com\/fr\/wp-json\/wp\/v2\/posts\/531058","targetHints":{"allow":["GET"]}}],"collection":[{"href":"https:\/\/www.europesays.com\/fr\/wp-json\/wp\/v2\/posts"}],"about":[{"href":"https:\/\/www.europesays.com\/fr\/wp-json\/wp\/v2\/types\/post"}],"author":[{"embeddable":true,"href":"https:\/\/www.europesays.com\/fr\/wp-json\/wp\/v2\/users\/2"}],"replies":[{"embeddable":true,"href":"https:\/\/www.europesays.com\/fr\/wp-json\/wp\/v2\/comments?post=531058"}],"version-history":[{"count":0,"href":"https:\/\/www.europesays.com\/fr\/wp-json\/wp\/v2\/posts\/531058\/revisions"}],"wp:featuredmedia":[{"embeddable":true,"href":"https:\/\/www.europesays.com\/fr\/wp-json\/wp\/v2\/media\/344831"}],"wp:attachment":[{"href":"https:\/\/www.europesays.com\/fr\/wp-json\/wp\/v2\/media?parent=531058"}],"wp:term":[{"taxonomy":"category","embeddable":true,"href":"https:\/\/www.europesays.com\/fr\/wp-json\/wp\/v2\/categories?post=531058"},{"taxonomy":"post_tag","embeddable":true,"href":"https:\/\/www.europesays.com\/fr\/wp-json\/wp\/v2\/tags?post=531058"}],"curies":[{"name":"wp","href":"https:\/\/api.w.org\/{rel}","templated":true}]}}