{"id":531059,"date":"2025-11-13T10:02:37","date_gmt":"2025-11-13T10:02:37","guid":{"rendered":"https:\/\/www.europesays.com\/fr\/531059\/"},"modified":"2025-11-13T10:02:37","modified_gmt":"2025-11-13T10:02:37","slug":"noel-se-prepare-a-rennes-grace-aux-services-de-la-ville","status":"publish","type":"post","link":"https:\/\/www.europesays.com\/fr\/531059\/","title":{"rendered":"No\u00ebl se pr\u00e9pare \u00e0 Rennes, gr\u00e2ce aux services de la ville"},"content":{"rendered":"<p class=\"block date\" id=\"dateEtAuteur\">Publi\u00e9 : 12 novembre 2025 \u00e0 11h15 &#8211; Modifi\u00e9 : 12 novembre 2025 \u00e0 11h25 No\u00eblline  GARON <\/p>\n<p><img decoding=\"async\" class=\"\" style=\"width:100%\" src=\"https:\/\/www.europesays.com\/fr\/wp-content\/uploads\/2025\/11\/D_co_No_l_Rennes_21762938193131.jpeg\" alt=\"Les illuminations de No\u00ebl dans l'entrep\u00f4t de Rennes m\u00e9tropole\"\/><\/p>\n<p>Les illuminations de No\u00ebl dans l&rsquo;entrep\u00f4t de Rennes m\u00e9tropole<\/p>\n<p>Cr\u00e9dit : No\u00eblline Garon<\/p>\n<p>Le montage des d\u00e9corations de No\u00ebl est en cours \u00e0 Rennes. Il faut dire qu&rsquo;il faut deux mois pour accrocher toutes ces illuminations. Hormis pour le montage, qui se fait avec une entreprise externe, ce sont les agents de la m\u00e9tropole qui pr\u00e9parent les nombreux d\u00e9cors.  <\/p>\n<p><strong>L\u2019installation des illuminations de No\u00ebl se poursuit \u00e0 Rennes. <\/strong>Et pour cause, il faut deux mois pour accrocher ces dix kilom\u00e8tres de guirlandes et autres d\u00e9cors. C\u2019est d\u2019ailleurs au sein des services municipaux, en r\u00e9gie, que les festivit\u00e9s de No\u00ebl se pr\u00e9parent, essentiellement au sein de la branche \u00e9clairage public.<\/p>\n<p>\u00a0<\/p>\n<blockquote><p>\n\u00ab\u00a0On est tr\u00e8s fier d&rsquo;avoir une forge, par exemple, ou une sellerie en interne\u00a0\u00bb\n<\/p><\/blockquote>\n<p>\u00a0<\/p>\n<p>Pourquoi ce choix ? \u00ab\u00a0Pour des raisons de co\u00fbt et de diversification de l&rsquo;activit\u00e9 et du travail pour ces agents&#8230; et puis je crois que globalement, les crises successives qu&rsquo;on conna\u00eet sur notre territoire, comme \u00e0 l&rsquo;\u00e9chelle europ\u00e9enne et mondiale, comme le Covid ou les crises \u00e9nerg\u00e9tiques, ont fait qu&rsquo;on milite pour garder ce savoir-faire en interne. On est tr\u00e8s fier d&rsquo;avoir une forge, par exemple, ou une sellerie en interne. <strong>Ce sont des agents qui travaillent justement pour faire en sorte que le service public soit toujours au rendez-vous des besoins, sans avoir tout simplement \u00e0 d\u00e9pendre d&rsquo;entreprises ext\u00e9rieures, voire de soci\u00e9t\u00e9s qui sont \u00e0 l&rsquo;\u00e9tranger<\/strong>\u00ab\u00a0, argumente S\u00e9bastien S\u00e9meril, adjoint \u00e0 la communication de la ville de Rennes.<\/p>\n<p>S\u00e9bastien S\u00e9merilS\u00e9bastien S\u00e9meril<\/p>\n<p>Cr\u00e9dit : No\u00eblline Garon<\/p>\n<p>Cela fait maintenant quelques ann\u00e9es que ces illuminations sont \u00e9clair\u00e9es avec des ampoules LED, plus \u00e9conomes. Autre symbole de No\u00ebl, le sapin. \u00ab\u00a0On a r\u00e9duit sensiblement le nombre de sapins : on<strong> en a un (sapin) g\u00e9ant place du Parlement, qui est en fili\u00e8re courte mais nous ne voulons pas opposer les choses.<\/strong><\/p>\n<p>\u00a0<\/p>\n<p><strong><img loading=\"lazy\" decoding=\"async\" style=\"display: block; margin-left: auto; margin-right: auto;\" src=\"https:\/\/www.europesays.com\/fr\/wp-content\/uploads\/2025\/11\/TTiXYXLFPE.jpeg\" alt=\"\" width=\"600\" height=\"450\"\/><\/strong><\/p>\n<p>\u00a0<\/p>\n<blockquote><p>\nDes ampoules LED et moins de sapins\n<\/p><\/blockquote>\n<p>\u00a0<\/p>\n<p>Je crois qu&rsquo;on a besoin de parenth\u00e8ses, de bulles et d&rsquo;avoir ce type de moment o\u00f9 le sapin fait partie de l&rsquo;imaginaire de No\u00ebl. Et nous souhaitons maintenir \u00e7a, tout en limitant encore une fois le volume, parce que c&rsquo;est vrai qu&rsquo;il y a quelques ann\u00e9es, nous en avions diss\u00e9min\u00e9 un peu partout dans les quartiers. Et aujourd&rsquo;hui, on a un parti pris qui est plut\u00f4t int\u00e9ressant et appr\u00e9ci\u00e9 par la population, de mettre finalement des illuminations dans des arbres existants&#8230; sans les ab\u00eemer. Cela permet aussi de cr\u00e9er sur des places dans les quartiers des moments sympathiques sans avoir \u00e0 amener un arbre d\u00e9racin\u00e9\u00a0\u00bb, poursuit S\u00e9bastien S\u00e9meril.\u00a0<\/p>\n<p>S\u00e9bastien S\u00e9merilS\u00e9bastien S\u00e9meril <\/p>\n<blockquote><p>\n<strong>Des festivit\u00e9s du 29 novembre 2025 au 4 janvier 2026<\/strong>\n<\/p><\/blockquote>\n<p>\u00a0<\/p>\n<p><img loading=\"lazy\" decoding=\"async\" style=\"display: block; margin-left: auto; margin-right: auto;\" src=\"https:\/\/www.europesays.com\/fr\/wp-content\/uploads\/2025\/11\/0VrRKvWYU9.jpeg\" alt=\"\" width=\"600\" height=\"450\"\/><\/p>\n<p>\u00a0<\/p>\n<p><strong>A l&rsquo;issue des festivit\u00e9s, qui se tiendront du 29 novembre au 4 janvier, le sapin rejoindra le service des espaces verts de la ville.<\/strong><\/p>\n<p>Les commerces pourront ouvrir les dimanches 30 novembre, 14 et 21 d\u00e9cembre.<\/p>\n<p>Les transports en commun de la m\u00e9tropole rennaise seront aussi gratuits le dimanche 21 d\u00e9cembre.<\/p>\n","protected":false},"excerpt":{"rendered":"Publi\u00e9 : 12 novembre 2025 \u00e0 11h15 &#8211; Modifi\u00e9 : 12 novembre 2025 \u00e0 11h25 No\u00eblline GARON Les&hellip;\n","protected":false},"author":2,"featured_media":531060,"comment_status":"","ping_status":"","sticky":false,"template":"","format":"standard","meta":{"footnotes":""},"categories":[2821],"tags":[1111,11,829,65068,65072,1777,674,1011,27,65071,848,65066,12,65065,584,65067,25,65070,65069],"class_list":{"0":"post-531059","1":"post","2":"type-post","3":"status-publish","4":"format-standard","5":"has-post-thumbnail","7":"category-rennes","8":"tag-actu","9":"tag-actualites","10":"tag-bretagne","11":"tag-cet-hiver-a-rennes","12":"tag-decorations-noel","13":"tag-eu","14":"tag-europe","15":"tag-fr","16":"tag-france","17":"tag-guirlandes-de-noel","18":"tag-ille-et-vilaine","19":"tag-illuminations-noel-rennes","20":"tag-news","21":"tag-noel-rennes","22":"tag-rennes","23":"tag-rennes-metroole","24":"tag-republique-francaise","25":"tag-sapin-de-noel","26":"tag-sebastien-semeril"},"share_on_mastodon":{"url":"https:\/\/pubeurope.com\/@fr\/115541819847375486","error":""},"_links":{"self":[{"href":"https:\/\/www.europesays.com\/fr\/wp-json\/wp\/v2\/posts\/531059","targetHints":{"allow":["GET"]}}],"collection":[{"href":"https:\/\/www.europesays.com\/fr\/wp-json\/wp\/v2\/posts"}],"about":[{"href":"https:\/\/www.europesays.com\/fr\/wp-json\/wp\/v2\/types\/post"}],"author":[{"embeddable":true,"href":"https:\/\/www.europesays.com\/fr\/wp-json\/wp\/v2\/users\/2"}],"replies":[{"embeddable":true,"href":"https:\/\/www.europesays.com\/fr\/wp-json\/wp\/v2\/comments?post=531059"}],"version-history":[{"count":0,"href":"https:\/\/www.europesays.com\/fr\/wp-json\/wp\/v2\/posts\/531059\/revisions"}],"wp:featuredmedia":[{"embeddable":true,"href":"https:\/\/www.europesays.com\/fr\/wp-json\/wp\/v2\/media\/531060"}],"wp:attachment":[{"href":"https:\/\/www.europesays.com\/fr\/wp-json\/wp\/v2\/media?parent=531059"}],"wp:term":[{"taxonomy":"category","embeddable":true,"href":"https:\/\/www.europesays.com\/fr\/wp-json\/wp\/v2\/categories?post=531059"},{"taxonomy":"post_tag","embeddable":true,"href":"https:\/\/www.europesays.com\/fr\/wp-json\/wp\/v2\/tags?post=531059"}],"curies":[{"name":"wp","href":"https:\/\/api.w.org\/{rel}","templated":true}]}}