{"id":531083,"date":"2025-11-13T10:16:16","date_gmt":"2025-11-13T10:16:16","guid":{"rendered":"https:\/\/www.europesays.com\/fr\/531083\/"},"modified":"2025-11-13T10:16:16","modified_gmt":"2025-11-13T10:16:16","slug":"distributeur-braque-a-roubaix-au-moins-cinq-personnes-interpellees-le-sac-vole-etait-rempli-de-sacs-vides","status":"publish","type":"post","link":"https:\/\/www.europesays.com\/fr\/531083\/","title":{"rendered":"Distributeur braqu\u00e9 \u00e0 Roubaix\u00a0: au moins cinq personnes interpell\u00e9es, le sac vol\u00e9 \u00e9tait rempli\u2026 de sacs vides"},"content":{"rendered":"<p class=\"paragraph text_align_left lp-f-body-02\">Le sac d\u00e9rob\u00e9 \u00e9tait rempli\u2026 de sacs vides. Au moins cinq individus recherch\u00e9s pour avoir fait <a href=\"https:\/\/www.leparisien.fr\/faits-divers\/roubaix-un-distributeur-automatique-de-billets-braque-a-lexplosif-quatre-individus-en-fuite-12-11-2025-BXB47LJISZCCLNDBJF62BAOCKI.php\" target=\"_self\" rel=\"nofollow noopener\">exploser un distributeur automatique de billets ce mercredi \u00e0 Roubaix<\/a> (Nord) ont \u00e9t\u00e9 interpell\u00e9s. D\u00e9j\u00e0 connus des services de police, ils ont \u00e9t\u00e9 arr\u00eat\u00e9s par la Brigade de recherche et d\u2019intervention (BRI) de Lille et par la brigade de r\u00e9pression du banditisme (BRB). La BRI de Lille se penchait sur le cas de ce groupe criminel multicartes depuis plusieurs mois.<\/p>\n<p class=\"paragraph text_align_left lp-f-body-02\">Des perquisitions ont eu lieu : une dizaine de d\u00e9tonateurs, un cadre utiliser pour faire exploser les distributeurs, de l\u2019explosif, des kalachnikovs et beaucoup de munitions ont \u00e9t\u00e9 retrouv\u00e9s.<\/p>\n<p class=\"paragraph text_align_left lp-f-body-02\">D\u2019apr\u00e8s nos informations, les braqueurs ont emport\u00e9 avec eux par erreur un sac dans lequel ne se trouvait pas de billets, mais d\u2019autres sacs vides. Selon une source proche de l\u2019enqu\u00eate, les individus ont mis trop d\u2019explosifs et n\u2019ont pas pu acc\u00e9der au distributeur automatique de billets.<\/p>\n<p>Pas de bless\u00e9<\/p>\n<p class=\"paragraph text_align_left lp-f-body-02\">Le coffre servant \u00e0 alimenter des distributeurs automatiques en billets avait \u00e9t\u00e9 braqu\u00e9 \u00e0 l\u2019explosif mercredi matin au niveau de la fa\u00e7ade du principal bureau de poste de la ville, sans faire de bless\u00e9, mais en causant d\u2019importants d\u00e9g\u00e2ts sur la fa\u00e7ade du b\u00e2timent.<\/p>\n<p class=\"lp-card-podcast-highlighting__title  lp-f-subtitle-05\">[4\/4] L\u2019assassinat du PDG de Renault\u00a0: la sanglante \u00e9pop\u00e9e du groupe Action directe<\/p>\n<p class=\"lp-card-podcast-highlighting__description lp-f-ui-05\">Crime story raconte chaque semaine les grandes affaires criminelles.<\/p>\n<p><a class=\"lp-card-podcast-highlighting__call-to-action\" data-page-type=\"HP\" data-block-name=\"podcast-highlight\">\u00c9couter<\/a><\/p>\n<p class=\"paragraph text_align_left lp-f-body-02\">Le bureau de poste n\u2019\u00e9tait pas encore ouvert au moment des faits, et une cellule psychologique avait \u00e9t\u00e9 mise en place pour le personnel, pr\u00e9sent \u00e0 l\u2019int\u00e9rieur.<\/p>\n<p class=\"paragraph text_align_left lp-f-body-02\">Une enqu\u00eate avait \u00e9t\u00e9 ouverte par le parquet de la juridiction interr\u00e9gionale sp\u00e9cialis\u00e9e (Jirs) pour \u00ab vol en bande organis\u00e9e, association de malfaiteurs en vue de la pr\u00e9paration d\u2019un crime et destruction de biens par moyens explosifs en bande organis\u00e9e \u00bb, selon le parquet de Lille.<\/p>\n","protected":false},"excerpt":{"rendered":"Le sac d\u00e9rob\u00e9 \u00e9tait rempli\u2026 de sacs vides. Au moins cinq individus recherch\u00e9s pour avoir fait exploser un&hellip;\n","protected":false},"author":2,"featured_media":151261,"comment_status":"","ping_status":"","sticky":false,"template":"","format":"standard","meta":{"footnotes":""},"categories":[2815],"tags":[1111,11,459,1777,674,118,1011,27,811,1307,12,25],"class_list":{"0":"post-531083","1":"post","2":"type-post","3":"status-publish","4":"format-standard","5":"has-post-thumbnail","7":"category-lille","8":"tag-actu","9":"tag-actualites","10":"tag-departements-horsidfo","11":"tag-eu","12":"tag-europe","13":"tag-faits-divers","14":"tag-fr","15":"tag-france","16":"tag-hauts-de-france","17":"tag-lille","18":"tag-news","19":"tag-republique-francaise"},"share_on_mastodon":{"url":"https:\/\/pubeurope.com\/@fr\/115541874218304699","error":""},"_links":{"self":[{"href":"https:\/\/www.europesays.com\/fr\/wp-json\/wp\/v2\/posts\/531083","targetHints":{"allow":["GET"]}}],"collection":[{"href":"https:\/\/www.europesays.com\/fr\/wp-json\/wp\/v2\/posts"}],"about":[{"href":"https:\/\/www.europesays.com\/fr\/wp-json\/wp\/v2\/types\/post"}],"author":[{"embeddable":true,"href":"https:\/\/www.europesays.com\/fr\/wp-json\/wp\/v2\/users\/2"}],"replies":[{"embeddable":true,"href":"https:\/\/www.europesays.com\/fr\/wp-json\/wp\/v2\/comments?post=531083"}],"version-history":[{"count":0,"href":"https:\/\/www.europesays.com\/fr\/wp-json\/wp\/v2\/posts\/531083\/revisions"}],"wp:featuredmedia":[{"embeddable":true,"href":"https:\/\/www.europesays.com\/fr\/wp-json\/wp\/v2\/media\/151261"}],"wp:attachment":[{"href":"https:\/\/www.europesays.com\/fr\/wp-json\/wp\/v2\/media?parent=531083"}],"wp:term":[{"taxonomy":"category","embeddable":true,"href":"https:\/\/www.europesays.com\/fr\/wp-json\/wp\/v2\/categories?post=531083"},{"taxonomy":"post_tag","embeddable":true,"href":"https:\/\/www.europesays.com\/fr\/wp-json\/wp\/v2\/tags?post=531083"}],"curies":[{"name":"wp","href":"https:\/\/api.w.org\/{rel}","templated":true}]}}