{"id":531086,"date":"2025-11-13T10:18:11","date_gmt":"2025-11-13T10:18:11","guid":{"rendered":"https:\/\/www.europesays.com\/fr\/531086\/"},"modified":"2025-11-13T10:18:11","modified_gmt":"2025-11-13T10:18:11","slug":"de-nombreuses-tesla-sembrasent-dans-cette-concession-pres-de-marseille","status":"publish","type":"post","link":"https:\/\/www.europesays.com\/fr\/531086\/","title":{"rendered":"de nombreuses Tesla s&#8217;embrasent dans cette concession pr\u00e8s de Marseille"},"content":{"rendered":"<p>                    Par<br \/>\n        <strong><br \/>\n            <a href=\"https:\/\/actu.fr\/auteur\/fabien-binacchi\" title=\"Consulter tous les articles de Fabien Binacchi\" target=\"_blank\" rel=\"noopener\">Fabien Binacchi<\/a><br \/>\n                    <\/strong><\/p>\n<p>        Publi\u00e9 le<\/p>\n<p>            13 nov. 2025 \u00e0 11h04        <\/p>\n<p>L\u2019incendie s\u2019est d\u00e9clar\u00e9 en pleine nuit. Ce jeudi 13 novembre 2025, vers 3\u2009h du matin, les pompiers des <a href=\"https:\/\/actu.fr\/provence-alpes-cote-d-azur\/bouches-du-rhone_13\" target=\"_blank\" rel=\"noopener\">Bouches-du-Rh\u00f4ne<\/a> sont intervenus en nombre sur le parking d\u2019<strong>une concession Tesla<\/strong> des <a href=\"https:\/\/actu.fr\/provence-alpes-cote-d-azur\/les-pennes-mirabeau_13071\" target=\"_blank\" rel=\"noopener\">Pennes-Mirabeau,<\/a> pr\u00e8s de <a href=\"https:\/\/actu.fr\/marseille\/\" target=\"_blank\" rel=\"noopener\">Marseille,<\/a> o\u00f9 des v\u00e9hicules \u00e9lectriques de la marque ont pris feu.<\/p>\n<p>24 voitures parties en fum\u00e9e<\/p>\n<p class=\" wall-content\">Au total, ce sont 24 voitures de la marque qui sont parties en fum\u00e9e, selon le bilan des secours. Aucune victime n\u2019est \u00e0 d\u00e9plorer.<\/p>\n<p class=\" wall-content\">L\u2019intervention des pompiers a \u00e9galement permis de <strong>pr\u00e9server le b\u00e2timent attenant et 50 autres voitures \u00e0 proximit\u00e9,<\/strong> indiquent-ils.<\/p>\n<p class=\" wall-content\">Sur Facebook, un habitant de Marseille a publi\u00e9 une vid\u00e9o de l\u2019incendie.<\/p>\n<p>    <a href=\"https:\/\/www.facebook.com\/plugins\/video.php?height=476&amp;href=https%3A%2F%2Fwww.facebook.com%2Freel%2F858696027098297%2F&amp;show_text=false&amp;width=350&amp;t=0\" title=\"Ouvrie le lien\" target=\"_blank\" rel=\"noopener\">Cliquez ici pour visualiser le contenu<\/a><\/p>\n<p>50 pompiers mobilis\u00e9s<\/p>\n<p class=\" wall-content\">Les pompiers ont d\u00e9ploy\u00e9 un dispositif impressionnant pour venir \u00e0 bout des flammes. 50 soldats du feu ont \u00e9t\u00e9 mobilis\u00e9s une bonne partie de la nuit.<\/p>\n<p class=\" wall-content\">L\u2019intervention s\u2019est termin\u00e9e <strong>vers 6h30 du matin.<\/strong><\/p>\n<p>Votre r\u00e9gion, votre actu !<\/p>\n<p>Recevez chaque jour les infos qui comptent pour vous.<\/p>\n<p>\t<a href=\"https:\/\/actu.fr\/newsletter\" class=\"ac-btn ac-btn--corner ac-btn--medium ac-btn--blue800\" target=\"_blank\" rel=\"noopener\">S&rsquo;incrire<\/a><\/p>\n<p class=\" wall-content\">L\u2019origine du sinistre n\u2019a pas \u00e9t\u00e9 pr\u00e9cis\u00e9 \u00e0 ce stade.<\/p>\n<p class=\" wall-content\">Personnalisez votre actualit\u00e9 en ajoutant vos villes et m\u00e9dias en favori avec <a href=\"https:\/\/moncompte.actu.fr\" title=\"D\u00e9couvez Mon Actu\" rel=\"nofollow noopener\" data-trk=\"{&quot;cta&quot;:{&quot;action&quot;:&quot;https:\\\/\\\/moncompte.actu.fr&quot;,&quot;category&quot;:&quot;mon compte&quot;,&quot;from&quot;:&quot;article footer&quot;,&quot;name&quot;:&quot;Mon actu&quot;,&quot;type&quot;:&quot;cta&quot;}}\" target=\"_blank\">Mon Actu<\/a>.<\/p>\n","protected":false},"excerpt":{"rendered":"Par Fabien Binacchi Publi\u00e9 le 13 nov. 2025 \u00e0 11h04 L\u2019incendie s\u2019est d\u00e9clar\u00e9 en pleine nuit. Ce jeudi&hellip;\n","protected":false},"author":2,"featured_media":531087,"comment_status":"","ping_status":"","sticky":false,"template":"","format":"standard","meta":{"footnotes":""},"categories":[2814],"tags":[1111,11,1777,674,118,1011,27,1310,884,12,1311,882,25],"class_list":{"0":"post-531086","1":"post","2":"type-post","3":"status-publish","4":"format-standard","5":"has-post-thumbnail","7":"category-marseille","8":"tag-actu","9":"tag-actualites","10":"tag-eu","11":"tag-europe","12":"tag-faits-divers","13":"tag-fr","14":"tag-france","15":"tag-incendie","16":"tag-marseille","17":"tag-news","18":"tag-pompiers","19":"tag-provence-alpes-cote-dazur","20":"tag-republique-francaise"},"share_on_mastodon":{"url":"https:\/\/pubeurope.com\/@fr\/115541881984850636","error":""},"_links":{"self":[{"href":"https:\/\/www.europesays.com\/fr\/wp-json\/wp\/v2\/posts\/531086","targetHints":{"allow":["GET"]}}],"collection":[{"href":"https:\/\/www.europesays.com\/fr\/wp-json\/wp\/v2\/posts"}],"about":[{"href":"https:\/\/www.europesays.com\/fr\/wp-json\/wp\/v2\/types\/post"}],"author":[{"embeddable":true,"href":"https:\/\/www.europesays.com\/fr\/wp-json\/wp\/v2\/users\/2"}],"replies":[{"embeddable":true,"href":"https:\/\/www.europesays.com\/fr\/wp-json\/wp\/v2\/comments?post=531086"}],"version-history":[{"count":0,"href":"https:\/\/www.europesays.com\/fr\/wp-json\/wp\/v2\/posts\/531086\/revisions"}],"wp:featuredmedia":[{"embeddable":true,"href":"https:\/\/www.europesays.com\/fr\/wp-json\/wp\/v2\/media\/531087"}],"wp:attachment":[{"href":"https:\/\/www.europesays.com\/fr\/wp-json\/wp\/v2\/media?parent=531086"}],"wp:term":[{"taxonomy":"category","embeddable":true,"href":"https:\/\/www.europesays.com\/fr\/wp-json\/wp\/v2\/categories?post=531086"},{"taxonomy":"post_tag","embeddable":true,"href":"https:\/\/www.europesays.com\/fr\/wp-json\/wp\/v2\/tags?post=531086"}],"curies":[{"name":"wp","href":"https:\/\/api.w.org\/{rel}","templated":true}]}}