{"id":531088,"date":"2025-11-13T10:19:14","date_gmt":"2025-11-13T10:19:14","guid":{"rendered":"https:\/\/www.europesays.com\/fr\/531088\/"},"modified":"2025-11-13T10:19:14","modified_gmt":"2025-11-13T10:19:14","slug":"nora-preziosi-sanctionnee-par-martine-vassal-apres-sa-candidature-aux-municipales-a-marseille","status":"publish","type":"post","link":"https:\/\/www.europesays.com\/fr\/531088\/","title":{"rendered":"Nora Preziosi sanctionn\u00e9e par Martine Vassal apr\u00e8s sa candidature aux municipales \u00e0 Marseille"},"content":{"rendered":"<p>\n    Au lendemain de l\u2019annonce de sa candidature \u00e0 la mairie, l\u2019ancienne directrice du bailleur social 13 Habitat s\u2019est vue retirer sa d\u00e9l\u00e9gation au conseil d\u00e9partemental des Bouches-du-Rh\u00f4ne par Martine Vassal, ainsi que l\u2019acc\u00e8s \u00e0 son bureau.<\/p>\n<p class=\"fig-paragraph\">La sanction n\u2019a pas tard\u00e9 \u00e0 venir. Au lendemain de l\u2019annonce de sa candidature aux municipales contre Martine Vassal \u00e0 Marseille,\u00a0<a href=\"http:\/\/www.lefigaro.fr\/marseille\/marseille-la-justice-rejette-le-recours-de-nora-preziosi-contre-son-eviction-de-13-habitat-20250718\" data-fig-type=\"NewsFlash\" data-gtm-custom-categorie=\"navigation\" data-gtm-custom-action=\"crossclick\" data-gtm-custom-label=\"Contextuel\" data-gtm-event=\"customEventSPE\" data-fig-domain=\"LEFIGARO\" target=\"_blank\" rel=\"noopener\">Nora Preziosi<\/a>\u00a0s\u2019est vue retirer sa d\u00e9l\u00e9gation au conseil d\u00e9partemental des Bouches-du-Rh\u00f4ne o\u00f9 elle avait \u00e9t\u00e9 \u00e9lue aux c\u00f4t\u00e9s de la m\u00eame\u00a0<a href=\"http:\/\/www.lefigaro.fr\/marseille\/municipales-2026-a-marseille-martine-vassal-investie-par-horizons-20251105\" data-fig-type=\"NewsFlash\" data-gtm-custom-categorie=\"navigation\" data-gtm-custom-action=\"crossclick\" data-gtm-custom-label=\"Contextuel\" data-gtm-event=\"customEventSPE\" data-fig-domain=\"LEFIGARO\" target=\"_blank\" rel=\"noopener\">Martine Vassal<\/a>.<\/p>\n<p class=\"fig-paragraph\">Ce mardi, dans une interview \u00e0\u00a0<a href=\"https:\/\/www.laprovence.com\/article\/elections\/1022749052412814\/municipales-2026-a-marseille-nora-preziosi-candidate-en-binome-avec-erwan-davoux-laccusateur-de-martine-vassal\" target=\"_blank\" rel=\"sponsored noopener\" data-gtm-custom-categorie=\"navigation\" data-gtm-custom-action=\"crossclick\" data-gtm-custom-label=\"Contextuel\" data-gtm-event=\"customEventSPE\">La Provence<\/a>, Nora Preziosi a annonc\u00e9 se pr\u00e9senter au c\u00f4t\u00e9 d<a href=\"http:\/\/www.lefigaro.fr\/marseille\/municipales-a-marseille-erwan-davoux-ex-agent-du-departement-et-accusateur-de-vassal-presente-sa-candidature-20251112\" data-fig-type=\"NewsFlash\" data-gtm-custom-categorie=\"navigation\" data-gtm-custom-action=\"crossclick\" data-gtm-custom-label=\"Contextuel\" data-gtm-event=\"customEventSPE\" data-fig-domain=\"LEFIGARO\" target=\"_blank\" rel=\"noopener\">\u2019Erwan Davoux<\/a>, un ancien agent du d\u00e9partement des Bouches-du-Rh\u00f4ne \u00e0 l\u2019initiative d\u2019une plainte contre sa pr\u00e9sidente Martine Vassal. Parall\u00e8lement au retrait mercredi de sa d\u00e9l\u00e9gation de conseill\u00e8re d\u00e9partementale en charge de la politique de la ville, Nora Preziosi a \u00e9galement \u00e9t\u00e9 exclue du groupe de la majorit\u00e9, selon une source au conseil d\u00e9partemental.<\/p>\n<p>                                    <a class=\"fig-a11y-skip a11y-hidden\" href=\"#fig-a11y-skip-main-inarticle\"><br \/>\n        Passer la publicit\u00e9<br \/>\n    <\/a><\/p>\n<p class=\"fig-paragraph\">Dans une vid\u00e9o publi\u00e9e sur ses r\u00e9seaux sociaux mercredi, cette derni\u00e8re se met en sc\u00e8ne en train d\u2019essayer d\u2019ouvrir son bureau du conseil d\u00e9partemental, en vain puisque son badge a \u00e9t\u00e9 d\u00e9sactiv\u00e9. \u00abVoil\u00e0 la vengeance de Martine Vassal\u00bb, s\u2019offusque Nora Preziosi \u00e0 plusieurs reprises.<\/p>\n<p>\u00abM\u00e9thodes violentes\u00bb<\/p>\n<p class=\"fig-paragraph\">\u00abCes m\u00e9thodes violentes apparaissent d\u00e8s lors comme une mesure \u00e0 caract\u00e8re politique, dont la rapidit\u00e9 d\u2019ex\u00e9cution interroge sur le respect du d\u00e9bat d\u00e9mocratique et du pluralisme au sein des institutions locales\u00bb, s\u2019offusquent Nora Preziosi et Erwan Davoux dans un communiqu\u00e9 de presse. Contact\u00e9, l\u2019entourage de Martine Vassal s\u2019est refus\u00e9 \u00e0 tout commentaire.<\/p>\n<p class=\"fig-paragraph\">Nora Preziosi a \u00e9t\u00e9 \u00e9cart\u00e9e en juin de la t\u00eate du bailleur social 13 Habitat apr\u00e8s un rapport cinglant de l\u2019Agence nationale de contr\u00f4le du logement social (Ancols). Fin janvier, Erwan Davoux avait de son c\u00f4t\u00e9 d\u00e9pos\u00e9 un signalement pour \u00abd\u00e9tournement de fonds publics\u00bb, \u00abtrafic d\u2019influence\u00bb et \u00abcorruption passive\u00bb visant Martine Vassal, son directeur de cabinet Marc Jolibois et une conseill\u00e8re d\u00e9partementale Anne Rudisuhli.<\/p>\n<p class=\"fig-paragraph\">Cet ancien charg\u00e9 de mission \u00e0 l\u2019\u00c9lys\u00e9e, pass\u00e9 par la DGSE et la r\u00e9gion \u00cele-de-France, a soulev\u00e9 un article 40 en d\u00e9non\u00e7ant des voyages officiels \u00abdispendieux\u00bb \u00e0 l\u2019\u00e9tranger ou des subventions \u00abclient\u00e9listes\u00bb \u00e0 des associations des communaut\u00e9s juive et arm\u00e9nienne de Marseille, accusations r\u00e9v\u00e9l\u00e9es dans un premier temps par\u00a0<a href=\"https:\/\/www.nouvelobs.com\/justice\/20250821.OBS106902\/marseille-enquete-sur-le-tres-cher-systeme-vassal.html\" target=\"_blank\" rel=\"sponsored noopener\" data-gtm-custom-categorie=\"navigation\" data-gtm-custom-action=\"crossclick\" data-gtm-custom-label=\"Contextuel\" data-gtm-event=\"customEventSPE\">Le Nouvel Obs<\/a> .<\/p>\n","protected":false},"excerpt":{"rendered":"Au lendemain de l\u2019annonce de sa candidature \u00e0 la mairie, l\u2019ancienne directrice du bailleur social 13 Habitat s\u2019est&hellip;\n","protected":false},"author":2,"featured_media":531089,"comment_status":"","ping_status":"","sticky":false,"template":"","format":"standard","meta":{"footnotes":""},"categories":[2814],"tags":[1111,11,1777,674,1011,27,884,21363,3554,12,882,25],"class_list":{"0":"post-531088","1":"post","2":"type-post","3":"status-publish","4":"format-standard","5":"has-post-thumbnail","7":"category-marseille","8":"tag-actu","9":"tag-actualites","10":"tag-eu","11":"tag-europe","12":"tag-fr","13":"tag-france","14":"tag-marseille","15":"tag-martine-vassal","16":"tag-municipales","17":"tag-news","18":"tag-provence-alpes-cote-dazur","19":"tag-republique-francaise"},"share_on_mastodon":{"url":"https:\/\/pubeurope.com\/@fr\/115541885966398205","error":""},"_links":{"self":[{"href":"https:\/\/www.europesays.com\/fr\/wp-json\/wp\/v2\/posts\/531088","targetHints":{"allow":["GET"]}}],"collection":[{"href":"https:\/\/www.europesays.com\/fr\/wp-json\/wp\/v2\/posts"}],"about":[{"href":"https:\/\/www.europesays.com\/fr\/wp-json\/wp\/v2\/types\/post"}],"author":[{"embeddable":true,"href":"https:\/\/www.europesays.com\/fr\/wp-json\/wp\/v2\/users\/2"}],"replies":[{"embeddable":true,"href":"https:\/\/www.europesays.com\/fr\/wp-json\/wp\/v2\/comments?post=531088"}],"version-history":[{"count":0,"href":"https:\/\/www.europesays.com\/fr\/wp-json\/wp\/v2\/posts\/531088\/revisions"}],"wp:featuredmedia":[{"embeddable":true,"href":"https:\/\/www.europesays.com\/fr\/wp-json\/wp\/v2\/media\/531089"}],"wp:attachment":[{"href":"https:\/\/www.europesays.com\/fr\/wp-json\/wp\/v2\/media?parent=531088"}],"wp:term":[{"taxonomy":"category","embeddable":true,"href":"https:\/\/www.europesays.com\/fr\/wp-json\/wp\/v2\/categories?post=531088"},{"taxonomy":"post_tag","embeddable":true,"href":"https:\/\/www.europesays.com\/fr\/wp-json\/wp\/v2\/tags?post=531088"}],"curies":[{"name":"wp","href":"https:\/\/api.w.org\/{rel}","templated":true}]}}