{"id":531096,"date":"2025-11-13T10:24:14","date_gmt":"2025-11-13T10:24:14","guid":{"rendered":"https:\/\/www.europesays.com\/fr\/531096\/"},"modified":"2025-11-13T10:24:14","modified_gmt":"2025-11-13T10:24:14","slug":"une-station-francaise-sacree-meilleure-station-de-ski-du-monde-pour-la-dixieme-fois","status":"publish","type":"post","link":"https:\/\/www.europesays.com\/fr\/531096\/","title":{"rendered":"Une station fran\u00e7aise sacr\u00e9e \u00ab\u00a0meilleure station de ski du monde\u00a0\u00bb pour la dixi\u00e8me fois"},"content":{"rendered":"<p class=\"lp-f-subtitle-01\">La station de ski savoyarde confirme son statut de r\u00e9f\u00e9rence mondiale dans les sports d\u2019hiver, en remportant pour la 10e fois le titre de \u00ab\u00a0meilleure station de ski du monde\u00a0\u00bb aux World Ski Awards.<\/p>\n<p class=\"paragraph text_align_left lp-f-body-02\">Perch\u00e9e \u00e0 2 300 m d\u2019altitude, au c\u0153ur de la vall\u00e9e de la Tarentaise sur la commune de Belleville, en Savoie, Val Thorens s\u00e9duit chaque ann\u00e9e les amateurs de sport d\u2019hiver du monde entier. Preuve en est avec son titre de \u00ab meilleure station de ski du monde \u00bb qu\u2019elle vient de se voir attribuer lors des derniers <a href=\"https:\/\/worldskiawards.com\/news\/article\/217\/world-ski-awards-names-2025s-best-in-ski-tourism\" target=\"_self\" rel=\"nofollow noopener\">World Ski Awards<\/a>.<\/p>\n<p class=\"paragraph text_align_left lp-f-body-02\">Le palmar\u00e8s international, bas\u00e9 sur le vote des internautes, r\u00e9compense notamment la qualit\u00e9 des infrastructures, la modernit\u00e9 des remont\u00e9es m\u00e9caniques et l\u2019emplacement des h\u00e9bergements, au pied des pistes \u00e0 Val Thorens.<\/p>\n<p class=\"paragraph text_align_left lp-f-body-02\">Depuis la cr\u00e9ation des World Ski Awards, en 2013, <a href=\"https:\/\/www.leparisien.fr\/voyage\/val-thorens-reste-la-meilleure-station-de-ski-au-monde-20-11-2017-7403883.php\" target=\"_self\" rel=\"nofollow noopener\">Val Thorens<\/a> a d\u00e9croch\u00e9 la palme d\u2019or \u00e0 dix reprises. Seules deux stations de ski sont parvenues \u00e0 d\u00e9tr\u00f4ner ce domaine de pr\u00e8s de 600 km de pistes reli\u00e9es dans les 3-Vall\u00e9es (Courchevel, M\u00e9ribel\u2026) : celle de Verbier, en Suisse, et celle de Kitzb\u00fchel, en Autriche.<\/p>\n<p>Un \u00ab engagement collectif de toute la station \u00bb<\/p>\n<p class=\"paragraph text_align_left lp-f-body-02\">Cette ann\u00e9e, <a href=\"https:\/\/www.leparisien.fr\/environnement\/verrue-ou-patrimoine-des-tire-fesses-aux-tremplins-le-casse-tete-du-desarmement-des-stations-de-ski-28-12-2024-6MARSG6Z7JEFPFBGTKPX7KCI4E.php\" target=\"_self\" rel=\"nofollow noopener\">la station de ski<\/a> savoyarde, qui ouvrira sa saison le 22 novembre prochain, a fonc\u00e9 tout schuss vers la distinction supr\u00eame, dans un domaine tr\u00e8s concurrentiel \u00e0 l\u2019international. Mais Lake Louise, au Canada, Deer Valley, aux \u00c9tats-Unis ou Grandvalira, \u00e0 Andorre, n\u2019ont pas fait le poids.<\/p>\n<p class=\"paragraph text_align_left lp-f-body-02\">\u00ab Cette distinction r\u00e9compense l\u2019engagement collectif de toute la station, des \u00e9quipes aux partenaires \u00bb, a d\u00e9clar\u00e9 Vincent Lalanne, le directeur de l\u2019office de tourisme de la station du domaine des 3-Vall\u00e9es, dans un communiqu\u00e9.<\/p>\n<p class=\"paragraph text_align_left lp-f-body-02\">Les World Ski Awards ont \u00e9galement mis \u00e0 l\u2019honneur le Pashima, un h\u00f4tel 5 \u00e9toiles de la station, en lui d\u00e9cernant le titre de \u00ab Meilleure boutique h\u00f4tel du monde \u00bb. La compagnie des Alpes, qui g\u00e8re une dizaine de stations dans l\u2019Hexagone, a, elle, re\u00e7ue le titre de \u00ab Meilleur groupe de stations de ski au monde \u00bb en 2025.<\/p>\n","protected":false},"excerpt":{"rendered":"La station de ski savoyarde confirme son statut de r\u00e9f\u00e9rence mondiale dans les sports d\u2019hiver, en remportant pour&hellip;\n","protected":false},"author":2,"featured_media":531097,"comment_status":"","ping_status":"","sticky":false,"template":"","format":"standard","meta":{"footnotes":""},"categories":[1888],"tags":[1111,1928,11,1927,459,1777,674,1011,27,12,1926,626,1925,25,104],"class_list":{"0":"post-531096","1":"post","2":"type-post","3":"status-publish","4":"format-standard","5":"has-post-thumbnail","7":"category-paris","8":"tag-actu","9":"tag-actu-paris","10":"tag-actualites","11":"tag-actualites-paris","12":"tag-departements-horsidfo","13":"tag-eu","14":"tag-europe","15":"tag-fr","16":"tag-france","17":"tag-news","18":"tag-news-paris","19":"tag-paris","20":"tag-paris-news","21":"tag-republique-francaise","22":"tag-societe"},"share_on_mastodon":{"url":"https:\/\/pubeurope.com\/@fr\/115541905497263446","error":""},"_links":{"self":[{"href":"https:\/\/www.europesays.com\/fr\/wp-json\/wp\/v2\/posts\/531096","targetHints":{"allow":["GET"]}}],"collection":[{"href":"https:\/\/www.europesays.com\/fr\/wp-json\/wp\/v2\/posts"}],"about":[{"href":"https:\/\/www.europesays.com\/fr\/wp-json\/wp\/v2\/types\/post"}],"author":[{"embeddable":true,"href":"https:\/\/www.europesays.com\/fr\/wp-json\/wp\/v2\/users\/2"}],"replies":[{"embeddable":true,"href":"https:\/\/www.europesays.com\/fr\/wp-json\/wp\/v2\/comments?post=531096"}],"version-history":[{"count":0,"href":"https:\/\/www.europesays.com\/fr\/wp-json\/wp\/v2\/posts\/531096\/revisions"}],"wp:featuredmedia":[{"embeddable":true,"href":"https:\/\/www.europesays.com\/fr\/wp-json\/wp\/v2\/media\/531097"}],"wp:attachment":[{"href":"https:\/\/www.europesays.com\/fr\/wp-json\/wp\/v2\/media?parent=531096"}],"wp:term":[{"taxonomy":"category","embeddable":true,"href":"https:\/\/www.europesays.com\/fr\/wp-json\/wp\/v2\/categories?post=531096"},{"taxonomy":"post_tag","embeddable":true,"href":"https:\/\/www.europesays.com\/fr\/wp-json\/wp\/v2\/tags?post=531096"}],"curies":[{"name":"wp","href":"https:\/\/api.w.org\/{rel}","templated":true}]}}