{"id":531108,"date":"2025-11-13T10:30:13","date_gmt":"2025-11-13T10:30:13","guid":{"rendered":"https:\/\/www.europesays.com\/fr\/531108\/"},"modified":"2025-11-13T10:30:13","modified_gmt":"2025-11-13T10:30:13","slug":"mondial-u17-haddani-et-le-maroc-face-aux-etats-unis","status":"publish","type":"post","link":"https:\/\/www.europesays.com\/fr\/531108\/","title":{"rendered":"Mondial U17 : Haddani et le Maroc face aux \u00c9tats-Unis"},"content":{"rendered":"<p>\n                Nah\u00ebl Haddani et le Maroc vont d\u00e9fier les \u00c9tats-Unis en 16es de finale de la Coupe du Monde U17 2025 ce vendredi 14 novembre.\n            <\/p>\n<p>Apr\u00e8s les derniers matchs de la phase de groupes, le tableau final de la <a href=\"https:\/\/www.fifa.com\/fr\/home\" target=\"_blank\" rel=\"noopener nofollow\">Coupe du Monde U17<\/a> est connu et c\u2019est un programme tr\u00e8s cors\u00e9 qui attend <a href=\"https:\/\/www.asmonaco.com\/joueurs\/nahel-haddani\/\" target=\"_blank\" rel=\"noopener nofollow\">Nah\u00ebl Haddani<\/a> et le Maroc. Figurant parmi les meilleurs troisi\u00e8mes apr\u00e8s leur victoire historique contre la Nouvelle Cal\u00e9donie, les Lionceaux de l\u2019Atlas vont d\u00e9fier les \u00c9tats-Unis en 16es de finale.<\/p>\n<p>Le match est programm\u00e9 ce vendredi 14 novembre \u00e0 16h45 sur le terrain N\u00b07 de l\u2019Aspire Zone, qui accueille toutes les rencontres de la comp\u00e9tition, hormis la finale qui se jouera au Khalifa International Stadium de Doha le 27 novembre prochain. S\u2019ils veulent l\u2019atteindre, Nah\u00ebl Haddani et ses partenaires devront d\u2019abord se d\u00e9barrasser d\u2019une formation qui a remport\u00e9 tous ses matchs et termin\u00e9 en t\u00eate du Groupe I.<\/p>\n<blockquote class=\"twitter-tweet\" data-width=\"550\" data-dnt=\"true\">\n<p lang=\"und\" dir=\"rtl\">\u0627\u0644\u0645\u0646\u062a\u062e\u0628 \u0627\u0644\u0648\u0637\u0646\u064a \u0644\u0623\u0642\u0644 \u0645\u0646 17 \u0633\u0646\u0629 \u064a\u0648\u0627\u062c\u0647 \u0627\u0644\u0648\u0644\u0627\u064a\u0627\u062a \u0627\u0644\u0645\u062a\u062d\u062f\u0629 \u0641\u064a \u062f\u0648\u0631 \u0627\u0644\u064032 \u0645\u0646 \u0643\u0623\u0633 \u0627\u0644\u0639\u0627\u0644\u0645 \u0642\u0637\u0631 2025\u2122 <\/p>\n<p>\ud83d\udd1c We will play against the United States in the Round of 32 of the FIFA U-17 World Cup Qatar 2025\u2122 \ud83d\udc4a\ud83c\udffb<a href=\"https:\/\/twitter.com\/hashtag\/DimaMaghrib?src=hash&amp;ref_src=twsrc%5Etfw\" rel=\"nofollow noopener\" target=\"_blank\">#DimaMaghrib<\/a> \ud83c\uddf2\ud83c\udde6 <a href=\"https:\/\/t.co\/SamX6Bi0oA\" rel=\"nofollow\">pic.twitter.com\/SamX6Bi0oA<\/a><\/p>\n<p>\u2014 \u00c9quipe du Maroc (@EnMaroc) <a href=\"https:\/\/twitter.com\/EnMaroc\/status\/1988349768280445353?ref_src=twsrc%5Etfw\" rel=\"nofollow noopener\" target=\"_blank\">November 11, 2025<\/a><\/p>\n<\/blockquote>\n<p>Une possible confrontation contre la France en quart de finale<\/p>\n<p>En cas de succ\u00e8s, le Maroc affrontera le vainqueur de la confrontation entre le Mali et la Zambie. Puis en cas de qualification en quart de finale, il est possible que les Marocains retrouvent la France sur leur chemin. Il faudra pour cela que les Bleuets passent l\u2019obstacle de la Colombie en 16es de finale, puis du Br\u00e9sil ou du Paraguay en quart.<\/p>\n<p>Quant aux Tunisiens de Mehdi Tlili, malheureusement forfait pour le reste de la comp\u00e9tition pour cause de blessure, positionn\u00e9s dans l\u2019autre partie du tableau, ils vont se frotter \u00e0 l\u2019Autriche, qui a termin\u00e9 en t\u00eate du Groupe L. En cas de succ\u00e8s les Tunisiens affronteront le vainqueur du 16e de finale opposant l\u2019Angleterre \u00e0 la Cor\u00e9e du Sud.<\/p>\n<p>            <script async src=\"https:\/\/platform.twitter.com\/widgets.js\" charset=\"utf-8\"><\/script><\/p>\n","protected":false},"excerpt":{"rendered":"Nah\u00ebl Haddani et le Maroc vont d\u00e9fier les \u00c9tats-Unis en 16es de finale de la Coupe du Monde&hellip;\n","protected":false},"author":2,"featured_media":531109,"comment_status":"","ping_status":"","sticky":false,"template":"","format":"standard","meta":{"footnotes":""},"categories":[1589],"tags":[11,73,1866,12,1864,1865,1863,308],"class_list":{"0":"post-531108","1":"post","2":"type-post","3":"status-publish","4":"format-standard","5":"has-post-thumbnail","7":"category-etats-unis","8":"tag-actualites","9":"tag-etats-unis","10":"tag-etats-unis-damerique","11":"tag-news","12":"tag-united-states","13":"tag-united-states-of-america","14":"tag-us","15":"tag-usa"},"share_on_mastodon":{"url":"https:\/\/pubeurope.com\/@fr\/115541929155617035","error":""},"_links":{"self":[{"href":"https:\/\/www.europesays.com\/fr\/wp-json\/wp\/v2\/posts\/531108","targetHints":{"allow":["GET"]}}],"collection":[{"href":"https:\/\/www.europesays.com\/fr\/wp-json\/wp\/v2\/posts"}],"about":[{"href":"https:\/\/www.europesays.com\/fr\/wp-json\/wp\/v2\/types\/post"}],"author":[{"embeddable":true,"href":"https:\/\/www.europesays.com\/fr\/wp-json\/wp\/v2\/users\/2"}],"replies":[{"embeddable":true,"href":"https:\/\/www.europesays.com\/fr\/wp-json\/wp\/v2\/comments?post=531108"}],"version-history":[{"count":0,"href":"https:\/\/www.europesays.com\/fr\/wp-json\/wp\/v2\/posts\/531108\/revisions"}],"wp:featuredmedia":[{"embeddable":true,"href":"https:\/\/www.europesays.com\/fr\/wp-json\/wp\/v2\/media\/531109"}],"wp:attachment":[{"href":"https:\/\/www.europesays.com\/fr\/wp-json\/wp\/v2\/media?parent=531108"}],"wp:term":[{"taxonomy":"category","embeddable":true,"href":"https:\/\/www.europesays.com\/fr\/wp-json\/wp\/v2\/categories?post=531108"},{"taxonomy":"post_tag","embeddable":true,"href":"https:\/\/www.europesays.com\/fr\/wp-json\/wp\/v2\/tags?post=531108"}],"curies":[{"name":"wp","href":"https:\/\/api.w.org\/{rel}","templated":true}]}}