{"id":531117,"date":"2025-11-13T10:35:13","date_gmt":"2025-11-13T10:35:13","guid":{"rendered":"https:\/\/www.europesays.com\/fr\/531117\/"},"modified":"2025-11-13T10:35:13","modified_gmt":"2025-11-13T10:35:13","slug":"taxes-sur-les-petits-colis-lue-frappe-fort","status":"publish","type":"post","link":"https:\/\/www.europesays.com\/fr\/531117\/","title":{"rendered":"Taxes sur les petits colis : l\u2019UE frappe fort"},"content":{"rendered":"<p>Les ministres des Finances de l&rsquo;<a class=\"Link\" href=\"https:\/\/www.lepoint.fr\/tags\/union-europeenne\" data-gtm=\"click:capsule\" data-capsule=\"Lien\" rel=\"nofollow noopener\" target=\"_blank\">Union europ\u00e9enne<\/a> franchissent ce\u00a0jeudi un cap d\u00e9cisif dans la bataille contre les \u00ab\u00a0petits colis\u00a0\u00bb chinois. R\u00e9unis en conseil Ecofin \u00e0 Bruxelles, ils vont adopter\u00a0une d\u00e9claration conjointe avec la Commission europ\u00e9enne actant la suppression de l&rsquo;exemption de droits de douane pour les envois de moins de 150\u00a0euros. Cette mesure, initialement pr\u00e9vue pour mi-2028, sera mise en \u0153uvre \u00ab\u00a0d\u00e8s que possible en 2026\u00a0\u00bb, selon les termes de la d\u00e9claration officielle.<\/p>\n<p>Un gain de deux ans qui t\u00e9moigne de l&rsquo;<a class=\"Link\" href=\"https:\/\/www.lepoint.fr\/economie\/serge-papin-le-ministre-de-la-guerre-anti-shein-10-11-2025-2602757_28.php\" title=\"\" data-gtm=\"click:capsule\" data-capsule=\"Lien\" rel=\"nofollow noopener\" target=\"_blank\">urgence ressentie dans les capitales europ\u00e9ennes<\/a> face \u00e0 un ph\u00e9nom\u00e8ne devenu incontr\u00f4lable. Les chiffres donnent le vertige\u00a0: <a class=\"Link\" href=\"https:\/\/www.lepoint.fr\/monde\/l-europe-va-t-elle-etre-submergee-par-les-produits-chinois-10-04-2025-2587036_24.php\" title=\"\" data-gtm=\"click:capsule\" data-capsule=\"Lien\" rel=\"nofollow noopener\" target=\"_blank\">4,6\u00a0milliards de petits colis<\/a> ont \u00e9t\u00e9 command\u00e9s par des consommateurs europ\u00e9ens en 2024, dont plus de 80\u00a0% proviennent de vendeurs chinois. Soit&#8230;<\/p>\n<p>Toute l\u2019actualit\u00e9 \u00e0 1\u20ac le premier mois<\/p>\n<p><a href=\"https:\/\/abo.lepoint.fr\/?provenance=21EDI020098\" class=\"btn\" title=\"S&#039;abonner\" data-gtm=\"click:abo|display:abo\" data-campaign=\"paywall_maison\" rel=\"nofollow noopener\" target=\"_blank\">S&rsquo;abonner<\/a><\/p>\n<p>ou<\/p>\n","protected":false},"excerpt":{"rendered":"Les ministres des Finances de l&rsquo;Union europ\u00e9enne franchissent ce\u00a0jeudi un cap d\u00e9cisif dans la bataille contre les \u00ab\u00a0petits&hellip;\n","protected":false},"author":2,"featured_media":531118,"comment_status":"","ping_status":"","sticky":false,"template":"","format":"standard","meta":{"footnotes":""},"categories":[2],"tags":[11,2160,1011,27,10359,12,25,364],"class_list":{"0":"post-531117","1":"post","2":"type-post","3":"status-publish","4":"format-standard","5":"has-post-thumbnail","7":"category-actualites","8":"tag-actualites","9":"tag-commerce-international","10":"tag-fr","11":"tag-france","12":"tag-maros-sefcovic","13":"tag-news","14":"tag-republique-francaise","15":"tag-union-europeenne"},"share_on_mastodon":{"url":"https:\/\/pubeurope.com\/@fr\/115541948924955782","error":""},"_links":{"self":[{"href":"https:\/\/www.europesays.com\/fr\/wp-json\/wp\/v2\/posts\/531117","targetHints":{"allow":["GET"]}}],"collection":[{"href":"https:\/\/www.europesays.com\/fr\/wp-json\/wp\/v2\/posts"}],"about":[{"href":"https:\/\/www.europesays.com\/fr\/wp-json\/wp\/v2\/types\/post"}],"author":[{"embeddable":true,"href":"https:\/\/www.europesays.com\/fr\/wp-json\/wp\/v2\/users\/2"}],"replies":[{"embeddable":true,"href":"https:\/\/www.europesays.com\/fr\/wp-json\/wp\/v2\/comments?post=531117"}],"version-history":[{"count":0,"href":"https:\/\/www.europesays.com\/fr\/wp-json\/wp\/v2\/posts\/531117\/revisions"}],"wp:featuredmedia":[{"embeddable":true,"href":"https:\/\/www.europesays.com\/fr\/wp-json\/wp\/v2\/media\/531118"}],"wp:attachment":[{"href":"https:\/\/www.europesays.com\/fr\/wp-json\/wp\/v2\/media?parent=531117"}],"wp:term":[{"taxonomy":"category","embeddable":true,"href":"https:\/\/www.europesays.com\/fr\/wp-json\/wp\/v2\/categories?post=531117"},{"taxonomy":"post_tag","embeddable":true,"href":"https:\/\/www.europesays.com\/fr\/wp-json\/wp\/v2\/tags?post=531117"}],"curies":[{"name":"wp","href":"https:\/\/api.w.org\/{rel}","templated":true}]}}