{"id":531123,"date":"2025-11-13T10:40:18","date_gmt":"2025-11-13T10:40:18","guid":{"rendered":"https:\/\/www.europesays.com\/fr\/531123\/"},"modified":"2025-11-13T10:40:18","modified_gmt":"2025-11-13T10:40:18","slug":"chute-mortelle-lors-dune-randonnee-en-solitaire-dans-les-pyrenees-un-jeune-rugbyman-de-19-ans-meurt-dans-des-circonstances-tragiques","status":"publish","type":"post","link":"https:\/\/www.europesays.com\/fr\/531123\/","title":{"rendered":"Chute mortelle lors d\u2019une randonn\u00e9e en solitaire dans les Pyr\u00e9n\u00e9es\u00a0: un jeune rugbyman de 19 ans meurt dans des circonstances tragiques"},"content":{"rendered":"<p>\n                                                                    l&rsquo;essentiel<br \/>\n                                                                Le corps d\u2019Arthur Dezir, 19 ans, a \u00e9t\u00e9 retrouv\u00e9 sans vie\u00a0mardi 11\u00a0novembre 2025 en Ari\u00e8ge. Le jeune homme \u00e9tait parti effectuer une randonn\u00e9e en solitaire\u00a0dans les Pyr\u00e9n\u00e9es.\n                            <\/p>\n<p>C\u2019est tout le rugby tarnais qui est sous le choc.\u00a0\u00ab\u00a0Nous avons appris avec beaucoup d\u2019\u00e9motion le d\u00e9c\u00e8s d\u2019Arthur Dezir, ancien joueur cadet et junior du club\u00a0\u00bb a indiqu\u00e9 hier l\u2019Association Sporting Club Albigeois sur ses r\u00e9seaux sociaux. \u00ab\u00a0Il n\u2019avait pas souhait\u00e9 monter en Espoirs pour se consacrer \u00e0 ses \u00e9tudes de m\u00e9decine. Il nous a quitt\u00e9s tragiquement lors d\u2019une randonn\u00e9e en solo dans les Pyr\u00e9n\u00e9es\u00a0\u00bb a poursuivi le club, rendant hommage \u00e0 son ancien joueur.<\/p>\n<p class=\"std-elt__inline\">\n        <strong>\u00c0 lire aussi :<\/strong><br \/>\n        <a href=\"https:\/\/www.ladepeche.fr\/2025\/11\/12\/il-etait-tout-le-temps-a-la-recherche-du-haut-niveau-qui-est-arthur-19-ans-decede-lors-dune-randonnee-dans-les-pyrenees-13047919.php\" rel=\"nofollow noopener\" target=\"_blank\">\u00ab\u00a0Il \u00e9tait tout le temps \u00e0 la recherche du haut niveau\u00a0\u00bb\u00a0: qui est Arthur, 19 ans, d\u00e9c\u00e9d\u00e9 lors d\u2019une randonn\u00e9e dans les Pyr\u00e9n\u00e9es<\/a>\n    <\/p>\n<p><a href=\"https:\/\/www.ladepeche.fr\/2025\/11\/12\/il-etait-tout-le-temps-a-la-recherche-du-haut-niveau-qui-est-arthur-19-ans-decede-lors-dune-randonnee-dans-les-pyrenees-13047919.php\" target=\"_self\" rel=\"nofollow noopener\">Comme rapport\u00e9 hier par La D\u00e9p\u00eache du Midi<\/a>, le jeune homme de 19 ans, originaire du Tarn, a tragiquement perdu la vie lors d\u2019une randonn\u00e9e en solitaire dans les Pyr\u00e9n\u00e9es. L\u2019\u00e9tudiant en STAPS \u00e0 Toulouse \u00ab\u00a0aurait d\u00e9viss\u00e9\u00a0\u00bb avant d\u2019\u00eatre victime d\u2019une chute mortelle, lundi. Port\u00e9 disparu pendant plusieurs heures, son corps a \u00e9t\u00e9 retrouv\u00e9 le lendemain\u00a0pr\u00e8s de l\u2019\u00e9tang de la Hillette (Ari\u00e8ge).<\/p>\n<p class=\"std-elt__inline\">\n        <strong>\u00c0 lire aussi :<\/strong><br \/>\n        <a href=\"https:\/\/www.ladepeche.fr\/2025\/10\/24\/rugby-un-tragique-accident-de-la-route-un-jeune-rugbyman-meurt-la-veille-de-son-25e-anniversaire-vive-emotion-dans-les-pyrenees-atlantiques-13013299.php\" rel=\"nofollow noopener\" target=\"_blank\">Rugby\u00a0: \u00ab\u00a0Un tragique accident de la route\u2026\u00a0\u00bb Un jeune rugbyman meurt la veille de son 25e anniversaire, vive \u00e9motion dans son club<\/a>\n    <\/p>\n<p>\u00ab\u00a0C\u2019est avec une profonde tristesse et \u00e9motion que le Rugby Club de Saint-Sulpice vous annonce la disparition d\u2019Arthur Dezir dans de tragiques circonstances\u00a0\u00bb a indiqu\u00e9 de son c\u00f4t\u00e9 le RCSXV, club tarnais o\u00f9 le jeune homme avait \u00e9t\u00e9 form\u00e9 avant de rejoindre Albi. \u00ab\u00a0Il\u00a0est revenu au club cette ann\u00e9e pour jouer avec l\u2019\u00e9quipe Une, en senior, son club de c\u0153ur, celui qui l\u2019a vu d\u00e9marrer\u00a0\u00bb a indiqu\u00e9 dans nos colonnes Sophie Pelicier, sa maman.<\/p>\n","protected":false},"excerpt":{"rendered":"l&rsquo;essentiel Le corps d\u2019Arthur Dezir, 19 ans, a \u00e9t\u00e9 retrouv\u00e9 sans vie\u00a0mardi 11\u00a0novembre 2025 en Ari\u00e8ge. Le jeune&hellip;\n","protected":false},"author":2,"featured_media":531124,"comment_status":"","ping_status":"","sticky":false,"template":"","format":"standard","meta":{"footnotes":""},"categories":[1416],"tags":[1011,27,479,1468,60],"class_list":{"0":"post-531123","1":"post","2":"type-post","3":"status-publish","4":"format-standard","5":"has-post-thumbnail","7":"category-rugby","8":"tag-fr","9":"tag-france","10":"tag-rugby","11":"tag-rugby-football","12":"tag-sports"},"share_on_mastodon":{"url":"https:\/\/pubeurope.com\/@fr\/115541968491715491","error":""},"_links":{"self":[{"href":"https:\/\/www.europesays.com\/fr\/wp-json\/wp\/v2\/posts\/531123","targetHints":{"allow":["GET"]}}],"collection":[{"href":"https:\/\/www.europesays.com\/fr\/wp-json\/wp\/v2\/posts"}],"about":[{"href":"https:\/\/www.europesays.com\/fr\/wp-json\/wp\/v2\/types\/post"}],"author":[{"embeddable":true,"href":"https:\/\/www.europesays.com\/fr\/wp-json\/wp\/v2\/users\/2"}],"replies":[{"embeddable":true,"href":"https:\/\/www.europesays.com\/fr\/wp-json\/wp\/v2\/comments?post=531123"}],"version-history":[{"count":0,"href":"https:\/\/www.europesays.com\/fr\/wp-json\/wp\/v2\/posts\/531123\/revisions"}],"wp:featuredmedia":[{"embeddable":true,"href":"https:\/\/www.europesays.com\/fr\/wp-json\/wp\/v2\/media\/531124"}],"wp:attachment":[{"href":"https:\/\/www.europesays.com\/fr\/wp-json\/wp\/v2\/media?parent=531123"}],"wp:term":[{"taxonomy":"category","embeddable":true,"href":"https:\/\/www.europesays.com\/fr\/wp-json\/wp\/v2\/categories?post=531123"},{"taxonomy":"post_tag","embeddable":true,"href":"https:\/\/www.europesays.com\/fr\/wp-json\/wp\/v2\/tags?post=531123"}],"curies":[{"name":"wp","href":"https:\/\/api.w.org\/{rel}","templated":true}]}}