{"id":531125,"date":"2025-11-13T10:41:15","date_gmt":"2025-11-13T10:41:15","guid":{"rendered":"https:\/\/www.europesays.com\/fr\/531125\/"},"modified":"2025-11-13T10:41:15","modified_gmt":"2025-11-13T10:41:15","slug":"lois-boisson-et-arthur-rinderknech-en-tetes-daffiche-de-la-france-a-la-united-cup-lequipe","status":"publish","type":"post","link":"https:\/\/www.europesays.com\/fr\/531125\/","title":{"rendered":"Lo\u00efs Boisson et Arthur Rinderknech en t\u00eates d&#039;affiche de la France \u00e0 la United Cup &#8211; L&#039;\u00c9quipe"},"content":{"rendered":"<ol>\n<li><a href=\"https:\/\/news.google.com\/rss\/articles\/CBMiwgFBVV95cUxNcnYxbFUzN1dTX0RCMlV0alljT0NmVWwwN3A0Q1g2Ym84bG1GRXA2VFdQbzI5MkJLc1V4QmduS3FBRTd3aVNfOF9uWlJvSlg4ZUlFdldvMVdaN2tVQkdZVy10MWNZbDdBbDFxR2pJY3A1UDF4X3ctZlJ5VmI0TTVMZEJvbEM2cVA4T01Oa0FyYzgyTnl1Wm1ZcVZVV2R5OFJHNWNoalRtYUNfTUtkSTNoS1cxWUNqODFWVDcxSmpoMWlwUQ?oc=5\" target=\"_blank\" rel=\"nofollow noopener\">Lo\u00efs Boisson et Arthur Rinderknech en t\u00eates d&rsquo;affiche de la France \u00e0 la United Cup<\/a>&nbsp;&nbsp;L&rsquo;\u00c9quipe<\/li>\n<li><a href=\"https:\/\/news.google.com\/rss\/articles\/CBMirAFBVV95cUxONjJOemlqcnhhYzJiNjBQSjRrTUlXRXZndllxcnE2b0ZFUS1aYjE1SHRuM3NJelRaVGJJWmw1RUxhZl93NmtGQU92R180dFRLUXpIcW0xT1U5ckViTDV4aVpLMnk2QTh5cVRLMGg5bnpSSWhaTGN5TW5ZWjFlNGFMQnI0ZmdqVFdibnJ6MUhMWVd5emVVOVBGYlVSOGhqN1lkYVp6TDRkRExoR3lL0gGrAUFVX3lxTE03b1pYVVZRanFzUGdjWEkzRnhDcU1OdWpGeEw5LWN4RHptVHhKZmNxcXFHQ0R6Nk9PYjBEQ3NxN3oxMjRPVWdCdUQ2SFdlUHpOUFRoV05qc0wwVy1nWUFqTFZfMFlXcEk4X1lJaFc2ZGxWQVRkN0RmWVQ5SGVwUHdCYXYwTFFvTTd0NjBQbFJVZHc2MmJ2d1ZUbkVkZ2k2NXJGRTd3WHJGdl9nTQ?oc=5\" target=\"_blank\" rel=\"nofollow noopener\">United Cup : La France avec Rinderknech et Boisson : Sports &#8211; Orange<\/a>&nbsp;&nbsp;Sports &#8211; Orange<\/li>\n<li><a href=\"https:\/\/news.google.com\/rss\/articles\/CBMihAFBVV95cUxOMEoyOS1ySlJpQ3FuUTF3WlpuTkcxQmdRX3ZzLUVlNU9aNC1XS25vVnBkUVM4ZVpGekdkX2RITlZ6UXZUamFXN1Fkek1DX1JhN2VlZTlTZlVXbnBVOXA4RXQxOXlsbjdzWUg2WDN3bjFfbmtodlFGSnJoR3NKMG9VeUVpRlU?oc=5\" target=\"_blank\" rel=\"nofollow noopener\">United Cup : la liste des joueurs fran\u00e7ais retenus pour l\u2019\u00e9dition 2026 est connue !<\/a>&nbsp;&nbsp;Tennis Temple<\/li>\n<li><a href=\"https:\/\/news.google.com\/rss\/articles\/CBMi5AFBVV95cUxQZ3MyaGlrdm83YnBYd3VCU01nV2tXQ0ZGREJuZDlYUl9FaDd6NDFfUkVCazNwUEtrR3g1ZUZFcllEcnVXOVNLSTZfWFE4WGt5TkN5bXVUM2Y3YTNtc3BCRU5fZEUyRG9adWpyU2ZsSHdJY09XZ2tJc0x1TmZueVJJZjRJM1hzeFI3RWVEZ2NUUG54TkgtSkYzZDc0VWxtOU9BZjE2UUc0NzNUTG15blgwUV96UVZHanhoNXdyeHFFOF8tMTJORnFwaHN3OFBzQ3c5d1B5a2JZZlQySk9yYTVPUWRBeVg?oc=5\" target=\"_blank\" rel=\"nofollow noopener\">La Belgique de retour en United Cup, le tournoi des \u00e9quipes nationales mixtes<\/a>&nbsp;&nbsp;DHnet<\/li>\n<li><a href=\"https:\/\/news.google.com\/rss\/articles\/CBMimwFBVV95cUxNdmU5TUZwdFFoV1BXSXJVMFRrMmJnNjNqNU9QdnhRbHl6NlE4RktYUFZob3otdjM2RXFpMnRqZTdYc2lfZ1dwTDhTWnh2ZFlnZGdBMlJUaWhqQW9UZURwYXN2R3IwenR0WXo5bWlFNTZkTDNOZUgzVXN5dUMtM3JUTEFtZG9PNDJua0RmOHZOZmMybzJrX1NHWnNKVQ?oc=5\" target=\"_blank\" rel=\"nofollow noopener\">Lo\u00efs Boisson avec Arthur Rinderknech, c\u2019est officiel !<\/a>&nbsp;&nbsp;Sports.fr<\/li>\n<\/ol>\n","protected":false},"excerpt":{"rendered":"Lo\u00efs Boisson et Arthur Rinderknech en t\u00eates d&rsquo;affiche de la France \u00e0 la United Cup&nbsp;&nbsp;L&rsquo;\u00c9quipe United Cup :&hellip;\n","protected":false},"author":2,"featured_media":531126,"comment_status":"","ping_status":"","sticky":false,"template":"","format":"standard","meta":{"footnotes":""},"categories":[1415],"tags":[1011,27,60,1467],"class_list":{"0":"post-531125","1":"post","2":"type-post","3":"status-publish","4":"format-standard","5":"has-post-thumbnail","7":"category-tennis","8":"tag-fr","9":"tag-france","10":"tag-sports","11":"tag-tennis"},"share_on_mastodon":{"url":"https:\/\/pubeurope.com\/@fr\/115541972290450828","error":""},"_links":{"self":[{"href":"https:\/\/www.europesays.com\/fr\/wp-json\/wp\/v2\/posts\/531125","targetHints":{"allow":["GET"]}}],"collection":[{"href":"https:\/\/www.europesays.com\/fr\/wp-json\/wp\/v2\/posts"}],"about":[{"href":"https:\/\/www.europesays.com\/fr\/wp-json\/wp\/v2\/types\/post"}],"author":[{"embeddable":true,"href":"https:\/\/www.europesays.com\/fr\/wp-json\/wp\/v2\/users\/2"}],"replies":[{"embeddable":true,"href":"https:\/\/www.europesays.com\/fr\/wp-json\/wp\/v2\/comments?post=531125"}],"version-history":[{"count":0,"href":"https:\/\/www.europesays.com\/fr\/wp-json\/wp\/v2\/posts\/531125\/revisions"}],"wp:featuredmedia":[{"embeddable":true,"href":"https:\/\/www.europesays.com\/fr\/wp-json\/wp\/v2\/media\/531126"}],"wp:attachment":[{"href":"https:\/\/www.europesays.com\/fr\/wp-json\/wp\/v2\/media?parent=531125"}],"wp:term":[{"taxonomy":"category","embeddable":true,"href":"https:\/\/www.europesays.com\/fr\/wp-json\/wp\/v2\/categories?post=531125"},{"taxonomy":"post_tag","embeddable":true,"href":"https:\/\/www.europesays.com\/fr\/wp-json\/wp\/v2\/tags?post=531125"}],"curies":[{"name":"wp","href":"https:\/\/api.w.org\/{rel}","templated":true}]}}