{"id":531131,"date":"2025-11-13T10:47:12","date_gmt":"2025-11-13T10:47:12","guid":{"rendered":"https:\/\/www.europesays.com\/fr\/531131\/"},"modified":"2025-11-13T10:47:12","modified_gmt":"2025-11-13T10:47:12","slug":"aya-nakamura-revient-sur-sa-participation-a-la-ceremonie-douverture-des-jo-beyonce-aurait-du-interpreter-edith-piaf","status":"publish","type":"post","link":"https:\/\/www.europesays.com\/fr\/531131\/","title":{"rendered":"Aya Nakamura revient sur sa participation \u00e0 la c\u00e9r\u00e9monie d\u2019ouverture des JO : Beyonc\u00e9 aurait d\u00fb interpr\u00e9ter \u00c9dith Piaf"},"content":{"rendered":"<p>      R\u00e9sum\u00e9<\/p>\n<p>Aya Nakamura revient sur sa performance aux JO 2024 et d\u00e9voile qu&rsquo;initialement Beyonc\u00e9 devait interpr\u00e9ter \u00c9dith Piaf, ce qui a g\u00e9n\u00e9r\u00e9 une certaine confusion m\u00e9diatique.<\/p>\n<p>        Sommaire<\/p>\n<p>La capitale fran\u00e7aise a vibr\u00e9 comme jamais lors de <strong>l&rsquo;ouverture des Jeux Olympiques 2024<\/strong>. Entre \u00e9motion et surprises, le public a assist\u00e9 \u00e0 des moments inoubliables. <\/p>\n<p>C\u00e9line Dion a notamment fait chavirer les c\u0153urs en interpr\u00e9tant L&rsquo;Hymne \u00e0 l&rsquo;amour, avec la Tour Eiffel illumin\u00e9e en toile de fond. De son c\u00f4t\u00e9, <a href=\"https:\/\/www.public.fr\/tag\/aya-nakamura\" rel=\"nofollow noopener\" target=\"_blank\"><strong>Aya Nakamura<\/strong><\/a>, accompagn\u00e9e de six danseuses et de l&rsquo;Orchestre de la Garde r\u00e9publicaine, a litt\u00e9ralement \u00e9lectris\u00e9 la sc\u00e8ne.<\/p>\n<p>Aya Nakamura sans filtre sur son show lors de la c\u00e9r\u00e9monie d&rsquo;ouverture des Jeux Olympiques de Paris<\/p>\n<p>Invit\u00e9e de LeChair dans <a href=\"https:\/\/www.youtube.com\/@ouihustle\" target=\"_blank\" rel=\"noreferrer noopener nofollow\">OuiHustle<\/a> ce mercredi 12 novembre 2025, l&rsquo;interpr\u00e8te de Djadja est d&rsquo;ailleurs revenue sur sa performance. <\/p>\n<p>Derri\u00e8re le faste et l&rsquo;\u00e9nergie de la c\u00e9r\u00e9monie d&rsquo;ouverture des Jeux Olympiques 2024, Aya Nakamura a r\u00e9v\u00e9l\u00e9 que sa participation avait failli suivre un tout autre sc\u00e9nario : \u00ab\u00a0Moi, je ne sais pas du tout \u00e0 quel point <strong>c&rsquo;est une dinguerie les JO<\/strong>. Je n&rsquo;ai jamais regard\u00e9, <strong>ce n&rsquo;est pas ce qui m&rsquo;anime quand je regarde la t\u00e9l\u00e9<\/strong>.\u00a0\u00bb<\/p>\n<p>Malgr\u00e9 cela, l&rsquo;artiste a rapidement pris conscience des enjeux de l&rsquo;\u00e9v\u00e9nement et des \u00e9ventuelles pol\u00e9miques. <\/p>\n<p>Lors de sa rencontre avec Emmanuel Macron, elle a m\u00eame tenu \u00e0 d\u00e9fendre son univers en disant clairement au pr\u00e9sident de la R\u00e9publique qu&rsquo;elle pr\u00e9f\u00e9rait chanter ses propres morceaux plut\u00f4t qu&rsquo;une reprise : \u00ab\u00a0Il me dit : &lsquo;quelles chansons tu veux chanter ?&rsquo; Je dis : &lsquo;<strong>Je veux chanter mes chansons<\/strong>&lsquo;.\u00a0\u00bb<\/p>\n<p>Beyonc\u00e9 remplac\u00e9e par C\u00e9line Dion ?<\/p>\n<p>Au cours de son entretien avec LeChair, Aya Nakamura a \u00e9galement r\u00e9v\u00e9l\u00e9 que l&rsquo;organisation n&rsquo;avait pas pr\u00e9vu que C\u00e9line Dion chante \u00c9dith Piaf en premier.<\/p>\n<p>\u00ab\u00a0<strong>C&rsquo;\u00e9tait Beyonc\u00e9 qui devait chanter \u00c9dith Piaf<\/strong>, ce n&rsquo;\u00e9tait pas moi. \u00c7a s&rsquo;est su et les gens ont m\u00e9lang\u00e9 dans les m\u00e9dias en disant Aya doit chanter du \u00c9dith Piaf au JO alors qu&rsquo;\u00e0 la base c&rsquo;\u00e9taient mes morceaux. En plus de niquer la surprise, tout s&rsquo;est barr\u00e9 en cacahu\u00e8te&#8230; c&rsquo;\u00e9tait intense\u00a0\u00bb.<\/p>\n<p>Qu&rsquo;est-ce qui a finalement conduit \u00e0 ce que C\u00e9line Dion remplace Beyonc\u00e9 ? Le myst\u00e8re reste entier.<\/p>\n<blockquote class=\"twitter-tweet\">\n<p>\ud83d\udcad AYA NAKAMURA revient sur sa participation \u00e0 la c\u00e9r\u00e9monie d\u2019ouverture des Jeux Olympiques !<\/p>\n<p>Elle r\u00e9v\u00e8le qu\u2019\u00e0 l\u2019origine, c\u2019est Beyonc\u00e9 qui devait interpr\u00e9ter du \u00c9dith Piaf \ud83d\ude33<\/p>\n<p><a href=\"https:\/\/t.co\/A8anlefdA3\" rel=\"nofollow\">pic.twitter.com\/A8anlefdA3<\/a><\/p>\n<p>\u2014 Kultur (@Kulturlesite_) <a href=\"https:\/\/twitter.com\/Kulturlesite_\/status\/1988735993902690346?ref_src=twsrc%5Etfw\" rel=\"nofollow noopener\" target=\"_blank\">November 12, 2025<\/a><\/p><\/blockquote>\n<p>\n          Hits &amp; People en continu\n        <\/p>\n<p>\n          Public Radio\n        <\/p>\n<p>      Mentionn\u00e9s dans cet article<\/p>\n<p>      Sur le m\u00eame sujet<\/p>\n<p>  <script async src=\"https:\/\/platform.twitter.com\/widgets.js\" charset=\"utf-8\"><\/script><\/p>\n","protected":false},"excerpt":{"rendered":"R\u00e9sum\u00e9 Aya Nakamura revient sur sa performance aux JO 2024 et d\u00e9voile qu&rsquo;initialement Beyonc\u00e9 devait interpr\u00e9ter \u00c9dith Piaf,&hellip;\n","protected":false},"author":2,"featured_media":531132,"comment_status":"","ping_status":"","sticky":false,"template":"","format":"standard","meta":{"footnotes":""},"categories":[1359],"tags":[11774,7362,58,22526,59,1011,27,3996,973],"class_list":{"0":"post-531131","1":"post","2":"type-post","3":"status-publish","4":"format-standard","5":"has-post-thumbnail","7":"category-people","8":"tag-aya-nakamura","9":"tag-beyonce","10":"tag-divertissement","11":"tag-edith-piaf","12":"tag-entertainment","13":"tag-fr","14":"tag-france","15":"tag-jeux-olympiques","16":"tag-people"},"share_on_mastodon":{"url":"https:\/\/pubeurope.com\/@fr\/115541995951489783","error":""},"_links":{"self":[{"href":"https:\/\/www.europesays.com\/fr\/wp-json\/wp\/v2\/posts\/531131","targetHints":{"allow":["GET"]}}],"collection":[{"href":"https:\/\/www.europesays.com\/fr\/wp-json\/wp\/v2\/posts"}],"about":[{"href":"https:\/\/www.europesays.com\/fr\/wp-json\/wp\/v2\/types\/post"}],"author":[{"embeddable":true,"href":"https:\/\/www.europesays.com\/fr\/wp-json\/wp\/v2\/users\/2"}],"replies":[{"embeddable":true,"href":"https:\/\/www.europesays.com\/fr\/wp-json\/wp\/v2\/comments?post=531131"}],"version-history":[{"count":0,"href":"https:\/\/www.europesays.com\/fr\/wp-json\/wp\/v2\/posts\/531131\/revisions"}],"wp:featuredmedia":[{"embeddable":true,"href":"https:\/\/www.europesays.com\/fr\/wp-json\/wp\/v2\/media\/531132"}],"wp:attachment":[{"href":"https:\/\/www.europesays.com\/fr\/wp-json\/wp\/v2\/media?parent=531131"}],"wp:term":[{"taxonomy":"category","embeddable":true,"href":"https:\/\/www.europesays.com\/fr\/wp-json\/wp\/v2\/categories?post=531131"},{"taxonomy":"post_tag","embeddable":true,"href":"https:\/\/www.europesays.com\/fr\/wp-json\/wp\/v2\/tags?post=531131"}],"curies":[{"name":"wp","href":"https:\/\/api.w.org\/{rel}","templated":true}]}}