{"id":531135,"date":"2025-11-13T10:50:17","date_gmt":"2025-11-13T10:50:17","guid":{"rendered":"https:\/\/www.europesays.com\/fr\/531135\/"},"modified":"2025-11-13T10:50:17","modified_gmt":"2025-11-13T10:50:17","slug":"lancement-reussi-pour-desenchantees-sur-france-2-carton-pour-la-grosse-rigolade-sur-w9","status":"publish","type":"post","link":"https:\/\/www.europesays.com\/fr\/531135\/","title":{"rendered":"lancement r\u00e9ussi pour D\u00e9senchant\u00e9es sur France 2, carton pour \u00abLa Grosse Rigolade\u00bb sur W9"},"content":{"rendered":"<p>    Marie Denarnaud dans D\u00e9senchant\u00e9es sur France 2.<br \/>\n                Elo\u00efse Legay &#8211; Banijay Studio &#8211; France T\u00e9l\u00e9visons<\/p>\n<p>\n    Les audiences du mercredi 12 novembre 2025 pour les programmes diffus\u00e9s en premi\u00e8re partie de soir\u00e9e.<\/p>\n<p class=\"fig-paragraph\">Mercredi soir,\u00a0<a href=\"https:\/\/tvmag.lefigaro.fr\/programme-tv\/chaine\/4\/tous-les-programmes-de-france-2\" target=\"_blank\" rel=\"noopener\" data-gtm-custom-categorie=\"navigation\" data-gtm-custom-action=\"crossclick\" data-gtm-custom-label=\"Contextuel\" data-gtm-event=\"customEventSPE\">France 2<\/a>\u00a0est arriv\u00e9e en t\u00eate des audiences avec\u00a0<a href=\"http:\/\/tvmag.lefigaro.fr\/programme-tv\/series\/desenchantees-coeurs-a-vif-20251112\" target=\"_blank\" data-fig-type=\"Article\" rel=\"noopener\" data-gtm-custom-categorie=\"navigation\" data-gtm-custom-action=\"crossclick\" data-gtm-custom-label=\"Contextuel\" data-gtm-event=\"customEventSPE\" data-fig-domain=\"TVMAG\">D\u00e9senchant\u00e9es<\/a> . La nouvelle minis\u00e9rie dramatique port\u00e9e par Constance Labb\u00e9 et Marie Denarnaud a attir\u00e9 3,3 millions de t\u00e9l\u00e9spectateurs, soit 17,9 % de part d\u2019audience. Loin derri\u00e8re,\u00a0<a href=\"https:\/\/tvmag.lefigaro.fr\/programme-tv\/chaine\/192\/tous-les-programmes-de-tf1\" target=\"_blank\" rel=\"noopener\" data-gtm-custom-categorie=\"navigation\" data-gtm-custom-action=\"crossclick\" data-gtm-custom-label=\"Contextuel\" data-gtm-event=\"customEventSPE\">TF1<\/a>\u00a0diffusait\u00a0<a href=\"https:\/\/tvmag.lefigaro.fr\/programme-tv\/programme\/s-w-a-t-d1044892257\" target=\"_blank\" rel=\"noopener\" data-gtm-custom-categorie=\"navigation\" data-gtm-custom-action=\"crossclick\" data-gtm-custom-label=\"Contextuel\" data-gtm-event=\"customEventSPE\">S.W.A.T.<\/a> \u00a0La suite de la saison 8 de la fiction polici\u00e8re avec Shemar Moore a r\u00e9uni 2 millions de fid\u00e8les, soit 11 % de PDA.<\/p>\n<p class=\"fig-paragraph\"><a href=\"https:\/\/tvmag.lefigaro.fr\/programme-tv\/chaine\/80\/tous-les-programmes-de-france-3\" target=\"_blank\" rel=\"noopener\" data-gtm-custom-categorie=\"navigation\" data-gtm-custom-action=\"crossclick\" data-gtm-custom-label=\"Contextuel\" data-gtm-event=\"customEventSPE\">France 3<\/a>\u00a0suit avec\u00a0<a href=\"https:\/\/tvmag.lefigaro.fr\/programme-tv\/programme\/des-racines-et-des-ailes-f1515933328\" target=\"_blank\" rel=\"noopener\" data-gtm-custom-categorie=\"navigation\" data-gtm-custom-action=\"crossclick\" data-gtm-custom-label=\"Contextuel\" data-gtm-event=\"customEventSPE\">\u00abDes racines et des ailes\u00bb<\/a>. Le magazine pr\u00e9sent\u00e9 par Carole Gaessler et consacr\u00e9 \u00e0 l\u2019Art d\u00e9co a int\u00e9ress\u00e9 1,6 million de curieux, soit 10 % du public. Au pied du podium,\u00a0<a href=\"https:\/\/tvmag.lefigaro.fr\/programme-tv\/chaine\/118\/tous-les-programmes-de-m6\" target=\"_blank\" rel=\"noopener\" data-gtm-custom-categorie=\"navigation\" data-gtm-custom-action=\"crossclick\" data-gtm-custom-label=\"Contextuel\" data-gtm-event=\"customEventSPE\">M6<\/a>\u00a0rediffusait\u00a0<a href=\"https:\/\/tvmag.lefigaro.fr\/programme-tv\/programme\/insaisissables-2-f59314985\" target=\"_blank\" rel=\"noopener\" data-gtm-custom-categorie=\"navigation\" data-gtm-custom-action=\"crossclick\" data-gtm-custom-label=\"Contextuel\" data-gtm-event=\"customEventSPE\">Insaisissables 2<\/a> . Le film d\u2019action avec Jesse Eisenberg, Mark Ruffalo et Woody Harrelson a rassembl\u00e9 1,3 million de cin\u00e9philes, soit 8,7 % de part d\u2019audience.<\/p>\n<p>                                    <a class=\"fig-a11y-skip a11y-hidden\" href=\"#fig-a11y-skip-main-inarticle\"><br \/>\n        Passer la publicit\u00e9<br \/>\n    <\/a><\/p>\n<p class=\"fig-paragraph\">Du c\u00f4t\u00e9 des autres cha\u00eenes,\u00a0<a href=\"https:\/\/tvmag.lefigaro.fr\/programme-tv\/chaine\/119\/tous-les-programmes-de-w9\" target=\"_blank\" rel=\"noopener\" data-gtm-custom-categorie=\"navigation\" data-gtm-custom-action=\"crossclick\" data-gtm-custom-label=\"Contextuel\" data-gtm-event=\"customEventSPE\">W9<\/a>\u00a0diffusait\u00a0<a href=\"https:\/\/tvmag.lefigaro.fr\/programme-tv\/programme\/la-grosse-rigolade-d1744802446\" target=\"_blank\" rel=\"noopener\" data-gtm-custom-categorie=\"navigation\" data-gtm-custom-action=\"crossclick\" data-gtm-custom-label=\"Contextuel\" data-gtm-event=\"customEventSPE\">\u00abLa Grosse Rigolade\u00bb<\/a>. Le retour de l\u2019\u00e9mission pr\u00e9sent\u00e9e par Cyril Hanouna a f\u00e9d\u00e9r\u00e9 1,1 million de t\u00e9l\u00e9spectateurs, soit 5,8 % de PDA. \u00c0 noter que RMC Life diffusait le deuxi\u00e8me num\u00e9ro de \u00ab\u00c7a se discute\u00bb. Le magazine pr\u00e9sent\u00e9 par Estelle Denis a rassembl\u00e9 231.000 personnes, soit 1,4 % de PDA. Un score en hausse par rapport \u00e0\u00a0<a href=\"http:\/\/tvmag.lefigaro.fr\/programme-tv\/audiences-tv\/audiences-quel-score-pour-le-retour-de-ca-se-discute-sur-rmc-life-20251016\" target=\"_blank\" data-fig-type=\"Article\" rel=\"noopener\" data-gtm-custom-categorie=\"navigation\" data-gtm-custom-action=\"crossclick\" data-gtm-custom-label=\"Contextuel\" data-gtm-event=\"customEventSPE\" data-fig-domain=\"TVMAG\">la premi\u00e8re<\/a>.<\/p>\n<p class=\"fig-tv-audience__title\">Audiences de 1\u00e8re partie de soir\u00e9e du mercredi 12 novembre<\/p>\n<tr>\n<td class=\"fig-tv-audience__position\">1<\/td>\n<td class=\"fig-tv-audience__channel-container\">\n                        <a class=\"fig-channel-media fig-channel-media--no-margin\" href=\"https:\/\/tvmag.lefigaro.fr\/programme-tv\/chaine\/4\/tous-les-programmes-de-france-2\" title=\"Programme TV France 2\" target=\"_blank\" rel=\"noopener\"><br \/>\n        <img   alt=\"Programme TV France 2\" class=\"fig-img\"\/><\/p>\n<p>    <\/a><\/p>\n<\/td>\n<td class=\"fig-tv-audience__data\">\n                    <a href=\"https:\/\/tvmag.lefigaro.fr\/programme-tv\/programme\/desenchantees-f1396186423\" class=\"fig-tv-audience__program-title\" target=\"_blank\" rel=\"noopener\"><br \/>\n                        D\u00e9senchant\u00e9es<br \/>\n                    <\/a><\/p>\n<p>                        3\u202f311\u202f000 t\u00e9l\u00e9spectateurs<\/p>\n<p>                    17,9\u00a0%<\/p>\n<\/td>\n<\/tr>\n<tr>\n<td class=\"fig-tv-audience__position\">2<\/td>\n<td class=\"fig-tv-audience__channel-container\">\n                        <a class=\"fig-channel-media fig-channel-media--no-margin\" href=\"https:\/\/tvmag.lefigaro.fr\/programme-tv\/chaine\/192\/tous-les-programmes-de-tf1\" title=\"Programme TV TF1\" target=\"_blank\" rel=\"noopener\"><br \/>\n        <img   alt=\"Programme TV TF1\" class=\"fig-img\"\/><\/p>\n<p>    <\/a><\/p>\n<\/td>\n<td class=\"fig-tv-audience__data\">\n                    <a href=\"https:\/\/tvmag.lefigaro.fr\/programme-tv\/programme\/s-w-a-t-2017-f583699642\" class=\"fig-tv-audience__program-title\" target=\"_blank\" rel=\"noopener\"><br \/>\n                        S.W.A.T.<br \/>\n                    <\/a><\/p>\n<p>                        2\u202f028\u202f000 t\u00e9l\u00e9spectateurs<\/p>\n<p>                    11\u00a0%<\/p>\n<\/td>\n<\/tr>\n<tr>\n<td class=\"fig-tv-audience__position\">3<\/td>\n<td class=\"fig-tv-audience__channel-container\">\n                        <a class=\"fig-channel-media fig-channel-media--no-margin\" href=\"https:\/\/tvmag.lefigaro.fr\/programme-tv\/chaine\/80\/tous-les-programmes-de-france-3\" title=\"Programme TV France 3\" target=\"_blank\" rel=\"noopener\"><br \/>\n        <img   alt=\"Programme TV France 3\" class=\"fig-img\"\/><\/p>\n<p>    <\/a><\/p>\n<\/td>\n<td class=\"fig-tv-audience__data\">\n                    <a href=\"https:\/\/tvmag.lefigaro.fr\/programme-tv\/programme\/des-racines-et-des-ailes-f1515933328\" class=\"fig-tv-audience__program-title\" target=\"_blank\" rel=\"noopener\"><br \/>\n                        Des racines et des ailes<br \/>\n                    <\/a><\/p>\n<p>                        1\u202f622\u202f000 t\u00e9l\u00e9spectateurs<\/p>\n<p>                    10\u00a0%<\/p>\n<\/td>\n<\/tr>\n<tr>\n<td class=\"fig-tv-audience__position\">4<\/td>\n<td class=\"fig-tv-audience__channel-container\">\n                        <a class=\"fig-channel-media fig-channel-media--no-margin\" href=\"https:\/\/tvmag.lefigaro.fr\/programme-tv\/chaine\/118\/tous-les-programmes-de-m6\" title=\"Programme TV M6\" target=\"_blank\" rel=\"noopener\"><br \/>\n        <img   alt=\"Programme TV M6\" class=\"fig-img\"\/><\/p>\n<p>    <\/a><\/p>\n<\/td>\n<td class=\"fig-tv-audience__data\">\n                    <a href=\"https:\/\/tvmag.lefigaro.fr\/programme-tv\/programme\/insaisissables-2-f59314985\" class=\"fig-tv-audience__program-title\" target=\"_blank\" rel=\"noopener\"><br \/>\n                        Insaisissables 2<br \/>\n                    <\/a><\/p>\n<p>                        1\u202f341\u202f000 t\u00e9l\u00e9spectateurs<\/p>\n<p>                    8,7\u00a0%<\/p>\n<\/td>\n<\/tr>\n<tr>\n<td class=\"fig-tv-audience__position\">5<\/td>\n<td class=\"fig-tv-audience__channel-container\">\n                        <a class=\"fig-channel-media fig-channel-media--no-margin\" href=\"https:\/\/tvmag.lefigaro.fr\/programme-tv\/chaine\/119\/tous-les-programmes-de-w9\" title=\"Programme TV W9\" target=\"_blank\" rel=\"noopener\"><br \/>\n        <img   alt=\"Programme TV W9\" class=\"fig-img\"\/><\/p>\n<p>    <\/a><\/p>\n<\/td>\n<td class=\"fig-tv-audience__data\">\n                    <a href=\"https:\/\/tvmag.lefigaro.fr\/programme-tv\/programme\/la-grosse-rigolade-f2073582073\" class=\"fig-tv-audience__program-title\" target=\"_blank\" rel=\"noopener\"><br \/>\n                        La grosse rigolade<br \/>\n                    <\/a><\/p>\n<p>                        1\u202f089\u202f000 t\u00e9l\u00e9spectateurs<\/p>\n<p>                    5,8\u00a0%<\/p>\n<\/td>\n<\/tr>\n<tr aria-hidden=\"true\">\n<td class=\"fig-tv-audience__position\">6<\/td>\n<td class=\"fig-tv-audience__channel-container\">\n                        <a class=\"fig-channel-media fig-channel-media--no-margin\" href=\"https:\/\/tvmag.lefigaro.fr\/programme-tv\/chaine\/1404\/tous-les-programmes-de-tf1-series-films\" title=\"Programme TV TF1 S\u00e9ries Films\" target=\"_blank\" rel=\"noopener\"><br \/>\n        <img   alt=\"Programme TV TF1 S\u00e9ries Films\" class=\"fig-img\"\/><\/p>\n<p>    <\/a><\/p>\n<\/td>\n<td class=\"fig-tv-audience__data\">\n                    <a href=\"https:\/\/tvmag.lefigaro.fr\/programme-tv\/programme\/le-hobbit-un-voyage-inattendu-f16105186\" class=\"fig-tv-audience__program-title\" target=\"_blank\" rel=\"noopener\"><br \/>\n                        Le Hobbit\u00a0: un voyage inattendu<br \/>\n                    <\/a><\/p>\n<p>                        485\u202f000 t\u00e9l\u00e9spectateurs<\/p>\n<p>                    3,6\u00a0%<\/p>\n<\/td>\n<\/tr>\n<tr aria-hidden=\"true\">\n<td class=\"fig-tv-audience__position\">7<\/td>\n<td class=\"fig-tv-audience__channel-container\">\n                        <a class=\"fig-channel-media fig-channel-media--no-margin\" href=\"https:\/\/tvmag.lefigaro.fr\/programme-tv\/chaine\/195\/tous-les-programmes-de-tmc\" title=\"Programme TV TMC\" target=\"_blank\" rel=\"noopener\"><br \/>\n        <img   alt=\"Programme TV TMC\" class=\"fig-img\"\/><\/p>\n<p>    <\/a><\/p>\n<\/td>\n<td class=\"fig-tv-audience__data\">\n                    <a href=\"https:\/\/tvmag.lefigaro.fr\/programme-tv\/programme\/taxi-2-f1013330973\" class=\"fig-tv-audience__program-title\" target=\"_blank\" rel=\"noopener\"><br \/>\n                        Taxi 2<br \/>\n                    <\/a><\/p>\n<p>                        515\u202f000 t\u00e9l\u00e9spectateurs<\/p>\n<p>                    3,1\u00a0%<\/p>\n<\/td>\n<\/tr>\n<tr aria-hidden=\"true\">\n<td class=\"fig-tv-audience__position\">8<\/td>\n<td class=\"fig-tv-audience__channel-container\">\n                        <a class=\"fig-channel-media fig-channel-media--no-margin\" href=\"https:\/\/tvmag.lefigaro.fr\/programme-tv\/chaine\/446\/tous-les-programmes-de-tfx\" title=\"Programme TV TFX\" target=\"_blank\" rel=\"noopener\"><br \/>\n        <img   alt=\"Programme TV TFX\" class=\"fig-img\"\/><\/p>\n<p>    <\/a><\/p>\n<\/td>\n<td class=\"fig-tv-audience__data\">\n                    <a href=\"https:\/\/tvmag.lefigaro.fr\/programme-tv\/programme\/cleaners-les-experts-du-menage-f1988582001\" class=\"fig-tv-audience__program-title\" target=\"_blank\" rel=\"noopener\"><br \/>\n                        Cleaners les experts du m\u00e9nage<br \/>\n                    <\/a><\/p>\n<p>                        486\u202f000 t\u00e9l\u00e9spectateurs<\/p>\n<p>                    2,9\u00a0%<\/p>\n<\/td>\n<\/tr>\n<tr aria-hidden=\"true\">\n<td class=\"fig-tv-audience__position\">9<\/td>\n<td class=\"fig-tv-audience__channel-container\">\n                        <a class=\"fig-channel-media fig-channel-media--no-margin\" href=\"https:\/\/tvmag.lefigaro.fr\/programme-tv\/chaine\/47\/tous-les-programmes-de-france-5\" title=\"Programme TV France 5\" target=\"_blank\" rel=\"noopener\"><br \/>\n        <img   alt=\"Programme TV France 5\" class=\"fig-img\"\/><\/p>\n<p>    <\/a><\/p>\n<\/td>\n<td class=\"fig-tv-audience__data\">\n                    <a href=\"https:\/\/tvmag.lefigaro.fr\/programme-tv\/programme\/la-grande-librairie-f964298730\" class=\"fig-tv-audience__program-title\" target=\"_blank\" rel=\"noopener\"><br \/>\n                        La grande librairie<br \/>\n                    <\/a><\/p>\n<p>                        488\u202f000 t\u00e9l\u00e9spectateurs<\/p>\n<p>                    2,8\u00a0%<\/p>\n<\/td>\n<\/tr>\n<tr aria-hidden=\"true\">\n<td class=\"fig-tv-audience__position\">10<\/td>\n<td class=\"fig-tv-audience__channel-container\">\n                        <a class=\"fig-channel-media fig-channel-media--no-margin\" href=\"https:\/\/tvmag.lefigaro.fr\/programme-tv\/chaine\/111\/tous-les-programmes-de-arte\" title=\"Programme TV Arte\" target=\"_blank\" rel=\"noopener\"><br \/>\n        <img   alt=\"Programme TV Arte\" class=\"fig-img\"\/><\/p>\n<p>    <\/a><\/p>\n<\/td>\n<td class=\"fig-tv-audience__data\">\n                    <a href=\"https:\/\/tvmag.lefigaro.fr\/programme-tv\/programme\/simple-comme-sylvain-f1535471808\" class=\"fig-tv-audience__program-title\" target=\"_blank\" rel=\"noopener\"><br \/>\n                        Simple comme Sylvain<br \/>\n                    <\/a><\/p>\n<p>                        487\u202f000 t\u00e9l\u00e9spectateurs<\/p>\n<p>                    2,8\u00a0%<\/p>\n<\/td>\n<\/tr>\n<tr aria-hidden=\"true\">\n<td class=\"fig-tv-audience__position\">11<\/td>\n<td class=\"fig-tv-audience__channel-container\">\n                        <a class=\"fig-channel-media fig-channel-media--no-margin\" href=\"https:\/\/tvmag.lefigaro.fr\/programme-tv\/chaine\/1402\/tous-les-programmes-de-rmc-story\" title=\"Programme TV RMC Story\" target=\"_blank\" rel=\"noopener\"><br \/>\n        <img   alt=\"Programme TV RMC Story\" class=\"fig-img\"\/><\/p>\n<p>    <\/a><\/p>\n<\/td>\n<td class=\"fig-tv-audience__data\">\n                    <a href=\"https:\/\/tvmag.lefigaro.fr\/programme-tv\/programme\/300-f457796985\" class=\"fig-tv-audience__program-title\" target=\"_blank\" rel=\"noopener\"><br \/>\n                        300<br \/>\n                    <\/a><\/p>\n<p>                        425\u202f000 t\u00e9l\u00e9spectateurs<\/p>\n<p>                    2,7\u00a0%<\/p>\n<\/td>\n<\/tr>\n<tr aria-hidden=\"true\">\n<td class=\"fig-tv-audience__position\">12<\/td>\n<td class=\"fig-tv-audience__channel-container\">\n                        <a class=\"fig-channel-media fig-channel-media--no-margin\" href=\"https:\/\/tvmag.lefigaro.fr\/programme-tv\/chaine\/458\/tous-les-programmes-de-cstar\" title=\"Programme TV CSTAR\" target=\"_blank\" rel=\"noopener\"><br \/>\n        <img   alt=\"Programme TV CSTAR\" class=\"fig-img\"\/><\/p>\n<p>    <\/a><\/p>\n<\/td>\n<td class=\"fig-tv-audience__data\">\n                    <a href=\"https:\/\/tvmag.lefigaro.fr\/programme-tv\/programme\/rambo-ii-la-mission-f1459541425\" class=\"fig-tv-audience__program-title\" target=\"_blank\" rel=\"noopener\"><br \/>\n                        Rambo II\u00a0: la mission<br \/>\n                    <\/a><\/p>\n<p>                        344\u202f000 t\u00e9l\u00e9spectateurs<\/p>\n<p>                    2\u00a0%<\/p>\n<\/td>\n<\/tr>\n<tr aria-hidden=\"true\">\n<td class=\"fig-tv-audience__position\">13<\/td>\n<td class=\"fig-tv-audience__channel-container\">\n                        <a class=\"fig-channel-media fig-channel-media--no-margin\" href=\"https:\/\/tvmag.lefigaro.fr\/programme-tv\/chaine\/1400\/tous-les-programmes-de-rmc-decouverte\" title=\"Programme TV RMC D\u00e9couverte\" target=\"_blank\" rel=\"noopener\"><br \/>\n        <img   alt=\"Programme TV RMC D\u00e9couverte\" class=\"fig-img\"\/><\/p>\n<p>    <\/a><\/p>\n<\/td>\n<td class=\"fig-tv-audience__data\">\n                    <a href=\"https:\/\/tvmag.lefigaro.fr\/programme-tv\/programme\/flic-story-f724382937\" class=\"fig-tv-audience__program-title\" target=\"_blank\" rel=\"noopener\"><br \/>\n                        Flic story<br \/>\n                    <\/a><\/p>\n<p>                        245\u202f000 t\u00e9l\u00e9spectateurs<\/p>\n<p>                    1,4\u00a0%<\/p>\n<\/td>\n<\/tr>\n<tr aria-hidden=\"true\">\n<td class=\"fig-tv-audience__position\">14<\/td>\n<td class=\"fig-tv-audience__channel-container\">\n                        <a class=\"fig-channel-media fig-channel-media--no-margin\" href=\"https:\/\/tvmag.lefigaro.fr\/programme-tv\/chaine\/1399\/tous-les-programmes-de-cherie-25\" title=\"Programme TV Ch\u00e9rie 25\" target=\"_blank\" rel=\"noopener\"><br \/>\n        <img   alt=\"Programme TV Ch\u00e9rie 25\" class=\"fig-img\"\/><\/p>\n<p>    <\/a><\/p>\n<\/td>\n<td class=\"fig-tv-audience__data\">\n                    <a href=\"https:\/\/tvmag.lefigaro.fr\/programme-tv\/programme\/ca-se-discute-f398387354\" class=\"fig-tv-audience__program-title\" target=\"_blank\" rel=\"noopener\"><br \/>\n                        \u00c7a se discute<br \/>\n                    <\/a><\/p>\n<p>                        231\u202f000 t\u00e9l\u00e9spectateurs<\/p>\n<p>                    1,4\u00a0%<\/p>\n<\/td>\n<\/tr>\n<tr aria-hidden=\"true\">\n<td class=\"fig-tv-audience__position\">15<\/td>\n<td class=\"fig-tv-audience__channel-container\">\n                        <a class=\"fig-channel-media fig-channel-media--no-margin\" href=\"https:\/\/tvmag.lefigaro.fr\/programme-tv\/chaine\/1403\/tous-les-programmes-de-6ter\" title=\"Programme TV 6ter\" target=\"_blank\" rel=\"noopener\"><br \/>\n        <img   alt=\"Programme TV 6ter\" class=\"fig-img\"\/><\/p>\n<p>    <\/a><\/p>\n<\/td>\n<td class=\"fig-tv-audience__data\">\n                    <a href=\"https:\/\/tvmag.lefigaro.fr\/programme-tv\/programme\/nous-finirons-ensemble-f123386199\" class=\"fig-tv-audience__program-title\" target=\"_blank\" rel=\"noopener\"><br \/>\n                        Nous finirons ensemble<br \/>\n                    <\/a><\/p>\n<p>                        190\u202f000 t\u00e9l\u00e9spectateurs<\/p>\n<p>                    1,3\u00a0%<\/p>\n<\/td>\n<\/tr>\n<tr aria-hidden=\"true\">\n<td class=\"fig-tv-audience__position\">16<\/td>\n<td class=\"fig-tv-audience__channel-container\">\n                        <a class=\"fig-channel-media fig-channel-media--no-margin\" href=\"https:\/\/tvmag.lefigaro.fr\/programme-tv\/chaine\/482\/tous-les-programmes-de-gulli\" title=\"Programme TV Gulli\" target=\"_blank\" rel=\"noopener\"><br \/>\n        <img   alt=\"Programme TV Gulli\" class=\"fig-img\"\/><\/p>\n<p>    <\/a><\/p>\n<\/td>\n<td class=\"fig-tv-audience__data\">\n                    <a href=\"https:\/\/tvmag.lefigaro.fr\/programme-tv\/programme\/malcolm-f677838224\" class=\"fig-tv-audience__program-title\" target=\"_blank\" rel=\"noopener\"><br \/>\n                        Malcolm<br \/>\n                    <\/a><\/p>\n<p>                        133\u202f000 t\u00e9l\u00e9spectateurs<\/p>\n<p>                    0,7\u00a0%<\/p>\n<\/td>\n<\/tr>\n<p>            Voir plus<\/p>\n","protected":false},"excerpt":{"rendered":"Marie Denarnaud dans D\u00e9senchant\u00e9es sur France 2. Elo\u00efse Legay &#8211; Banijay Studio &#8211; France T\u00e9l\u00e9visons Les audiences du&hellip;\n","protected":false},"author":2,"featured_media":531136,"comment_status":"","ping_status":"","sticky":false,"template":"","format":"standard","meta":{"footnotes":""},"categories":[1356],"tags":[2367,1083,58,59,1011,27,594,252,1364,2395],"class_list":{"0":"post-531135","1":"post","2":"type-post","3":"status-publish","4":"format-standard","5":"has-post-thumbnail","7":"category-television","8":"tag-audiences","9":"tag-cyril-hanouna","10":"tag-divertissement","11":"tag-entertainment","12":"tag-fr","13":"tag-france","14":"tag-france-2","15":"tag-television","16":"tag-tv","17":"tag-w9"},"share_on_mastodon":{"url":"https:\/\/pubeurope.com\/@fr\/115542007718568022","error":""},"_links":{"self":[{"href":"https:\/\/www.europesays.com\/fr\/wp-json\/wp\/v2\/posts\/531135","targetHints":{"allow":["GET"]}}],"collection":[{"href":"https:\/\/www.europesays.com\/fr\/wp-json\/wp\/v2\/posts"}],"about":[{"href":"https:\/\/www.europesays.com\/fr\/wp-json\/wp\/v2\/types\/post"}],"author":[{"embeddable":true,"href":"https:\/\/www.europesays.com\/fr\/wp-json\/wp\/v2\/users\/2"}],"replies":[{"embeddable":true,"href":"https:\/\/www.europesays.com\/fr\/wp-json\/wp\/v2\/comments?post=531135"}],"version-history":[{"count":0,"href":"https:\/\/www.europesays.com\/fr\/wp-json\/wp\/v2\/posts\/531135\/revisions"}],"wp:featuredmedia":[{"embeddable":true,"href":"https:\/\/www.europesays.com\/fr\/wp-json\/wp\/v2\/media\/531136"}],"wp:attachment":[{"href":"https:\/\/www.europesays.com\/fr\/wp-json\/wp\/v2\/media?parent=531135"}],"wp:term":[{"taxonomy":"category","embeddable":true,"href":"https:\/\/www.europesays.com\/fr\/wp-json\/wp\/v2\/categories?post=531135"},{"taxonomy":"post_tag","embeddable":true,"href":"https:\/\/www.europesays.com\/fr\/wp-json\/wp\/v2\/tags?post=531135"}],"curies":[{"name":"wp","href":"https:\/\/api.w.org\/{rel}","templated":true}]}}