{"id":531139,"date":"2025-11-13T10:52:25","date_gmt":"2025-11-13T10:52:25","guid":{"rendered":"https:\/\/www.europesays.com\/fr\/531139\/"},"modified":"2025-11-13T10:52:25","modified_gmt":"2025-11-13T10:52:25","slug":"cest-quoi-ce-film-avec-autant-de-stars-au-casting","status":"publish","type":"post","link":"https:\/\/www.europesays.com\/fr\/531139\/","title":{"rendered":"c&rsquo;est quoi ce film avec autant de stars au casting ?"},"content":{"rendered":"<p>Saviez-vous que le cr\u00e9ateur de mode Tom Ford est \u00e9galement un r\u00e9alisateur \u00e0 l\u2019origine de deux longs-m\u00e9trages\u00a0? Non\u00a0? Et bien sachez qu\u2019il en pr\u00e9pare en troisi\u00e8me, et pas des moindres. Apr\u00e8s A Single Man en 2009 et Nocturnal Animals en 2016, le styliste revient derri\u00e8re la cam\u00e9ra pour <strong>adapter le roman Cry to Heaven d\u2019Anne Rice.<\/strong> Le public reconna\u00eetra l\u2019autrice pour Entretien avec un vampire, publi\u00e9 en 1976.<\/p>\n<p>Chez nous, Cry to Heaven a \u00e9t\u00e9 publi\u00e9 en 1982 sous le titre\u00a0La Voix des anges. L\u2019histoire qu\u2019il raconte se d\u00e9roule dans l\u2019Italie du 18\u00e8me si\u00e8cle, alors qu\u2019un noble v\u00e9nitien et un maestro de Calabre tentent d\u00e9sesp\u00e9r\u00e9ment de se faire un nom dans le monde de l\u2019Op\u00e9ra. Les passionn\u00e9s de drames historiques ne manqueront donc pas d\u2019y trouver leur compte, mais ce projet d\u2019adaptation surprend d\u00e9j\u00e0 et pour une toute autre raison.<\/p>\n<p>Tom Ford est parvenu \u00e0 composer un casting de stars v\u00e9ritablement surprenant pour donner vie \u00e0 ce roman culte. En attendant le d\u00e9but du tournage pr\u00e9vu \u00e0 Londres et Rome en janvier prochain, voici les acteurs et c\u00e9l\u00e9brit\u00e9s dont la pr\u00e9sence \u00e0 l\u2019affiche a d\u2019ores et d\u00e9j\u00e0 \u00e9t\u00e9 confirm\u00e9e.<\/p>\n<p> Adele s\u2019int\u00e9resse enfin au cin\u00e9ma <\/p>\n<p>Apr\u00e8s 17 ans d\u2019une carri\u00e8re pleine de succ\u00e8s dans la musique, <strong>la chanteuse britannique Adele se lance dans son premier r\u00f4le pour le grand \u00e9cran.<\/strong> L\u2019attribution des diff\u00e9rents personnages du roman n\u2019a pas encore \u00e9t\u00e9 d\u00e9voil\u00e9e, mais nous pouvons au moins affirmer que l\u2019artiste sera tr\u00e8s bien accompagn\u00e9e sur ce projet.<\/p>\n<p>En effet, le casting de cette adaptation accueille \u00e9galement <strong>Nicholas Hoult, Aaron Taylor-Johnson, Ciar\u00e1n Hinds, George MacKay, Mark Strong, Colin Firth, Paul Bettany, Hunter Schafer,<\/strong> ainsi que le jeune <strong>Owen Cooper<\/strong> sacr\u00e9 aux Emmy Awards pour son r\u00f4le dans la s\u00e9rie Netflix Adolescence. Parmi les autres noms li\u00e9s au projet et d\u00e9voil\u00e9s par le Hollywood Reporter, on distingue \u00e9galement <strong>Lux Pascal,<\/strong> qui s\u2019av\u00e8re \u00eatre nulle autre que <strong>la s\u0153ur du fameux Pedro Pascal.<\/strong><\/p>\n<p>Malgr\u00e9 un d\u00e9but de tournage pr\u00e9vu pour la mi-janvier 2026, l\u2019adaptation cin\u00e9matographique de La Voix des anges sign\u00e9e Tom Ford devrait faire son entr\u00e9e dans les cin\u00e9mas \u00e0 l\u2019automne 2026.<\/p>\n<blockquote>\n<p class=\"text-base text-neutral-700 dark:text-neutral-300\">\ud83d\udfe3 Pour ne manquer aucune news sur le Journal du Geek, abonnez-vous sur <a href=\"https:\/\/news.google.com\/publications\/CAAqBwgKMNr_hAswwYyCAw?hl=fr&amp;gl=FR&amp;ceid=FR%3Afr\" target=\"_blank\" rel=\"noopener\">Google Actualit\u00e9s<\/a> et sur <a href=\"https:\/\/whatsapp.com\/channel\/0029VaClM5y4tRry12tb7D2h\" target=\"_blank\" rel=\"noopener\">notre WhatsApp<\/a>. Et si vous nous adorez, on a <a href=\"https:\/\/www.journaldugeek.com\/newsletter\/\" target=\"_blank\" rel=\"noopener\">une newsletter tous les matins<\/a>.<\/p>\n<\/blockquote>\n","protected":false},"excerpt":{"rendered":"Saviez-vous que le cr\u00e9ateur de mode Tom Ford est \u00e9galement un r\u00e9alisateur \u00e0 l\u2019origine de deux longs-m\u00e9trages\u00a0? Non\u00a0?&hellip;\n","protected":false},"author":2,"featured_media":531140,"comment_status":"","ping_status":"","sticky":false,"template":"","format":"standard","meta":{"footnotes":""},"categories":[1354],"tags":[5331,58,59,65076,1346,1011,27,1360],"class_list":{"0":"post-531139","1":"post","2":"type-post","3":"status-publish","4":"format-standard","5":"has-post-thumbnail","7":"category-films","8":"tag-adaptation","9":"tag-divertissement","10":"tag-entertainment","11":"tag-entretien-avec-un-vampire","12":"tag-films","13":"tag-fr","14":"tag-france","15":"tag-movies"},"share_on_mastodon":{"url":"https:\/\/pubeurope.com\/@fr\/115542015665149820","error":""},"_links":{"self":[{"href":"https:\/\/www.europesays.com\/fr\/wp-json\/wp\/v2\/posts\/531139","targetHints":{"allow":["GET"]}}],"collection":[{"href":"https:\/\/www.europesays.com\/fr\/wp-json\/wp\/v2\/posts"}],"about":[{"href":"https:\/\/www.europesays.com\/fr\/wp-json\/wp\/v2\/types\/post"}],"author":[{"embeddable":true,"href":"https:\/\/www.europesays.com\/fr\/wp-json\/wp\/v2\/users\/2"}],"replies":[{"embeddable":true,"href":"https:\/\/www.europesays.com\/fr\/wp-json\/wp\/v2\/comments?post=531139"}],"version-history":[{"count":0,"href":"https:\/\/www.europesays.com\/fr\/wp-json\/wp\/v2\/posts\/531139\/revisions"}],"wp:featuredmedia":[{"embeddable":true,"href":"https:\/\/www.europesays.com\/fr\/wp-json\/wp\/v2\/media\/531140"}],"wp:attachment":[{"href":"https:\/\/www.europesays.com\/fr\/wp-json\/wp\/v2\/media?parent=531139"}],"wp:term":[{"taxonomy":"category","embeddable":true,"href":"https:\/\/www.europesays.com\/fr\/wp-json\/wp\/v2\/categories?post=531139"},{"taxonomy":"post_tag","embeddable":true,"href":"https:\/\/www.europesays.com\/fr\/wp-json\/wp\/v2\/tags?post=531139"}],"curies":[{"name":"wp","href":"https:\/\/api.w.org\/{rel}","templated":true}]}}