{"id":531141,"date":"2025-11-13T10:53:20","date_gmt":"2025-11-13T10:53:20","guid":{"rendered":"https:\/\/www.europesays.com\/fr\/531141\/"},"modified":"2025-11-13T10:53:20","modified_gmt":"2025-11-13T10:53:20","slug":"ces-chercheurs-ont-trouve-un-moyen-de-detecter-alzheimer-jusqua-20-ans-avant-les-premiers-symptomes","status":"publish","type":"post","link":"https:\/\/www.europesays.com\/fr\/531141\/","title":{"rendered":"Ces chercheurs ont trouv\u00e9 un moyen de d\u00e9tecter Alzheimer jusqu\u2019\u00e0 20 ans avant les premiers sympt\u00f4mes"},"content":{"rendered":"<p><a href=\"https:\/\/www.presse-citron.net\/alzheimer-bientot-un-diagnostic-possible-avec-une-seule-prise-de-sang\/\" target=\"_blank\" rel=\"noopener\">La maladie d\u2019Alzheimer<\/a> se d\u00e9clare tr\u00e8s lentement, c\u2019est pourquoi elle est qualifi\u00e9e de pathologie neurod\u00e9g\u00e9n\u00e9rative et il faut attendre parfois jusqu\u2019\u00e0 deux d\u00e9cennies avant que les premiers probl\u00e8mes de m\u00e9moire ne surviennent. Bien avant ce stade avanc\u00e9 de la maladie, il existe un entredeux, baptis\u00e9 par les neurologues trouble cognitif l\u00e9ger (TCL).<\/p>\n<p>Un laps de temps dans lequel les traitements sont le plus efficaces, \u00e0 condition que la maladie soit rep\u00e9r\u00e9e assez t\u00f4t. C\u2019est l\u2019objectif de ces travaux men\u00e9s par une \u00e9quipe britannique de l\u2019Universit\u00e9 de Bath\u00a0: d\u00e9velopper un test rapide et fiable, qui pourrait <strong>d\u00e9tecter les premiers d\u00e9r\u00e8glements mn\u00e9siques avant qu\u2019ils ne soient visibles<\/strong>. Leur \u00e9tude \u00e0 ce propos a \u00e9t\u00e9 publi\u00e9e le 1\u1d49\u02b3 septembre 2025 dans le volume 7 de <a href=\"https:\/\/academic.oup.com\/braincomms\/article\/7\/5\/fcaf279\/8244619?login=false\" target=\"_blank\" rel=\"noopener\">la revue Brain Communications<\/a>.<\/p>\n<p> Une nouvelle mani\u00e8re d\u2019analyser la m\u00e9moire <\/p>\n<p>La m\u00e9thode d\u00e9velopp\u00e9e par ces chercheurs s\u2019appelle Fastball et repose sur une mesure par <a href=\"https:\/\/www.presse-citron.net\/lelectroencephalogramme-a-100-ans-comment-cette-technologie-a-change-la-science\/\" target=\"_blank\" rel=\"noopener\">\u00e9lectroenc\u00e9phalographie (EEG)<\/a> exploitant la stimulation visuelle p\u00e9riodique rapide (Fast Periodic Visual Stimulation, ou FPVS). Pendant trois minutes, les participants regardent d\u00e9filer sur un \u00e9cran <strong>des images pr\u00e9sent\u00e9es \u00e0 un rythme tr\u00e8s rapide<\/strong> (environ trois par seconde).<\/p>\n<p>\u00c0 intervalles r\u00e9guliers, certaines de ces images r\u00e9apparaissent bri\u00e8vement\u00a0: ce sont des stimuli d\u00e9j\u00e0 vus, ins\u00e9r\u00e9s au milieu d\u2019images nouvelles. Chaque fois que le cerveau reconna\u00eet l\u2019une de ces r\u00e9p\u00e9titions, <strong>il produit une r\u00e9ponse \u00e9lectrique caract\u00e9ristique<\/strong>, d\u00e9tect\u00e9e par l\u2019EEG.<\/p>\n<p>En comparant l\u2019intensit\u00e9 et la r\u00e9gularit\u00e9 de ces signaux (la r\u00e9ponse du cerveau) entre les participants, les chercheurs peuvent mesurer la capacit\u00e9 du cerveau \u00e0 identifier inconsciemment ce qu\u2019il a d\u00e9j\u00e0 per\u00e7u. Cela leur permet de sonder le fonctionnement de la m\u00e9moire de reconnaissance, qui est normalement alt\u00e9r\u00e9e tr\u00e8s t\u00f4t lorsqu\u2019une personne est atteinte d\u2019Alzheimer. De cette mani\u00e8re, <strong>ce type de m\u00e9moire devient un indicateur fiable<\/strong>.<\/p>\n<p> Un outil objectif, affranchi des biais humains <\/p>\n<p>\u00ab\u00a0C\u2019est une mesure enti\u00e8rement passive et objective\u00a0\u00bb, explique le neuroscientifique George Stothart, auteur principal de l\u2019\u00e9tude. \u00ab\u00a0Elle ne d\u00e9pend ni de la culture, ni du niveau d\u2019\u00e9ducation, ni de la motivation du sujet \u00bb.<\/p>\n<p>L\u2019exp\u00e9rience a port\u00e9 sur <strong>53 patients atteints de TCL et 54 adultes \u00e2g\u00e9s sains<\/strong>. Les premiers \u00e9taient divis\u00e9s entre un groupe amn\u00e9sique (o\u00f9 la perte de m\u00e9moire est importante) et un groupe non amn\u00e9sique. Tous ont pass\u00e9 le test Fastball, ainsi que des \u00e9valuations neuropsychologiques classiquement prescrites (m\u00e9moire, attention, cognition globale). Un an plus tard, les m\u00eames participants ont \u00e9t\u00e9 r\u00e9\u00e9valu\u00e9s pour mesurer la fiabilit\u00e9 du dispositif.<\/p>\n<p>Les r\u00e9sultats ont d\u00e9pass\u00e9 les attentes de l\u2019\u00e9quipe, puisque les patients amn\u00e9siques atteints de TCL ont montr\u00e9 <strong>une r\u00e9action c\u00e9r\u00e9brale plus faible lorsqu\u2019ils reconnaissent des images d\u00e9j\u00e0 vues<\/strong>, compar\u00e9e \u00e0 celle des sujets sains (p = 0,005) et des TCL non amn\u00e9siques (p = 0,001).<\/p>\n<p>En langage statistique, ces valeurs de p indiquent que la probabilit\u00e9 que ces diff\u00e9rences soient dues au hasard est inf\u00e9rieure \u00e0 1\u00a0% (pour le p = 0,005) ou \u00e0 0,1\u00a0% (pour le p = 0,001), <strong>ce qui en fait un r\u00e9sultat statistiquement tr\u00e8s probant<\/strong>.<\/p>\n<p>De surcro\u00eet, cette baisse d\u2019activit\u00e9 c\u00e9r\u00e9brale touche sp\u00e9cifiquement <strong>les r\u00e9gions du cerveau impliqu\u00e9es dans la reconnaissance visuelle<\/strong> (cortex temporal m\u00e9dian, hippocampe et cortex p\u00e9rihinal). Elles sont, bien souvent, les premi\u00e8res zones atteintes lorsque la maladie d\u2019Alzheimer se d\u00e9clare.<\/p>\n<p>Cela signifie donc que le test Fastball permet d\u2019observer, en direct, la d\u00e9sorganisation des r\u00e9seaux neuronaux de la m\u00e9moire visuelle, <strong>bien avant que les troubles ne se manifestent au quotidien<\/strong>.<\/p>\n<p>Ce test, en neurosciences, repr\u00e9sente aussi <strong>une nouvelle mani\u00e8re d\u2019aborder la maladie et ses effets sur la m\u00e9moire<\/strong>. Puisqu\u2019il est compl\u00e8tement ind\u00e9pendant de variables pouvant le troubler et qu\u2019il n\u2019exploite que les signaux \u00e9lectriques du cerveau, cela permet aux chercheurs de <strong>contourner les biais imput\u00e9s aux tests cognitifs<\/strong> (anxi\u00e9t\u00e9, fatigue, compr\u00e9hension des consignes, niveau d\u2019\u00e9ducation, etc.). Peut-\u00eatre deviendra-t-il un outil de d\u00e9pistage <strong>au cours de la prochaine d\u00e9cennie<\/strong>, une fois valid\u00e9 sur des cohortes plus vastes. Dans le meilleur des cas, une utilisation hospitali\u00e8re exp\u00e9rimentale <strong>pourrait voir le jour d\u2019ici 5 \u00e0 7 ans<\/strong>, avant une int\u00e9gration r\u00e9elle dans les parcours de d\u00e9pistage <strong>autour de 2035, voire 2040<\/strong>. Si cela devait vraiment arriver, ce serait l\u2019\u00e9quivalent, pour le cerveau, <strong>de ce que l\u2019\u00e9lectrocardiogramme fut pour le c\u0153ur<\/strong> : une r\u00e9volution m\u00e9dicale qui a compl\u00e8tement<strong> transform\u00e9 la prise en charge hospitali\u00e8re<\/strong>.<\/p>\n<ul class=\"tldr\">\n<li>Des chercheurs britanniques ont con\u00e7u un test EEG de trois minutes capable de rep\u00e9rer tr\u00e8s t\u00f4t les alt\u00e9rations de la m\u00e9moire li\u00e9es \u00e0 Alzheimer, bien avant les premiers sympt\u00f4mes.<\/li>\n<li>L\u2019\u00e9tude montre que les patients pr\u00e9sentant un trouble cognitif l\u00e9ger ont une r\u00e9ponse c\u00e9r\u00e9brale affaiblie lorsqu\u2019ils reconnaissent des images d\u00e9j\u00e0 vues, un signe mesurable du d\u00e9clin mn\u00e9sique.<\/li>\n<li>Simple, rapide et non invasif, ce dispositif pourrait devenir d\u2019ici une dizaine d\u2019ann\u00e9es un outil de d\u00e9pistage clinique, \u00e0 l\u2019image de l\u2019\u00e9lectrocardiogramme pour le c\u0153ur.<\/li>\n<\/ul>\n<blockquote>\n<p class=\"text-base text-neutral-700 dark:text-neutral-300\">\ud83d\udccd Pour ne manquer aucune actualit\u00e9 de Presse-citron, suivez-nous sur <a href=\"https:\/\/news.google.com\/publications\/CAAqBggKMIPiNTC70wU?hl=fr&amp;gl=FR&amp;ceid=FR%3Afr\" target=\"_blank\" rel=\"noopener\">Google Actualit\u00e9s<\/a> et <a href=\"https:\/\/whatsapp.com\/channel\/0029VaCkGuz4NViitBXbEr0b\" target=\"_blank\" rel=\"noopener\">WhatsApp<\/a>.<\/p>\n<\/blockquote>\n<p>            <img decoding=\"async\" src=\"https:\/\/www.europesays.com\/fr\/wp-content\/uploads\/2025\/03\/tous-anti-covid.png\" alt=\"TousAntiCovid\" loading=\"lazy\"\/>                            <\/p>\n","protected":false},"excerpt":{"rendered":"La maladie d\u2019Alzheimer se d\u00e9clare tr\u00e8s lentement, c\u2019est pourquoi elle est qualifi\u00e9e de pathologie neurod\u00e9g\u00e9n\u00e9rative et il faut&hellip;\n","protected":false},"author":2,"featured_media":531142,"comment_status":"","ping_status":"","sticky":false,"template":"","format":"standard","meta":{"footnotes":""},"categories":[10],"tags":[328,231,1011,27,72,224,71,43],"class_list":{"0":"post-531141","1":"post","2":"type-post","3":"status-publish","4":"format-standard","5":"has-post-thumbnail","7":"category-sante","8":"tag-a-la-une","9":"tag-cerveau","10":"tag-fr","11":"tag-france","12":"tag-health","13":"tag-medecine","14":"tag-sante","15":"tag-science"},"share_on_mastodon":{"url":"https:\/\/pubeurope.com\/@fr\/115542020265355483","error":""},"_links":{"self":[{"href":"https:\/\/www.europesays.com\/fr\/wp-json\/wp\/v2\/posts\/531141","targetHints":{"allow":["GET"]}}],"collection":[{"href":"https:\/\/www.europesays.com\/fr\/wp-json\/wp\/v2\/posts"}],"about":[{"href":"https:\/\/www.europesays.com\/fr\/wp-json\/wp\/v2\/types\/post"}],"author":[{"embeddable":true,"href":"https:\/\/www.europesays.com\/fr\/wp-json\/wp\/v2\/users\/2"}],"replies":[{"embeddable":true,"href":"https:\/\/www.europesays.com\/fr\/wp-json\/wp\/v2\/comments?post=531141"}],"version-history":[{"count":0,"href":"https:\/\/www.europesays.com\/fr\/wp-json\/wp\/v2\/posts\/531141\/revisions"}],"wp:featuredmedia":[{"embeddable":true,"href":"https:\/\/www.europesays.com\/fr\/wp-json\/wp\/v2\/media\/531142"}],"wp:attachment":[{"href":"https:\/\/www.europesays.com\/fr\/wp-json\/wp\/v2\/media?parent=531141"}],"wp:term":[{"taxonomy":"category","embeddable":true,"href":"https:\/\/www.europesays.com\/fr\/wp-json\/wp\/v2\/categories?post=531141"},{"taxonomy":"post_tag","embeddable":true,"href":"https:\/\/www.europesays.com\/fr\/wp-json\/wp\/v2\/tags?post=531141"}],"curies":[{"name":"wp","href":"https:\/\/api.w.org\/{rel}","templated":true}]}}