{"id":531150,"date":"2025-11-13T10:58:13","date_gmt":"2025-11-13T10:58:13","guid":{"rendered":"https:\/\/www.europesays.com\/fr\/531150\/"},"modified":"2025-11-13T10:58:13","modified_gmt":"2025-11-13T10:58:13","slug":"en-norvege-une-taxe-zucman-a-fait-fuir-les-riches-pas-si-vite","status":"publish","type":"post","link":"https:\/\/www.europesays.com\/fr\/531150\/","title":{"rendered":"En Norv\u00e8ge, une \u00ab\u00a0taxe Zucman\u00a0\u00bb a fait fuir les riches\u00a0? Pas si vite"},"content":{"rendered":"<p>La Norv\u00e8ge, ses fjords, ses \u00e9levages de saumons\u2026 et sa taxation des plus fortun\u00e9s. Alors que la France <a href=\"https:\/\/www.20minutes.fr\/politique\/assemblee_nationale\/4185050-20251112-direct-budget-2026-suspension-reforme-retraites-arrive-devant-deputes\" class=\"c-link c-link--is-underlined\" target=\"_blank\" rel=\"noopener\">d\u00e9bat de son prochain budget<\/a>, le mod\u00e8le fiscal du pays scandinave fait figure d\u2019\u00e9pouvantail dans les cercles \u00e9conomiques lib\u00e9raux fran\u00e7ais, qui comparent cet imp\u00f4t sur la fortune \u00e0 la sauce norv\u00e9gienne \u00e0 la <a href=\"https:\/\/www.20minutes.fr\/politique\/4182278-20251029-budget-2026-taxe-zucman-vs-taxe-zucman-light-differences\" class=\"c-link c-link--is-underlined\" target=\"_blank\" rel=\"noopener\">m\u00e9diatis\u00e9e taxe Zucman<\/a>, <a href=\"https:\/\/www.20minutes.fr\/politique\/assemblee_nationale\/4182792-20251031-budget-2026-inconnu-assemblee-rejette-taxe-zucman-ps-attend-geste-lecornu\" class=\"c-link c-link--is-underlined\" target=\"_blank\" rel=\"noopener\">rejet\u00e9e le 31\u00a0octobre<\/a> par les d\u00e9put\u00e9s fran\u00e7ais.<\/p>\n<p>En\u00a02022, une hausse de cet <a href=\"https:\/\/www.20minutes.fr\/monde\/2646319-20191107-norvege-chaque-citoyen-peut-connaitre-revenus-entourage-grace-fisc\" class=\"c-link c-link--is-underlined\" target=\"_blank\" rel=\"noopener\">imp\u00f4t sur la fortune en Norv\u00e8ge<\/a> aurait eu pour cons\u00e9quence de faire fuir de riches contribuables, cr\u00e9ant ainsi un manque \u00e0 gagner pour les finances publiques.<\/p>\n<\/p>\n<p>L\u2019argument est diffus\u00e9 sur les r\u00e9seaux sociaux sous la forme d\u2019un graphique, traduit d\u2019un article en anglais \u00e9crit par un site dont la sp\u00e9cialit\u00e9 est d\u2019accompagner les personnes d\u00e9sireuses d\u2019acqu\u00e9rir la nationalit\u00e9 d\u2019un pays \u00e0 la fiscalit\u00e9 douce. On peut ainsi lire que ces riches exil\u00e9s cumuleraient un patrimoine de 46\u00a0milliards d\u2019euros. Du fait de ces d\u00e9parts, 381\u00a0millions d\u2019euros auraient manqu\u00e9 dans les caisses de l\u2019Etat et des communes norv\u00e9giennes, \u00e0 qui cet imp\u00f4t sur la fortune est d\u00fb.<\/p>\n<p><img decoding=\"async\" alt=\"Ce graphique \u00e9voquant une &quot;taxe Zucman norv\u00e9gienne&quot; est incomplet.\" class=\"c-img\" loading=\"lazy\" fetchpriority=\"auto\" width=\"718\"  src=\"https:\/\/img.20mn.fr\/1G5sCGvBThuLG-cu9fGasyk\/718x0\" \/>Ce graphique \u00e9voquant une \u00ab\u00a0taxe Zucman norv\u00e9gienne\u00a0\u00bb est incomplet.\u2002-\u00a0Capture d&rsquo;\u00e9cran FacebookFAKE OFFPeut-on comparer cet imp\u00f4t sur la fortune norv\u00e9gien avec la taxe Zucman\u00a0?<\/p>\n<p>Difficilement. Dans leur proposition de loi qui reprend la formulation imagin\u00e9e par l\u2019\u00e9conomiste fran\u00e7ais Gabriel Zucman, les d\u00e9put\u00e9es Eva Sas (Les \u00e9cologistes) et Cl\u00e9mentine Autain (La France insoumise) <a href=\"https:\/\/www.assemblee-nationale.fr\/dyn\/17\/textes\/l17b0768_proposition-loi.pdf\" target=\"_blank\" class=\"c-link c-link--is-underlined\" rel=\"noopener\">arguent<\/a> que cette taxe touchera \u00ab\u00a00,001\u00a0%\u00a0\u00bb des contribuables fran\u00e7ais, soit ceux dont le patrimoine s\u2019\u00e9l\u00e8ve a minima \u00e0 100\u00a0millions d\u2019euros. L\u2019objectif est \u00ab\u00a0de s\u2019assurer que ceux-ci paient au moins 2\u00a0% de leur fortune en imp\u00f4ts\u00a0\u00bb. Des dispositions sont pr\u00e9vues pour \u00e9viter le ph\u00e9nom\u00e8ne de double taxation.<\/p>\n<p>L\u2019imp\u00f4t sur la fortune norv\u00e9gien, le formueskatt, a une assiette plus vaste. Il est redevable d\u00e8s lors que le contribuable poss\u00e8de un patrimoine s\u2019\u00e9levant \u00e0 1.760.001 couronnes norv\u00e9giennes, soit 150.800 euros. Toutefois, des d\u00e9ductions existent pour le calcul du patrimoine, rendant ainsi cette taxe applicable \u00e0 des patrimoines dont la valeur r\u00e9elle est plus \u00e9lev\u00e9e.<\/p>\n<p>Entre 150.800 et 177.388 euros de patrimoine, les contribuables <a href=\"https:\/\/www.skatteetaten.no\/en\/rates\/wealth-tax\/\" target=\"_blank\" class=\"c-link c-link--is-underlined\" rel=\"noopener\">doivent payer un taux de 1\u00a0%<\/a>. Pour les patrimoines sup\u00e9rieurs, le taux de l\u2019imp\u00f4t grimpe \u00e0 1,1\u00a0%.<\/p>\n<p>Du fait de cette assiette plus basse que la taxe Zucman, plus de contribuables norv\u00e9giens <a href=\"https:\/\/web.archive.org\/web\/20240406021609\/https:\/\/www.ssb.no\/inntekt-og-forbruk\/skatt-for-personer\/statistikk\/skatt-for-personer\" target=\"_blank\" class=\"c-link c-link--is-underlined\" rel=\"noopener\">s\u2019acquittent de cet imp\u00f4t<\/a>\u00a0: en\u00a02022, ils \u00e9taient 623.423, soit pr\u00e8s de 11,23\u00a0% de l\u2019ensemble des Norv\u00e9giens. En\u00a02023, ce chiffre <a href=\"https:\/\/www.ssb.no\/inntekt-og-forbruk\/skatt-for-personer\/statistikk\/skatt-for-personer\" target=\"_blank\" class=\"c-link c-link--is-underlined\" rel=\"noopener\">avait l\u00e9g\u00e8rement augment\u00e9<\/a>, avec 654.947 contribuables s\u2019acquittant de cet imp\u00f4t.<\/p>\n<p>Que s\u2019est-il pass\u00e9 en Norv\u00e8ge en\u00a02022\u00a0?<\/p>\n<p>Cette ann\u00e9e-l\u00e0, un nouveau taux de l\u2019imp\u00f4t sur la fortune, qui existe depuis\u00a01892, entre en vigueur. Le taux applicable passe \u00e0 1,1\u00a0% pour les contribuables les plus fortun\u00e9s.<\/p>\n<p>Dans les mois qui suivent, la presse locale <a href=\"https:\/\/e24.no\/naeringsliv\/i\/O8yQw3\/ny-milliardaer-har-flyttet-til-sveits\" target=\"_blank\" class=\"c-link c-link--is-underlined\" rel=\"noopener\">se fait l\u2019\u00e9cho<\/a> de <a href=\"https:\/\/www.dn.no\/privatokonomi\/skattelistene\/sveits-flytterne-betalte-546-millioner-kroner-i-skatt\/2-1-1368273\" target=\"_blank\" class=\"c-link c-link--is-underlined\" rel=\"noopener\">d\u00e9parts <\/a>de fortun\u00e9s Norv\u00e9giens \u00e0 l\u2019\u00e9tranger. La Suisse figure parmi les destinations privil\u00e9gi\u00e9es. <a href=\"https:\/\/www.ssb.no\/virksomheter-foretak-og-regnskap\/skatt-for-naeringsvirksomhet\/artikler\/latente-eierinntekter-og-skatteforpliktelser-pa-unoterte-aksjer-i-perioden-20112022\/_\/attachment\/inline\/0e7995b2-e27c-4deb-b21b-e17a96b97615:3dcb81081cab9994cb82cdc87b5c07ce72d9e236\/RAPP2025-21.pdf\" target=\"_blank\" class=\"c-link c-link--is-underlined\" rel=\"noopener\">D\u2019apr\u00e8s un rapport<\/a> du bureau des statistiques du pays, <a href=\"https:\/\/lessurligneurs.eu\/le-modele-fiscal-norvegien-prouve-t-il-linefficacite-de-la-taxe-zucman\/\" target=\"_blank\" class=\"c-link c-link--is-underlined\" rel=\"noopener\">rep\u00e9r\u00e9<\/a> par les Surligneurs, 240 Norv\u00e9giens figurant parmi les 1\u00a0% des plus hauts revenus ont quitt\u00e9 le pays entre\u00a02022 et\u00a02024.<\/p>\n<p>Il est toutefois hasardeux d\u2019imputer ces d\u00e9parts \u00e0 cette seule hausse de l\u2019imp\u00f4t sur la fortune. Un autre facteur a pu entrer en jeu\u00a0: en\u00a02022, une disposition permettait d\u2019\u00eatre exon\u00e9r\u00e9 d\u2019imp\u00f4ts sur certains dividendes et plus-values apr\u00e8s cinq ans pass\u00e9s \u00e0 l\u2019\u00e9tranger, comme <a href=\"https:\/\/www.aftenposten.no\/meninger\/kronikk\/i\/737pMv\/skatteflukten-til-sveits-har-skjulte-kostnader\" target=\"_blank\" class=\"c-link c-link--is-underlined\" rel=\"noopener\">le note<\/a> l\u2019\u00e9conomiste Appelez Moene dans le journal Aftenposten. Cette disposition a \u00e9t\u00e9 restreinte en\u00a02024.<\/p>\n<p>Ces d\u00e9parts ont-ils cr\u00e9\u00e9 un manque \u00e0 gagner\u00a0?<\/p>\n<p>Le graphique diffus\u00e9 sur les r\u00e9seaux sociaux \u00e9voque une perte de 381\u00a0millions d\u2019euros de recettes fiscales. Un calcul fait \u00e0 partir de l\u2019estimation du patrimoine des exil\u00e9s, estim\u00e9 \u00e0 46\u00a0milliards d\u2019euros. Or, du fait notamment des diverses d\u00e9ductions, on ne peut pas calculer le montant de l\u2019imp\u00f4t \u00e0 partir du patrimoine brut.<\/p>\n<p>En d\u00e9cembre\u00a02023, le ministre des Finances <a href=\"https:\/\/www.stortinget.no\/no\/Saker-og-publikasjoner\/Sporsmal\/Skriftlige-sporsmal-og-svar\/Skriftlig-sporsmal\/?qnid=87524\" target=\"_blank\" class=\"c-link c-link--is-underlined\" rel=\"noopener\">avait avanc\u00e9 <\/a>que 82 ultra-riches Norv\u00e9giens avaient quitt\u00e9 le pays. Ces citoyens fortun\u00e9s avaient un patrimoine cumul\u00e9 de 45,7\u00a0milliards de couronnes norv\u00e9giennes l\u2019ann\u00e9e avant leur d\u00e9part. Des chiffres que le ministre invite \u00e0 interpr\u00e9ter \u00ab\u00a0avec prudence\u00a0\u00bb.<\/p>\n<p>Avec un montant moyen par contribuable de 41.500 couronnes en\u00a02022, le formueskatt a rapport\u00e9 27\u00a0milliards de couronnes, soit 2,3\u00a0milliards d\u2019euros, aux communes et \u00e0 l\u2019Etat norv\u00e9giens, selon un calcul du minist\u00e8re des Finances <a href=\"https:\/\/factuel.afp.com\/doc.afp.com.78CY3WE\" target=\"_blank\" class=\"c-link c-link--is-underlined\" rel=\"noopener\">fourni <\/a>\u00e0 l\u2019AFP. Ce montant a augment\u00e9 en\u00a02023, avec un montant moyen de 44.000 couronnes et un total de 30\u00a0milliards de couronnes (2,5\u00a0milliards d\u2019euros) pour les caisses publiques. Pour\u00a02025, le minist\u00e8re des Finances pr\u00e9voit des rentr\u00e9es de 34,8\u00a0milliards de couronnes, soit pr\u00e8s de 3\u00a0milliards d\u2019euros.<\/p>\n","protected":false},"excerpt":{"rendered":"La Norv\u00e8ge, ses fjords, ses \u00e9levages de saumons\u2026 et sa taxation des plus fortun\u00e9s. Alors que la France&hellip;\n","protected":false},"author":2,"featured_media":531151,"comment_status":"","ping_status":"","sticky":false,"template":"","format":"standard","meta":{"footnotes":""},"categories":[5],"tags":[47,11,33,840,1011,27,46184,14,12,673,52897,28],"class_list":{"0":"post-531150","1":"post","2":"type-post","3":"status-publish","4":"format-standard","5":"has-post-thumbnail","7":"category-international","8":"tag-actualite","9":"tag-actualites","10":"tag-economie","11":"tag-fake-off","12":"tag-fr","13":"tag-france","14":"tag-impot-sur-la-fortune-isf","15":"tag-international","16":"tag-news","17":"tag-norvege","18":"tag-taxe-zucman","19":"tag-world"},"share_on_mastodon":{"url":"https:\/\/pubeurope.com\/@fr\/115542040403796742","error":""},"_links":{"self":[{"href":"https:\/\/www.europesays.com\/fr\/wp-json\/wp\/v2\/posts\/531150","targetHints":{"allow":["GET"]}}],"collection":[{"href":"https:\/\/www.europesays.com\/fr\/wp-json\/wp\/v2\/posts"}],"about":[{"href":"https:\/\/www.europesays.com\/fr\/wp-json\/wp\/v2\/types\/post"}],"author":[{"embeddable":true,"href":"https:\/\/www.europesays.com\/fr\/wp-json\/wp\/v2\/users\/2"}],"replies":[{"embeddable":true,"href":"https:\/\/www.europesays.com\/fr\/wp-json\/wp\/v2\/comments?post=531150"}],"version-history":[{"count":0,"href":"https:\/\/www.europesays.com\/fr\/wp-json\/wp\/v2\/posts\/531150\/revisions"}],"wp:featuredmedia":[{"embeddable":true,"href":"https:\/\/www.europesays.com\/fr\/wp-json\/wp\/v2\/media\/531151"}],"wp:attachment":[{"href":"https:\/\/www.europesays.com\/fr\/wp-json\/wp\/v2\/media?parent=531150"}],"wp:term":[{"taxonomy":"category","embeddable":true,"href":"https:\/\/www.europesays.com\/fr\/wp-json\/wp\/v2\/categories?post=531150"},{"taxonomy":"post_tag","embeddable":true,"href":"https:\/\/www.europesays.com\/fr\/wp-json\/wp\/v2\/tags?post=531150"}],"curies":[{"name":"wp","href":"https:\/\/api.w.org\/{rel}","templated":true}]}}