{"id":531153,"date":"2025-11-13T11:00:12","date_gmt":"2025-11-13T11:00:12","guid":{"rendered":"https:\/\/www.europesays.com\/fr\/531153\/"},"modified":"2025-11-13T11:00:12","modified_gmt":"2025-11-13T11:00:12","slug":"atp-finals-zverev-apres-sa-nouvelle-defaite-contre-sinner-le-resultat-est-de-6-4-6-3-mais-a-mon-humble-avis-jai-trouve-que-le-match-etait-plus-serre-que-ne-le-laisse-penser-le-score","status":"publish","type":"post","link":"https:\/\/www.europesays.com\/fr\/531153\/","title":{"rendered":"ATP &#8211; Finals > Zverev, apr\u00e8s sa nouvelle d\u00e9faite contre Sinner : \u00ab\u00a0Le r\u00e9sultat est de 6-4, 6-3, mais \u00e0 mon humble avis, j&rsquo;ai trouv\u00e9 que le match \u00e9tait plus serr\u00e9 que ne le laisse penser le score\u00a0\u00bb"},"content":{"rendered":"<p>En conf\u00e9\u00adrence de presse apr\u00e8s avoir conc\u00e9d\u00e9 face \u00e0 Jannik Sinner une cinqui\u00e8me d\u00e9faite cons\u00e9\u00adcu\u00adtive, Alexander Zverev s\u2019est pour\u00adtant dit globa\u00adle\u00adment satis\u00adfait de sa perfor\u00admance. L\u2019Allemand a surtout tenu \u00e0 saluer la qualit\u00e9 de service de l\u2019Italien dans les moments\u2010cl\u00e9s.<\/p>\n<p><strong>\u00ab\u202fJe pense que globa\u00adle\u00adment, la plus grande diff\u00e9\u00adrence dans le match, c\u2019\u00e9tait la fa\u00e7on dont il servait sur les balles de break. J\u2019ai eu plus de balles de break que lui. Je me sentais tr\u00e8s bien depuis la ligne de fond. Pour \u00eatre honn\u00eate, il a eu deux occa\u00adsions de me breaker, et il les a toutes les deux saisies. J\u2019ai eu beau\u00adcoup d\u2019oc\u00adca\u00adsions, et je n\u2019en ai saisi aucune. Le score \u00e9tait de 6\u20134, 6\u20133, mais \u00e0 mon humble avis, j\u2019ai trouv\u00e9 que le match \u00e9tait plus serr\u00e9 que ne le laisse penser le score. J\u2019ai trouv\u00e9 que c\u2019\u00e9tait un match de tr\u00e8s haut niveau. J\u2019ai trouv\u00e9 que nous avions parti\u00adcu\u00adli\u00e8\u00adre\u00adment bien jou\u00e9 depuis la ligne de\u00a0fond.\u202f\u00bb<\/strong><\/p>\n<p>Zverev jouera sa quali\u00adfi\u00adca\u00adtion pour le dernier carr\u00e9 du Masters face \u00e0 Felix Auger\u2010Aliassime vendredi.\u00a0<\/p>\n<p class=\"post-published-date\" style=\"color: silver; font-size: 75%; text-align: left;\">Publi\u00e9 le jeudi 13 novembre 2025 \u00e0 08:48<\/p>\n","protected":false},"excerpt":{"rendered":"En conf\u00e9\u00adrence de presse apr\u00e8s avoir conc\u00e9d\u00e9 face \u00e0 Jannik Sinner une cinqui\u00e8me d\u00e9faite cons\u00e9\u00adcu\u00adtive, Alexander Zverev s\u2019est&hellip;\n","protected":false},"author":2,"featured_media":531154,"comment_status":"","ping_status":"","sticky":false,"template":"","format":"standard","meta":{"footnotes":""},"categories":[2],"tags":[11,14496,1011,27,12,2127,4542],"class_list":{"0":"post-531153","1":"post","2":"type-post","3":"status-publish","4":"format-standard","5":"has-post-thumbnail","7":"category-actualites","8":"tag-actualites","9":"tag-auger-aliassime","10":"tag-fr","11":"tag-france","12":"tag-news","13":"tag-sinner","14":"tag-zverev"},"share_on_mastodon":{"url":"https:\/\/pubeurope.com\/@fr\/115542047048872019","error":""},"_links":{"self":[{"href":"https:\/\/www.europesays.com\/fr\/wp-json\/wp\/v2\/posts\/531153","targetHints":{"allow":["GET"]}}],"collection":[{"href":"https:\/\/www.europesays.com\/fr\/wp-json\/wp\/v2\/posts"}],"about":[{"href":"https:\/\/www.europesays.com\/fr\/wp-json\/wp\/v2\/types\/post"}],"author":[{"embeddable":true,"href":"https:\/\/www.europesays.com\/fr\/wp-json\/wp\/v2\/users\/2"}],"replies":[{"embeddable":true,"href":"https:\/\/www.europesays.com\/fr\/wp-json\/wp\/v2\/comments?post=531153"}],"version-history":[{"count":0,"href":"https:\/\/www.europesays.com\/fr\/wp-json\/wp\/v2\/posts\/531153\/revisions"}],"wp:featuredmedia":[{"embeddable":true,"href":"https:\/\/www.europesays.com\/fr\/wp-json\/wp\/v2\/media\/531154"}],"wp:attachment":[{"href":"https:\/\/www.europesays.com\/fr\/wp-json\/wp\/v2\/media?parent=531153"}],"wp:term":[{"taxonomy":"category","embeddable":true,"href":"https:\/\/www.europesays.com\/fr\/wp-json\/wp\/v2\/categories?post=531153"},{"taxonomy":"post_tag","embeddable":true,"href":"https:\/\/www.europesays.com\/fr\/wp-json\/wp\/v2\/tags?post=531153"}],"curies":[{"name":"wp","href":"https:\/\/api.w.org\/{rel}","templated":true}]}}