{"id":531159,"date":"2025-11-13T11:03:13","date_gmt":"2025-11-13T11:03:13","guid":{"rendered":"https:\/\/www.europesays.com\/fr\/531159\/"},"modified":"2025-11-13T11:03:13","modified_gmt":"2025-11-13T11:03:13","slug":"nancy-une-semaine-immersive-pour-explorer-les-metiers-du-theatre-pour-des-ecoliers-du-haut-du-lievre","status":"publish","type":"post","link":"https:\/\/www.europesays.com\/fr\/531159\/","title":{"rendered":"Nancy. Une semaine immersive pour explorer les m\u00e9tiers du th\u00e9\u00e2tre pour des \u00e9coliers du Haut-du-Li\u00e8vre"},"content":{"rendered":"<p>\u00ab\u00a0Oui, j\u2019avais le trac\u00a0!\u00a0\u00bb A 10 ans, Bouchra a d\u00e9couvert ce curieux animal qui se loge dans les tripes en dansant la carmagnole et se saisit de notre gosier jusqu\u2019\u00e0 l\u2019\u00e9craser sans piti\u00e9. Le trac d\u2019avant-sc\u00e8ne. \u00ab\u00a0En plus je suis timide.\u00a0\u00bb Et \u00e7a, le trac s\u2019en repa\u00eet\u2026<\/p>\n<p>D\u2019autant que l\u2019\u00e9coli\u00e8re se retrouvait en terre inconnue\u00a0: dans un th\u00e9\u00e2tre. Un vrai\u00a0! Pas l\u2019auditorium de la MJC de son quartier, mais un CDN, centre dramatique national. Pour une semaine enti\u00e8re.<\/p>\n<p>Bouchra et ses 21 camarades de CM2 ont quitt\u00e9 en effet les murs de l\u2019\u00e9cole pour entrer en immersion au th\u00e9\u00e2tre de la Manufacture.<\/p>\n<p>Apr\u00e8s les classes de neige, les classes vertes ou de mer, s\u2019ajoute cette nouvelle possibilit\u00e9 qu\u2019est la classe invers\u00e9e dans un th\u00e9\u00e2tre. Sur un principe comparable\u00a0: on va faire cours ailleurs, et on en profite pour d\u00e9couvrir de nouvelles activit\u00e9s.<\/p>\n<p>In situ, ils explorent. Visitent. Questionnent. Chaque jour, ils passent un repr\u00e9sentant des m\u00e9tiers du th\u00e9\u00e2tre sur le gril. Un r\u00e9gisseur, une metteuse en sc\u00e8ne (et accessoirement directrice des lieux en la personne de Julia Vidit), une charg\u00e9e de communication, et pour finir un com\u00e9dien.<\/p>\n<p>Autant de rencontres et interviews qui contribueront au journal de bord en cours de r\u00e9alisation. Au d\u00e9jeuner\u00a0? Pique-nique au foyer. Classe immersive jusqu\u2019au bout du casse-cro\u00fbte.<\/p>\n<p>\u00ab\u00a0La classe invers\u00e9e, c\u2019est un dispositif soutenu par la Ville dans le cadre du Label 100\u00a0% EAC, \u00e9ducation artistique et culturelle\u00a0\u00bb, annonce Aur\u00e9lie Amar, charg\u00e9e des relations avec le public. Autrement dit tous les \u00e9l\u00e8ves de la ville doivent pouvoir b\u00e9n\u00e9ficier d\u2019un projet artistique, \u00ab\u00a0reposant sur trois piliers\u00a0: d\u00e9couvrir, rencontrer, pratiquer\u00a0\u00bb.<\/p>\n<p>  Lib\u00e9rez les moutons\u00a0!<\/p>\n<p>La Manu a lev\u00e9 le doigt. Et a \u00e9t\u00e9 retenue. Et en face s\u2019est port\u00e9 candidate l\u2019\u00e9cole Moselly, sise au plateau du Haut Du Li\u00e8vre, dont les habitants sont souvent tenus \u00e9loign\u00e9s de ces grands centres de culture. Cette m\u00eame \u00e9cole qui avait d\u00e9j\u00e0 test\u00e9 le dispositif avec succ\u00e8s au sein de l\u2019Op\u00e9ra l\u2019an dernier.<\/p>\n<p>Les \u00e9l\u00e8ves de Moselly ont donc pu\u00a0: 1 &#8211; d\u00e9couvrir tous les m\u00e9andres du lieu et m\u00eame assister \u00e0 un spectacle ( Dissolution )\u00a0; 2 &#8211; rencontrer les \u00ab\u00a0gens de th\u00e9\u00e2tre\u00a0\u00bb\u00a0; et 3 &#8211; pratiquer \u00e0 leur tour.<\/p>\n<p>Un atelier quotidien leur a \u00e9t\u00e9 ouvert en effet, au cours duquel ils ont endoss\u00e9 le r\u00f4le\u2026 d\u2019acteurs. Bouger, se poser, prendre la parole, \u00e9couter son partenaire de jeu, partager les \u00e9nergies et les faire rebondir, autant de petits d\u00e9fis \u00e0 relever. Incluant m\u00eame une repr\u00e9sentation in fine.<\/p>\n<p>Les jeunes gens y sont confront\u00e9s \u00e0 des monstres tout juste sortis de l\u2019\u0153uf. \u00ab\u00a0Et pour les faire fuir, on doit raconter un de nos souvenirs, d\u00e9taille la jeune Bouchra. Un souvenir extraordinaire.\u00a0\u00bb Des bribes de m\u00e9moire qu\u2019ils exposent courageusement sur les planches<\/p>\n<p>\u00ab\u00a0Quand j\u2019\u00e9tais petite, j\u2019ai lib\u00e9r\u00e9 des moutons\u00a0\u00bb, raconte ainsi la jeune fille. Quant \u00e0 ouvrir la cage aux oiseaux, pourquoi pas poursuivre avec les portes de la bergerie\u2026 Pas du go\u00fbt de l\u2019\u00e9leveur toutefois. \u00ab\u00a0Oui, bien s\u00fbr, je me suis fait disputer.\u00a0\u00bb Aujourd\u2019hui elle en sourit volontiers. Et sur sc\u00e8ne, elle a su elle aussi se lib\u00e9rer. \u00ab\u00a0Je suis quand m\u00eame moins timide maintenant\u00a0!\u00a0\u00bb<\/p>\n<p>  Prendre la confiance<\/p>\n<p>\u00ab\u00a0On a vu des enfants vraiment s\u2019ouvrir, confirme Aur\u00e9lie Cartillone, l\u2019enseignante des petits explorateurs de coulisses. Une \u00e9l\u00e8ve en particulier, compl\u00e8tement p\u00e9trifi\u00e9e au d\u00e9but, qui a finalement r\u00e9ussi \u00e0 monter sur sc\u00e8ne. Ce n\u2019\u00e9tait pourtant pas gagn\u00e9.\u00a0\u00bb<\/p>\n<p>\u00ab\u00a0Mon but, ce n\u2019est pas de r\u00e9v\u00e9ler de nouveaux com\u00e9diens, ni m\u00eame chercher de nouveaux publics, pr\u00e9cise au passage Chad Colson, le com\u00e9dien encadrant l\u2019atelier. Mais si \u00e7a peut servir \u00e0 prendre un peu la confiance ou m\u00eame \u00e0 jouer la confiance, dans la vie, \u00e7a ne pourra que les aider\u00a0!\u00a0\u00bb<\/p>\n<p>Jouer son propre r\u00f4le n\u2019est pas le moindre des d\u00e9fis dans l\u2019existence\u2026<\/p>\n","protected":false},"excerpt":{"rendered":"\u00ab\u00a0Oui, j\u2019avais le trac\u00a0!\u00a0\u00bb A 10 ans, Bouchra a d\u00e9couvert ce curieux animal qui se loge dans les&hellip;\n","protected":false},"author":2,"featured_media":531160,"comment_status":"","ping_status":"","sticky":false,"template":"","format":"standard","meta":{"footnotes":""},"categories":[9635],"tags":[1111,11,1687,1704,1057,1777,674,1011,27,775,1702,1703,12,25,3140],"class_list":{"0":"post-531159","1":"post","2":"type-post","3":"status-publish","4":"format-standard","5":"has-post-thumbnail","7":"category-nancy","8":"tag-actu","9":"tag-actualites","10":"tag-culture-loisirs","11":"tag-edition-nancy-et-agglomeration","12":"tag-education","13":"tag-eu","14":"tag-europe","15":"tag-fr","16":"tag-france","17":"tag-grand-est","18":"tag-nancy","19":"tag-nancy-ville-54b","20":"tag-news","21":"tag-republique-francaise","22":"tag-spectacle"},"share_on_mastodon":{"url":"https:\/\/pubeurope.com\/@fr\/115542058919286298","error":""},"_links":{"self":[{"href":"https:\/\/www.europesays.com\/fr\/wp-json\/wp\/v2\/posts\/531159","targetHints":{"allow":["GET"]}}],"collection":[{"href":"https:\/\/www.europesays.com\/fr\/wp-json\/wp\/v2\/posts"}],"about":[{"href":"https:\/\/www.europesays.com\/fr\/wp-json\/wp\/v2\/types\/post"}],"author":[{"embeddable":true,"href":"https:\/\/www.europesays.com\/fr\/wp-json\/wp\/v2\/users\/2"}],"replies":[{"embeddable":true,"href":"https:\/\/www.europesays.com\/fr\/wp-json\/wp\/v2\/comments?post=531159"}],"version-history":[{"count":0,"href":"https:\/\/www.europesays.com\/fr\/wp-json\/wp\/v2\/posts\/531159\/revisions"}],"wp:featuredmedia":[{"embeddable":true,"href":"https:\/\/www.europesays.com\/fr\/wp-json\/wp\/v2\/media\/531160"}],"wp:attachment":[{"href":"https:\/\/www.europesays.com\/fr\/wp-json\/wp\/v2\/media?parent=531159"}],"wp:term":[{"taxonomy":"category","embeddable":true,"href":"https:\/\/www.europesays.com\/fr\/wp-json\/wp\/v2\/categories?post=531159"},{"taxonomy":"post_tag","embeddable":true,"href":"https:\/\/www.europesays.com\/fr\/wp-json\/wp\/v2\/tags?post=531159"}],"curies":[{"name":"wp","href":"https:\/\/api.w.org\/{rel}","templated":true}]}}