{"id":531161,"date":"2025-11-13T11:04:14","date_gmt":"2025-11-13T11:04:14","guid":{"rendered":"https:\/\/www.europesays.com\/fr\/531161\/"},"modified":"2025-11-13T11:04:14","modified_gmt":"2025-11-13T11:04:14","slug":"municipales-2026-a-nancy-sarah-farghaly-candidate-lfi-devoile-les-premieres-lignes-de-son-programme","status":"publish","type":"post","link":"https:\/\/www.europesays.com\/fr\/531161\/","title":{"rendered":"Municipales 2026 \u00e0 Nancy. Sarah Farghaly, candidate LFI, d\u00e9voile les premi\u00e8res lignes de son programme"},"content":{"rendered":"<p>                    Par<br \/>\n        <strong><br \/>\n            <a href=\"https:\/\/actu.fr\/auteur\/amandine-mehl\" title=\"Consulter tous les articles de Amandine Mehl\" target=\"_blank\" rel=\"noopener\">Amandine Mehl<\/a><br \/>\n                    <\/strong><\/p>\n<p>        Publi\u00e9 le<\/p>\n<p>            13 nov. 2025 \u00e0 11h01        <\/p>\n<p><a href=\"https:\/\/actu.fr\/tag\/la-france-insoumise-lfi\" target=\"_blank\" rel=\"noopener\">La France Insoumise<\/a>, parti politique fond\u00e9 par <a href=\"https:\/\/actu.fr\/tag\/jean-luc-melenchon\" target=\"_blank\" rel=\"noopener\">Jean-Luc M\u00e9lenchon<\/a>, a d\u00e9voil\u00e9, mercredi 12\u00a0novembre, sa <strong>candidate<\/strong> pour les <strong>\u00e9lections<\/strong> <a href=\"https:\/\/actu.fr\/tag\/municipales-2026\" target=\"_blank\" rel=\"noopener\">municipales 2026<\/a> \u00e0 <strong>Nancy<\/strong>.<\/p>\n<p class=\" wall-content\">D\u2019abord nomm\u00e9e <a href=\"https:\/\/actu.fr\/grand-est\/nancy_54395\/municipales-2026-a-nancy-lfi-devoile-ses-chefs-de-file-une-main-tendue-pour-l-union-de-la-gauche_62678283.html\" target=\"_blank\" rel=\"noopener\">chef de file<\/a> avec <strong>Hadrien Fournet<\/strong>, <strong>Sarah Farghaly<\/strong> est d\u00e9sormais pr\u00e9sent\u00e9e comme la t\u00eate de liste de \u00ab<strong>\u2009Nancy Insoumise<\/strong>\u2009\u00bb.<\/p>\n<p>Les premi\u00e8res lignes du programme de la liste \u00ab\u2009Nancy Insoumise\u2009\u00bb d\u00e9voil\u00e9es<\/p>\n<p class=\" wall-content\">Si le lancement officiel de la campagne est pr\u00e9vu samedi 15\u00a0novembre, les <strong>premi\u00e8res lignes du programme<\/strong> de Mme Farghaly ont d\u00e9j\u00e0 \u00e9t\u00e9 rendues publiques.<\/p>\n<p class=\" wall-content\">La candidate entend ainsi faire de Nancy \u00ab\u2009un <strong>rempart contre la pauvret\u00e9 et la pr\u00e9carit\u00e9<\/strong>\u2009\u00bb, mener \u00ab\u2009une <strong>\u00e9cologie populaire<\/strong>\u2009\u00bb, \u00ab<strong>\u2009soutenir les collectifs citoyens<\/strong> pour une ville humaine\u2009\u00bb, \u00ab<strong>\u2009favoriser l\u2019intervention des habitants<\/strong> dans toutes les d\u00e9cisions importantes\u2009\u00bb, \u00ab<strong>\u2009lutter contre tous les types de violence et de discrimination<\/strong>\u2009\u00bb, mais aussi \u00ab\u2009revenir \u00e0 une <strong>gestion publique des services publics<\/strong>\u2009\u00bb.<\/p>\n<p class=\" wall-content\">Personnalisez votre actualit\u00e9 en ajoutant vos villes et m\u00e9dias en favori avec <a href=\"https:\/\/moncompte.actu.fr\" title=\"D\u00e9couvez Mon Actu\" rel=\"nofollow noopener\" data-trk=\"{&quot;cta&quot;:{&quot;action&quot;:&quot;https:\\\/\\\/moncompte.actu.fr&quot;,&quot;category&quot;:&quot;mon compte&quot;,&quot;from&quot;:&quot;article footer&quot;,&quot;name&quot;:&quot;Mon actu&quot;,&quot;type&quot;:&quot;cta&quot;}}\" target=\"_blank\">Mon Actu<\/a>.<\/p>\n","protected":false},"excerpt":{"rendered":"Par Amandine Mehl Publi\u00e9 le 13 nov. 2025 \u00e0 11h01 La France Insoumise, parti politique fond\u00e9 par Jean-Luc&hellip;\n","protected":false},"author":2,"featured_media":531162,"comment_status":"","ping_status":"","sticky":false,"template":"","format":"standard","meta":{"footnotes":""},"categories":[9635],"tags":[1111,11,4188,1777,674,1011,27,775,3081,1023,3434,1702,12,316,25],"class_list":{"0":"post-531161","1":"post","2":"type-post","3":"status-publish","4":"format-standard","5":"has-post-thumbnail","7":"category-nancy","8":"tag-actu","9":"tag-actualites","10":"tag-elections-municipales","11":"tag-eu","12":"tag-europe","13":"tag-fr","14":"tag-france","15":"tag-grand-est","16":"tag-jean-luc-melenchon","17":"tag-la-france-insoumise-lfi","18":"tag-municipales-2026","19":"tag-nancy","20":"tag-news","21":"tag-politique","22":"tag-republique-francaise"},"share_on_mastodon":{"url":"https:\/\/pubeurope.com\/@fr\/115542062685004295","error":""},"_links":{"self":[{"href":"https:\/\/www.europesays.com\/fr\/wp-json\/wp\/v2\/posts\/531161","targetHints":{"allow":["GET"]}}],"collection":[{"href":"https:\/\/www.europesays.com\/fr\/wp-json\/wp\/v2\/posts"}],"about":[{"href":"https:\/\/www.europesays.com\/fr\/wp-json\/wp\/v2\/types\/post"}],"author":[{"embeddable":true,"href":"https:\/\/www.europesays.com\/fr\/wp-json\/wp\/v2\/users\/2"}],"replies":[{"embeddable":true,"href":"https:\/\/www.europesays.com\/fr\/wp-json\/wp\/v2\/comments?post=531161"}],"version-history":[{"count":0,"href":"https:\/\/www.europesays.com\/fr\/wp-json\/wp\/v2\/posts\/531161\/revisions"}],"wp:featuredmedia":[{"embeddable":true,"href":"https:\/\/www.europesays.com\/fr\/wp-json\/wp\/v2\/media\/531162"}],"wp:attachment":[{"href":"https:\/\/www.europesays.com\/fr\/wp-json\/wp\/v2\/media?parent=531161"}],"wp:term":[{"taxonomy":"category","embeddable":true,"href":"https:\/\/www.europesays.com\/fr\/wp-json\/wp\/v2\/categories?post=531161"},{"taxonomy":"post_tag","embeddable":true,"href":"https:\/\/www.europesays.com\/fr\/wp-json\/wp\/v2\/tags?post=531161"}],"curies":[{"name":"wp","href":"https:\/\/api.w.org\/{rel}","templated":true}]}}