{"id":531163,"date":"2025-11-13T11:06:23","date_gmt":"2025-11-13T11:06:23","guid":{"rendered":"https:\/\/www.europesays.com\/fr\/531163\/"},"modified":"2025-11-13T11:06:23","modified_gmt":"2025-11-13T11:06:23","slug":"le-xxie-siecle-cest-deja-de-lhistoire","status":"publish","type":"post","link":"https:\/\/www.europesays.com\/fr\/531163\/","title":{"rendered":"Le XXI\u00e8 si\u00e8cle, c\u2019est d\u00e9j\u00e0 de l\u2019Histoire"},"content":{"rendered":"<p>Ce si\u00e8cle a vingt-cinq ans. Une g\u00e9n\u00e9ration. Suffisamment m\u00fbr pour en raconter l\u2019Histoire. Mais en m\u00eame temps, si proche de nous. Alors, qui de mieux plac\u00e9s que des journalistes, ces \u00ab\u00a0historiens de l\u2019instant\u00a0\u00bb, comme les qualifiait Albert camus, pour la raconter\u00a0? Celles et ceux de la r\u00e9daction du Nouvel Obs nous offrent un ouvrage qui se picore et retrace tous les bouleversements qui ont \u00e9branl\u00e9 le monde depuis le 1er\u00a0janvier 2001, d\u00e9but officiel du XXIe\u00a0si\u00e8cle.<\/p>\n<p>\t<img decoding=\"async\" src=\"https:\/\/www.europesays.com\/fr\/wp-content\/uploads\/2025\/11\/P35578223D7061909G_px_640_.jpg\" alt=\"photo \\\\\" la=\"\" premi=\"\" histoire=\"\" du=\"\" xxi=\"\" si=\"\" sous=\"\" direction=\"\" de=\"\" fran=\"\" reynaert=\"\" novice=\"\" width=\"640\" title=\" \\\"\/><\/p>\n<p class=\"elmt-legende\"> \\<\/p>\n<p><strong>\u00ab\u00a0M\u00eame si nous n\u2019y avons pas pris garde<\/strong>, \u00e9crit Fran\u00e7ois Reynaert en introduction, <strong>le foss\u00e9 qui nous \u00e9loigne de cette date est vertigineux\u00a0\u00bb<\/strong>. Le t\u00e9l\u00e9phone portable est devenu un appendice de nos vies, la Chine s\u2019est mu\u00e9e en super puissance plan\u00e9taire, le terrorisme a la guerre a fait son retour en Europe, une pand\u00e9mie nous a tous mis sur \u00ab\u00a0pause\u00a0\u00bb, sans oublier le terrorisme et la crise climatique\u2026 ce livre montre \u00e0 quel point nous avons chang\u00e9 d\u2019\u00e9poque.<\/p>\n<p>La premi\u00e8re histoire du XXI\u00e8 si\u00e8cle, sous la direction de Fran\u00e7ois Reynaert, \u00e9ditions Novice, 22,90\u20ac<\/p>\n<p>\u00a0<\/p>\n","protected":false},"excerpt":{"rendered":"Ce si\u00e8cle a vingt-cinq ans. Une g\u00e9n\u00e9ration. Suffisamment m\u00fbr pour en raconter l\u2019Histoire. Mais en m\u00eame temps, si&hellip;\n","protected":false},"author":2,"featured_media":531164,"comment_status":"","ping_status":"","sticky":false,"template":"","format":"standard","meta":{"footnotes":""},"categories":[9619],"tags":[1111,11,1442,1777,674,1011,27,937,12,882,25,13063,2310,61751],"class_list":{"0":"post-531163","1":"post","2":"type-post","3":"status-publish","4":"format-standard","5":"has-post-thumbnail","7":"category-toulon","8":"tag-actu","9":"tag-actualites","10":"tag-deja","11":"tag-eu","12":"tag-europe","13":"tag-fr","14":"tag-france","15":"tag-histoire","16":"tag-news","17":"tag-provence-alpes-cote-dazur","18":"tag-republique-francaise","19":"tag-siecle","20":"tag-toulon","21":"tag-xxie"},"share_on_mastodon":{"url":"https:\/\/pubeurope.com\/@fr\/115542071753891832","error":""},"_links":{"self":[{"href":"https:\/\/www.europesays.com\/fr\/wp-json\/wp\/v2\/posts\/531163","targetHints":{"allow":["GET"]}}],"collection":[{"href":"https:\/\/www.europesays.com\/fr\/wp-json\/wp\/v2\/posts"}],"about":[{"href":"https:\/\/www.europesays.com\/fr\/wp-json\/wp\/v2\/types\/post"}],"author":[{"embeddable":true,"href":"https:\/\/www.europesays.com\/fr\/wp-json\/wp\/v2\/users\/2"}],"replies":[{"embeddable":true,"href":"https:\/\/www.europesays.com\/fr\/wp-json\/wp\/v2\/comments?post=531163"}],"version-history":[{"count":0,"href":"https:\/\/www.europesays.com\/fr\/wp-json\/wp\/v2\/posts\/531163\/revisions"}],"wp:featuredmedia":[{"embeddable":true,"href":"https:\/\/www.europesays.com\/fr\/wp-json\/wp\/v2\/media\/531164"}],"wp:attachment":[{"href":"https:\/\/www.europesays.com\/fr\/wp-json\/wp\/v2\/media?parent=531163"}],"wp:term":[{"taxonomy":"category","embeddable":true,"href":"https:\/\/www.europesays.com\/fr\/wp-json\/wp\/v2\/categories?post=531163"},{"taxonomy":"post_tag","embeddable":true,"href":"https:\/\/www.europesays.com\/fr\/wp-json\/wp\/v2\/tags?post=531163"}],"curies":[{"name":"wp","href":"https:\/\/api.w.org\/{rel}","templated":true}]}}