{"id":531167,"date":"2025-11-13T11:08:19","date_gmt":"2025-11-13T11:08:19","guid":{"rendered":"https:\/\/www.europesays.com\/fr\/531167\/"},"modified":"2025-11-13T11:08:19","modified_gmt":"2025-11-13T11:08:19","slug":"le-prefet-de-lherault-a-delivre-lautorisation-environnementale","status":"publish","type":"post","link":"https:\/\/www.europesays.com\/fr\/531167\/","title":{"rendered":"Le Pr\u00e9fet de l\u2019H\u00e9rault a d\u00e9livr\u00e9 l\u2019autorisation environnementale"},"content":{"rendered":"<p>Cette d\u00e9cision fait suite \u00e0 l\u2019enqu\u00eate publique environnementale qui s\u2019est tenue du 28 juillet au 29 ao\u00fbt 2025 et qui a recueilli plus de 5000 contributions, dont 65% de remarques favorables au projet. Cette derni\u00e8re avait pour but de permettre \u00e0 la population de prendre connaissance des caract\u00e9ristiques du projet ainsi que ses impacts sur l\u2019environnement et les mesures associ\u00e9es.\u00a0<\/p>\n<p>La commission d\u2019enqu\u00eate a fait part d\u2019une participation record, puisque pour comparaison, l\u2019enqu\u00eate concernant la D\u00e9claration d\u2019Utilit\u00e9 Publique du COM en 2020 avait recueilli 8 fois moins de contributions et celle concernant le Ligne Nouvelle Montpellier-Perpignan 5 fois moins.<\/p>\n<p>\u00ab La mobilisation a \u00e9t\u00e9 exceptionnelle. Elle montre que les habitants se sentent pleinement concern\u00e9s par l\u2019avenir de leur territoire \u00bb, souligne Georges Rivieccio, pr\u00e9sident de la commission d\u2019enqu\u00eate.<\/p>\n<p>Le 3 octobre, la commission d\u2019enqu\u00eate avait rendu ses conclusions \u00e0 Monsieur le Pr\u00e9fet de l\u2019H\u00e9rault mentionnant un avis favorable, sans aucune r\u00e9serve.<\/p>\n<p>\u00ab Le ma\u00eetre d\u2019ouvrage a fait preuve d\u2019une r\u00e9elle prise en compte des enjeux environnementaux. Le projet, dans sa version actuelle, satisfait aux exigences r\u00e9glementaires et d\u00e9montre une volont\u00e9 d\u2019exemplarit\u00e9. \u00bb note la commission d\u2019enqu\u00eate.<\/p>\n<p><strong>L\u2019autorisation environnementale sign\u00e9e, ce dernier feu vert administratif permet d\u00e9sormais le lancement des travaux pr\u00e9paratoires au futur chantier. Les premi\u00e8res op\u00e9rations sur le terrain sont en cours de d\u00e9marrage. L\u2019ann\u00e9e 2026 sera consacr\u00e9e aux d\u00e9viations de r\u00e9seaux et aux diagnostics arch\u00e9ologiques pr\u00e9ventifs.<\/strong><\/p>\n","protected":false},"excerpt":{"rendered":"Cette d\u00e9cision fait suite \u00e0 l\u2019enqu\u00eate publique environnementale qui s\u2019est tenue du 28 juillet au 29 ao\u00fbt 2025&hellip;\n","protected":false},"author":2,"featured_media":531168,"comment_status":"","ping_status":"","sticky":false,"template":"","format":"standard","meta":{"footnotes":""},"categories":[9599],"tags":[65077,17,1111,11,36273,52106,22357,1777,674,1011,27,55731,65078,2208,12,2680,9144,14583,25],"class_list":{"0":"post-531167","1":"post","2":"type-post","3":"status-publish","4":"format-standard","5":"has-post-thumbnail","7":"category-montpellier","8":"tag-rnle","9":"tag-17","10":"tag-actu","11":"tag-actualites","12":"tag-contournement","13":"tag-delivre","14":"tag-environnementale","15":"tag-eu","16":"tag-europe","17":"tag-fr","18":"tag-france","19":"tag-lautorisation","20":"tag-lherault","21":"tag-montpellier","22":"tag-news","23":"tag-occitanie","24":"tag-ouest","25":"tag-prefet","26":"tag-republique-francaise"},"share_on_mastodon":{"url":"https:\/\/pubeurope.com\/@fr\/115542078658074086","error":""},"_links":{"self":[{"href":"https:\/\/www.europesays.com\/fr\/wp-json\/wp\/v2\/posts\/531167","targetHints":{"allow":["GET"]}}],"collection":[{"href":"https:\/\/www.europesays.com\/fr\/wp-json\/wp\/v2\/posts"}],"about":[{"href":"https:\/\/www.europesays.com\/fr\/wp-json\/wp\/v2\/types\/post"}],"author":[{"embeddable":true,"href":"https:\/\/www.europesays.com\/fr\/wp-json\/wp\/v2\/users\/2"}],"replies":[{"embeddable":true,"href":"https:\/\/www.europesays.com\/fr\/wp-json\/wp\/v2\/comments?post=531167"}],"version-history":[{"count":0,"href":"https:\/\/www.europesays.com\/fr\/wp-json\/wp\/v2\/posts\/531167\/revisions"}],"wp:featuredmedia":[{"embeddable":true,"href":"https:\/\/www.europesays.com\/fr\/wp-json\/wp\/v2\/media\/531168"}],"wp:attachment":[{"href":"https:\/\/www.europesays.com\/fr\/wp-json\/wp\/v2\/media?parent=531167"}],"wp:term":[{"taxonomy":"category","embeddable":true,"href":"https:\/\/www.europesays.com\/fr\/wp-json\/wp\/v2\/categories?post=531167"},{"taxonomy":"post_tag","embeddable":true,"href":"https:\/\/www.europesays.com\/fr\/wp-json\/wp\/v2\/tags?post=531167"}],"curies":[{"name":"wp","href":"https:\/\/api.w.org\/{rel}","templated":true}]}}