{"id":531171,"date":"2025-11-13T11:10:17","date_gmt":"2025-11-13T11:10:17","guid":{"rendered":"https:\/\/www.europesays.com\/fr\/531171\/"},"modified":"2025-11-13T11:10:17","modified_gmt":"2025-11-13T11:10:17","slug":"evenement-marche-de-noel-grande-parade-plus-dun-mois-danimations-au-programme-avec-rouen-givre","status":"publish","type":"post","link":"https:\/\/www.europesays.com\/fr\/531171\/","title":{"rendered":"Ev\u00e9nement. March\u00e9 de No\u00ebl, grande parade\u2026 plus d&rsquo;un mois d&rsquo;animations au programme avec Rouen Givr\u00e9"},"content":{"rendered":"<p melodystyle=\"texte\">Les premiers chalets commencent d\u00e9j\u00e0 \u00e0 s&rsquo;installer sur le parvis de la cath\u00e9drale. Le march\u00e9 de No\u00ebl de Rouen est attendu du 21\u00a0novembre au 28\u00a0d\u00e9cembre dans le centre historique de la ville avec pas moins d&rsquo;une cinquantaine d&rsquo;exposants.<\/p>\n<p>Des animations en pagaille<\/p>\n<p melodystyle=\"texte\">L&rsquo;\u00e9v\u00e9nement s&rsquo;inscrit dans le cadre de Rouen Givr\u00e9 qui propose aussi le \u00ab\u00a0refuge givr\u00e9\u00a0\u00bb sur la place Saint-Sever pour les habitants de la Rive-Gauche. Rendez-vous donn\u00e9 les mercredis, samedis et dimanches et tous les jours pendant les vacances scolaires avec pl\u00e9thore d&rsquo;animations, jeux, ateliers et spectacles. Rouen Givr\u00e9 s&rsquo;installe aussi dans les autres quartiers de la ville\u00a0:<\/p>\n<p melodystyle=\"texte\">\u2022 rue Saint-L\u00f4,<\/p>\n<p melodystyle=\"texte\">\u2022 rue Saint-Nicolas,<\/p>\n<p melodystyle=\"texte\">\u2022 quartier Beauvoisine,<\/p>\n<p melodystyle=\"texte\">\u2022 Croix de Pierre<\/p>\n<p melodystyle=\"texte\">\u2022 et Saint-Marc.<\/p>\n<p melodystyle=\"texte\">Le 105 participe \u00e9galement \u00e0 l&rsquo;\u00e9v\u00e9nement avec l&rsquo;installation d&rsquo;une patinoire \u00e9ph\u00e9m\u00e8re du mardi\u00a016 au mardi 23\u00a0d\u00e9cembre qui fera \u00e9cho au Gala glac\u00e9 le 18\u00a0d\u00e9cembre avec des d\u00e9monstrations des clubs sportifs rouennais \u00e0 la patinoire Nathalie Pechalat.<\/p>\n<p melodystyle=\"texte\">\u2022<b> A lire aussi.<\/b>\u00a0<a href=\"https:\/\/www.tendanceouest.com\/actualite-424828-rouen-la-marionnette-zappy-dou-vous-lit-le-premier-texte-qui-mentionne-le-pere-noel\" target=\"_blank\" rel=\"nofollow noopener\">La marionnette Zappy Dou vous lit le premier texte qui mentionne le p\u00e8re No\u00ebl<\/a><\/p>\n<p melodystyle=\"texte\">Parmi les temps forts cette ann\u00e9e, la traditionnelle grande parade de No\u00ebl est pr\u00e9vue le 1er\u00a0d\u00e9cembre. 10 chars et une centaine de danseurs autour du p\u00e8re No\u00ebl et de son tra\u00eeneau vont ainsi parader de la place des Emmur\u00e9es jusqu&rsquo;\u00e0 la place de l&rsquo;h\u00f4tel de Ville. Ensuite, le public pourra profiter de la \u00ab\u00a0v\u00e9lo-parade givr\u00e9e\u00a0\u00bb, d\u00e9fil\u00e9 de v\u00e9lo customis\u00e9 aux couleurs de No\u00ebl lanc\u00e9 le 7\u00a0d\u00e9cembre.<\/p>\n<p melodystyle=\"texte\"><b>\u2022 A lire aussi.<\/b>\u00a0<a href=\"https:\/\/www.tendanceouest.com\/actualite-424625-rouen-un-marche-de-noel-ephemere-installe-a-la-gare-on-voit-des-choses-differentes\" target=\"_blank\" rel=\"nofollow noopener\">Un march\u00e9 de No\u00ebl \u00e9ph\u00e9m\u00e8re install\u00e9 \u00e0 la gare\u00a0: \u00ab\u00a0On voit des choses diff\u00e9rentes\u00a0\u00bb<\/a><\/p>\n<p melodystyle=\"texte\">Tout aussi classique, le championnat normand du pull moche de No\u00ebl est organis\u00e9 le 15\u00a0d\u00e9cembre sur la place de la cath\u00e9drale. Les inscriptions se poursuivent d&rsquo;ailleurs jusqu&rsquo;au 4\u00a0d\u00e9cembre.<\/p>\n","protected":false},"excerpt":{"rendered":"Les premiers chalets commencent d\u00e9j\u00e0 \u00e0 s&rsquo;installer sur le parvis de la cath\u00e9drale. Le march\u00e9 de No\u00ebl de&hellip;\n","protected":false},"author":2,"featured_media":531172,"comment_status":"","ping_status":"","sticky":false,"template":"","format":"standard","meta":{"footnotes":""},"categories":[9587],"tags":[1111,11,1777,674,1011,27,12,5161,25,9590],"class_list":{"0":"post-531171","1":"post","2":"type-post","3":"status-publish","4":"format-standard","5":"has-post-thumbnail","7":"category-rouen","8":"tag-actu","9":"tag-actualites","10":"tag-eu","11":"tag-europe","12":"tag-fr","13":"tag-france","14":"tag-news","15":"tag-normandie","16":"tag-republique-francaise","17":"tag-rouen"},"share_on_mastodon":{"url":"https:\/\/pubeurope.com\/@fr\/115542086395880932","error":""},"_links":{"self":[{"href":"https:\/\/www.europesays.com\/fr\/wp-json\/wp\/v2\/posts\/531171","targetHints":{"allow":["GET"]}}],"collection":[{"href":"https:\/\/www.europesays.com\/fr\/wp-json\/wp\/v2\/posts"}],"about":[{"href":"https:\/\/www.europesays.com\/fr\/wp-json\/wp\/v2\/types\/post"}],"author":[{"embeddable":true,"href":"https:\/\/www.europesays.com\/fr\/wp-json\/wp\/v2\/users\/2"}],"replies":[{"embeddable":true,"href":"https:\/\/www.europesays.com\/fr\/wp-json\/wp\/v2\/comments?post=531171"}],"version-history":[{"count":0,"href":"https:\/\/www.europesays.com\/fr\/wp-json\/wp\/v2\/posts\/531171\/revisions"}],"wp:featuredmedia":[{"embeddable":true,"href":"https:\/\/www.europesays.com\/fr\/wp-json\/wp\/v2\/media\/531172"}],"wp:attachment":[{"href":"https:\/\/www.europesays.com\/fr\/wp-json\/wp\/v2\/media?parent=531171"}],"wp:term":[{"taxonomy":"category","embeddable":true,"href":"https:\/\/www.europesays.com\/fr\/wp-json\/wp\/v2\/categories?post=531171"},{"taxonomy":"post_tag","embeddable":true,"href":"https:\/\/www.europesays.com\/fr\/wp-json\/wp\/v2\/tags?post=531171"}],"curies":[{"name":"wp","href":"https:\/\/api.w.org\/{rel}","templated":true}]}}