{"id":531177,"date":"2025-11-13T11:13:11","date_gmt":"2025-11-13T11:13:11","guid":{"rendered":"https:\/\/www.europesays.com\/fr\/531177\/"},"modified":"2025-11-13T11:13:11","modified_gmt":"2025-11-13T11:13:11","slug":"a-rennes-il-va-piloter-le-developpement-international-du-groupe-legendre","status":"publish","type":"post","link":"https:\/\/www.europesays.com\/fr\/531177\/","title":{"rendered":"\u00c0 Rennes, il va piloter le d\u00e9veloppement international du groupe Legendre"},"content":{"rendered":"<p>Le groupe rennais Legendre, sp\u00e9cialis\u00e9 dans la construction et la promotion immobili\u00e8re, veut acc\u00e9l\u00e9rer \u00e0 l\u2019international. Pour piloter ce d\u00e9veloppement, il annonce, ce jeudi 13 novembre, la nomination d\u2019un nouveau directeur g\u00e9n\u00e9ral d\u00e9l\u00e9gu\u00e9, Thomas Vandecasteele. D\u00e9j\u00e0 \u00e0 la t\u00eate des agences de Londres, <a href=\"https:\/\/www.letelegramme.fr\/ille-et-vilaine\/rennes-35000\/span-classamorcerennesspan-legendre-realisera-la-marina-de-saint-helier-a-jersey-3982979.php\" target=\"_blank\" rel=\"noopener\">Jersey<\/a> et <a href=\"https:\/\/www.letelegramme.fr\/ille-et-vilaine\/rennes-35000\/le-groupe-rennais-legendre-boucle-une-petite-acquisition-en-suisse-6614651.php\" target=\"_blank\" rel=\"noopener\">Gen\u00e8ve<\/a>, il rejoint le comit\u00e9 ex\u00e9cutif du groupe, qui, \u00e0 l\u2019international, est \u00e9galement pr\u00e9sent <a href=\"https:\/\/www.letelegramme.fr\/ille-et-vilaine\/rennes-35000\/span-classamorcerennes-spanle-groupe-legendre-simplante-au-portugal-3535974.php\" target=\"_blank\" rel=\"noopener\">au Portugal<\/a>.<\/p>\n<p>Ing\u00e9nieur dipl\u00f4m\u00e9 de l\u2019Icam et d\u00e9tenteur d\u2019un MBA de la London Business School, Thomas Vandecasteele commence sa carri\u00e8re en 2003 chez Bouygues France puis rejoint Bouygues Royaume-Uni en 2005. Il int\u00e8gre le groupe Legendre en 2018 pour prendre la direction de l\u2019agence de Londres (cr\u00e9\u00e9e en 2016). Il \u00e9tend ensuite ses responsabilit\u00e9s \u00e0 Jersey en 2021 et Gen\u00e8ve en 2022.<\/p>\n<p>Expertise internationale<\/p>\n<p>Dans ses nouvelles fonctions de directeur g\u00e9n\u00e9ral d\u00e9l\u00e9gu\u00e9, \u00ab il contribuera activement \u00e0 la d\u00e9finition et \u00e0 la mise en \u0153uvre de la strat\u00e9gie de l\u2019entreprise, en mettant \u00e0 profit son expertise internationale et sa capacit\u00e9 \u00e0 int\u00e9grer les enjeux environnementaux et soci\u00e9taux dans les projets \u00bb, indique Legendre, qui s\u2019est fix\u00e9 pour objectif de r\u00e9aliser 20 % de son chiffre d\u2019affaires \u00e0 l\u2019\u00e9tranger d\u2019ici 2030. Le groupe, qui f\u00eatera ses 80 ans en 2026, affiche un chiffre d\u2019affaires de 1 milliard d\u2019euros en 2024 et emploie 2 500 salari\u00e9s.<\/p>\n","protected":false},"excerpt":{"rendered":"Le groupe rennais Legendre, sp\u00e9cialis\u00e9 dans la construction et la promotion immobili\u00e8re, veut acc\u00e9l\u00e9rer \u00e0 l\u2019international. Pour piloter&hellip;\n","protected":false},"author":2,"featured_media":531178,"comment_status":"","ping_status":"","sticky":false,"template":"","format":"standard","meta":{"footnotes":""},"categories":[2821],"tags":[1111,11,829,1777,674,1011,27,848,4555,12,584,25],"class_list":{"0":"post-531177","1":"post","2":"type-post","3":"status-publish","4":"format-standard","5":"has-post-thumbnail","7":"category-rennes","8":"tag-actu","9":"tag-actualites","10":"tag-bretagne","11":"tag-eu","12":"tag-europe","13":"tag-fr","14":"tag-france","15":"tag-ille-et-vilaine","16":"tag-local","17":"tag-news","18":"tag-rennes","19":"tag-republique-francaise"},"share_on_mastodon":{"url":"https:\/\/pubeurope.com\/@fr\/115542098266307768","error":""},"_links":{"self":[{"href":"https:\/\/www.europesays.com\/fr\/wp-json\/wp\/v2\/posts\/531177","targetHints":{"allow":["GET"]}}],"collection":[{"href":"https:\/\/www.europesays.com\/fr\/wp-json\/wp\/v2\/posts"}],"about":[{"href":"https:\/\/www.europesays.com\/fr\/wp-json\/wp\/v2\/types\/post"}],"author":[{"embeddable":true,"href":"https:\/\/www.europesays.com\/fr\/wp-json\/wp\/v2\/users\/2"}],"replies":[{"embeddable":true,"href":"https:\/\/www.europesays.com\/fr\/wp-json\/wp\/v2\/comments?post=531177"}],"version-history":[{"count":0,"href":"https:\/\/www.europesays.com\/fr\/wp-json\/wp\/v2\/posts\/531177\/revisions"}],"wp:featuredmedia":[{"embeddable":true,"href":"https:\/\/www.europesays.com\/fr\/wp-json\/wp\/v2\/media\/531178"}],"wp:attachment":[{"href":"https:\/\/www.europesays.com\/fr\/wp-json\/wp\/v2\/media?parent=531177"}],"wp:term":[{"taxonomy":"category","embeddable":true,"href":"https:\/\/www.europesays.com\/fr\/wp-json\/wp\/v2\/categories?post=531177"},{"taxonomy":"post_tag","embeddable":true,"href":"https:\/\/www.europesays.com\/fr\/wp-json\/wp\/v2\/tags?post=531177"}],"curies":[{"name":"wp","href":"https:\/\/api.w.org\/{rel}","templated":true}]}}