{"id":531179,"date":"2025-11-13T11:14:10","date_gmt":"2025-11-13T11:14:10","guid":{"rendered":"https:\/\/www.europesays.com\/fr\/531179\/"},"modified":"2025-11-13T11:14:10","modified_gmt":"2025-11-13T11:14:10","slug":"rapprochement-entre-bretons-dans-le-btp-le-groupe-angevin-reprend-la-pme-finisterienne-le-bris","status":"publish","type":"post","link":"https:\/\/www.europesays.com\/fr\/531179\/","title":{"rendered":"Rapprochement entre Bretons dans le BTP\u00a0: le groupe Angevin reprend la PME finist\u00e9rienne Le Bris"},"content":{"rendered":"<p>Il l\u2019annonce sur le r\u00e9seau social <a href=\"https:\/\/www.linkedin.com\/posts\/angevin_%F0%9D%97%9F%F0%9D%97%B2-%F0%9D%97%9A%F0%9D%97%BF%F0%9D%97%BC%F0%9D%98%82%F0%9D%97%BD%F0%9D%97%B2-%F0%9D%97%94%F0%9D%97%A1%F0%9D%97%9A%F0%9D%97%98%F0%9D%97%A9%F0%9D%97%9C%F0%9D%97%A1-%F0%9D%97%BD%F0%9D%97%BC%F0%9D%98%82%F0%9D%97%BF-activity-7394380373956280320-b5Ge?utm_source=share&amp;utm_medium=member_desktop&amp;rcm=ACoAAAZwENcBd2mFue4Kd3d_GCnCh33jx1s34bI\" target=\"_blank\" rel=\"noopener\">Linkedin<\/a>. Bas\u00e9 \u00e0 Noyal-Ch\u00e2tillon-sur-Seiche (35), pr\u00e8s de Rennes, le groupe de BTP Angevin a fait l\u2019acquisition de la soci\u00e9t\u00e9 Le Bris, une PME install\u00e9e \u00e0 Pleuven (29), au sud de Quimper. \u00ab Ce rapprochement renforce notre maillage territorial entre les entit\u00e9s gros \u0153uvre et d\u00e9veloppe de nouvelles synergies avec l\u2019ensemble [de nos] activit\u00e9s \u00bb, indique Angevin (800 salari\u00e9s dans le Grand Ouest et en \u00cele-de-France et 290 M\u20ac de chiffre d\u2019affaires).<\/p>\n<p>Bigard, Lactalis, Bollor\u00e9 parmi les clients<\/p>\n<p>Fond\u00e9e en 1921, la soci\u00e9t\u00e9 Le Bris a particip\u00e9 \u00e0 reconstruction de Lorient et la construction de grands ouvrages (ch\u00e2teaux d\u2019eau, stations d\u2019\u00e9puration, usines d\u2019eau potable, \u00e9quipements portuaires\u2026). Elle s\u2019est aussi tourn\u00e9e vers la r\u00e9alisation de b\u00e2timents industriels et commerciaux, notamment pour les groupes Bigard, Lactalis et Bollor\u00e9. Elle emploie 49 salari\u00e9s pour un chiffre d\u2019affaires de 12 M\u20ac.<\/p>\n<p>Pilot\u00e9 par la famille Angevin depuis 1936, le groupe Angevin intervient pour le secteur du b\u00e2timent et du g\u00e9nie civil, en particulier pour du gros \u0153uvre. Il a mis la main sur plusieurs soci\u00e9t\u00e9s ces derni\u00e8res ann\u00e9es, notamment Armor FTS, Morin B\u00e2timent et Huchet, en 2024.<\/p>\n","protected":false},"excerpt":{"rendered":"Il l\u2019annonce sur le r\u00e9seau social Linkedin. Bas\u00e9 \u00e0 Noyal-Ch\u00e2tillon-sur-Seiche (35), pr\u00e8s de Rennes, le groupe de BTP&hellip;\n","protected":false},"author":2,"featured_media":531180,"comment_status":"","ping_status":"","sticky":false,"template":"","format":"standard","meta":{"footnotes":""},"categories":[2821],"tags":[1111,11,829,1777,674,1011,27,848,4555,12,584,25],"class_list":{"0":"post-531179","1":"post","2":"type-post","3":"status-publish","4":"format-standard","5":"has-post-thumbnail","7":"category-rennes","8":"tag-actu","9":"tag-actualites","10":"tag-bretagne","11":"tag-eu","12":"tag-europe","13":"tag-fr","14":"tag-france","15":"tag-ille-et-vilaine","16":"tag-local","17":"tag-news","18":"tag-rennes","19":"tag-republique-francaise"},"share_on_mastodon":{"url":"https:\/\/pubeurope.com\/@fr\/115542102161266824","error":""},"_links":{"self":[{"href":"https:\/\/www.europesays.com\/fr\/wp-json\/wp\/v2\/posts\/531179","targetHints":{"allow":["GET"]}}],"collection":[{"href":"https:\/\/www.europesays.com\/fr\/wp-json\/wp\/v2\/posts"}],"about":[{"href":"https:\/\/www.europesays.com\/fr\/wp-json\/wp\/v2\/types\/post"}],"author":[{"embeddable":true,"href":"https:\/\/www.europesays.com\/fr\/wp-json\/wp\/v2\/users\/2"}],"replies":[{"embeddable":true,"href":"https:\/\/www.europesays.com\/fr\/wp-json\/wp\/v2\/comments?post=531179"}],"version-history":[{"count":0,"href":"https:\/\/www.europesays.com\/fr\/wp-json\/wp\/v2\/posts\/531179\/revisions"}],"wp:featuredmedia":[{"embeddable":true,"href":"https:\/\/www.europesays.com\/fr\/wp-json\/wp\/v2\/media\/531180"}],"wp:attachment":[{"href":"https:\/\/www.europesays.com\/fr\/wp-json\/wp\/v2\/media?parent=531179"}],"wp:term":[{"taxonomy":"category","embeddable":true,"href":"https:\/\/www.europesays.com\/fr\/wp-json\/wp\/v2\/categories?post=531179"},{"taxonomy":"post_tag","embeddable":true,"href":"https:\/\/www.europesays.com\/fr\/wp-json\/wp\/v2\/tags?post=531179"}],"curies":[{"name":"wp","href":"https:\/\/api.w.org\/{rel}","templated":true}]}}