{"id":531201,"date":"2025-11-13T11:26:12","date_gmt":"2025-11-13T11:26:12","guid":{"rendered":"https:\/\/www.europesays.com\/fr\/531201\/"},"modified":"2025-11-13T11:26:12","modified_gmt":"2025-11-13T11:26:12","slug":"un-showcase-gratuit-dans-le-magnifique-palais-de-la-bourse-avec-un-rappeur-qui-cartonne","status":"publish","type":"post","link":"https:\/\/www.europesays.com\/fr\/531201\/","title":{"rendered":"un showcase gratuit dans le magnifique Palais de la Bourse avec un rappeur qui cartonne\u00a0!"},"content":{"rendered":"<p>                    Par<br \/>\n        <strong><br \/>\n            <a href=\"https:\/\/actu.fr\/auteur\/margot-nicodeme\" title=\"Consulter tous les articles de Margot Nicod\u00e8me\" target=\"_blank\" rel=\"noopener\">Margot Nicod\u00e8me<\/a><br \/>\n                    <\/strong><\/p>\n<p>        Publi\u00e9 le<\/p>\n<p>            13 nov. 2025 \u00e0 12h13        <\/p>\n<p>C\u2019est une occasion en or ! Et on ne fait pas r\u00e9f\u00e9rence qu\u2019\u00e0 la c\u00e9l\u00e8bre marque qui l\u2019organise, dont les parfums en forme de lingots rencontrent un succ\u00e8s ph\u00e9nom\u00e9nal. \u00c0 l\u2019occasion de son<b> One Million Tour<\/b>, <b>Rabanne<\/b> a pr\u00e9vu <b>un showcase m\u00e9morable <\/b>\u00e0 <a href=\"https:\/\/actu.fr\/hauts-de-france\/lille_59350\/\" target=\"_blank\" rel=\"noopener\">Lille<\/a> (Nord),<b> <\/b>dans un lieu tout aussi magique : <b>le Palais de la Bourse<\/b>, \u00e0 deux pas de <a href=\"https:\/\/actu.fr\/hauts-de-france\/lille_59350\/lille-pietonnisation-de-la-grandplace-les-professionnels-redoutent-une-ville-qui-devient-inaccessible_63275302.html\" target=\"_blank\" rel=\"noopener\">la Grand\u2019Place<\/a>. Un concert gratuit, avec un rappeur qui cartonne\u2026 Il faut s\u2019inscrire (tr\u00e8s) vite !<\/p>\n<p>Une soir\u00e9e exceptionnelle sign\u00e9e Rabanne \u00e0 Lille, avec un showcase gratuit du rappeur Gradur<\/p>\n<p class=\" wall-content\">C\u2019est le mardi 18 novembre 2025 au soir que cet \u00e9v\u00e9nement exceptionnel se tiendra au c\u0153ur du Palais de la Bourse. \u00ab\u00a0L\u2019univers dor\u00e9 de One Million s\u2019incarnera le temps d\u2019une soir\u00e9e sensorielle, flamboyante et inoubliable\u00a0\u00bb, pr\u00e9viennent les \u00e9quipes de la marque. Pour l\u2019occasion, le concert gratuit sera celui de<b> Gradur, rappeur originaire de <a href=\"https:\/\/actu.fr\/hauts-de-france\/roubaix_59512\" target=\"_blank\" rel=\"noopener\">Roubaix<\/a><\/b>, qui a le vent en poupe depuis maintenant des ann\u00e9es.<\/p>\n<p class=\" wall-content\">En parall\u00e8le, l\u2019artiste Snight B assurera un DJ set, mais il y aura aussi \u00ab\u00a0des exp\u00e9riences sensorielles in\u00e9dites, o\u00f9 chaque invit\u00e9 pourra se confronter \u00e0 l\u2019audace et au jeu\u00a0\u00bb de la fragrance, ainsi que \u00ab\u00a0des surprises sign\u00e9es Rabanne\u00a0\u00bb. D\u00e9but des festivit\u00e9s : 20h.<\/p>\n<p class=\" wall-content\">Tout cela est gratuit, il faut juste s\u2019inscrire \u00e0 la vitesse de l\u2019\u00e9clair. Car seuls <b>les 600 premiers <\/b>seront retenus comme participants. Le lien vers la billetterie est <a href=\"https:\/\/shotgun.live\/fr\/events\/one-million-tour-lille\" target=\"_blank\" rel=\"noopener\">ICI<\/a>, bonne chance !<\/p>\n<p class=\" wall-content\">Personnalisez votre actualit\u00e9 en ajoutant vos villes et m\u00e9dias en favori avec <a href=\"https:\/\/moncompte.actu.fr\" title=\"D\u00e9couvez Mon Actu\" rel=\"nofollow noopener\" data-trk=\"{&quot;cta&quot;:{&quot;action&quot;:&quot;https:\\\/\\\/moncompte.actu.fr&quot;,&quot;category&quot;:&quot;mon compte&quot;,&quot;from&quot;:&quot;article footer&quot;,&quot;name&quot;:&quot;Mon actu&quot;,&quot;type&quot;:&quot;cta&quot;}}\" target=\"_blank\">Mon Actu<\/a>.<\/p>\n","protected":false},"excerpt":{"rendered":"Par Margot Nicod\u00e8me Publi\u00e9 le 13 nov. 2025 \u00e0 12h13 C\u2019est une occasion en or ! Et on&hellip;\n","protected":false},"author":2,"featured_media":531202,"comment_status":"","ping_status":"","sticky":false,"template":"","format":"standard","meta":{"footnotes":""},"categories":[2815],"tags":[1111,11,1697,1777,674,1011,27,811,1307,1652,12,3616,25],"class_list":{"0":"post-531201","1":"post","2":"type-post","3":"status-publish","4":"format-standard","5":"has-post-thumbnail","7":"category-lille","8":"tag-actu","9":"tag-actualites","10":"tag-concert","11":"tag-eu","12":"tag-europe","13":"tag-fr","14":"tag-france","15":"tag-hauts-de-france","16":"tag-lille","17":"tag-loisirs-culture","18":"tag-news","19":"tag-rap","20":"tag-republique-francaise"},"share_on_mastodon":{"url":"https:\/\/pubeurope.com\/@fr\/115542149349265028","error":""},"_links":{"self":[{"href":"https:\/\/www.europesays.com\/fr\/wp-json\/wp\/v2\/posts\/531201","targetHints":{"allow":["GET"]}}],"collection":[{"href":"https:\/\/www.europesays.com\/fr\/wp-json\/wp\/v2\/posts"}],"about":[{"href":"https:\/\/www.europesays.com\/fr\/wp-json\/wp\/v2\/types\/post"}],"author":[{"embeddable":true,"href":"https:\/\/www.europesays.com\/fr\/wp-json\/wp\/v2\/users\/2"}],"replies":[{"embeddable":true,"href":"https:\/\/www.europesays.com\/fr\/wp-json\/wp\/v2\/comments?post=531201"}],"version-history":[{"count":0,"href":"https:\/\/www.europesays.com\/fr\/wp-json\/wp\/v2\/posts\/531201\/revisions"}],"wp:featuredmedia":[{"embeddable":true,"href":"https:\/\/www.europesays.com\/fr\/wp-json\/wp\/v2\/media\/531202"}],"wp:attachment":[{"href":"https:\/\/www.europesays.com\/fr\/wp-json\/wp\/v2\/media?parent=531201"}],"wp:term":[{"taxonomy":"category","embeddable":true,"href":"https:\/\/www.europesays.com\/fr\/wp-json\/wp\/v2\/categories?post=531201"},{"taxonomy":"post_tag","embeddable":true,"href":"https:\/\/www.europesays.com\/fr\/wp-json\/wp\/v2\/tags?post=531201"}],"curies":[{"name":"wp","href":"https:\/\/api.w.org\/{rel}","templated":true}]}}