{"id":531207,"date":"2025-11-13T11:29:15","date_gmt":"2025-11-13T11:29:15","guid":{"rendered":"https:\/\/www.europesays.com\/fr\/531207\/"},"modified":"2025-11-13T11:29:15","modified_gmt":"2025-11-13T11:29:15","slug":"la-223e-foire-aux-santons-de-marseille-sinstalle-sur-le-vieux-port","status":"publish","type":"post","link":"https:\/\/www.europesays.com\/fr\/531207\/","title":{"rendered":"la 223e Foire aux Santons de Marseille s&rsquo;installe sur le Vieux-Port"},"content":{"rendered":"<p>C&rsquo;est une tradition \u00ab\u00a0ch\u00e8re au c\u0153ur des Proven\u00e7aux\u00a0\u00bb. La Foire aux Santons de Marseille, rendez-vous embl\u00e9matique qui \u00ab\u00a0sent bon la magie de No\u00ebl\u00a0\u00bb, revient pour sa 223e \u00e9dition. Elle s&rsquo;installe d\u00e8s ce samedi 15 novembre 2025 et se tiendra jusqu&rsquo;au 4 janvier 2026 sur le Vieux-Port.<\/p>\n<p>C&rsquo;est tout simplement la plus ancienne foire de France. Un \u00ab\u00a0vrai record de long\u00e9vit\u00e9\u00a0\u00bb qui force l&rsquo;admiration de Michel Bouvier, Pr\u00e9sident de l\u2019Union des Fabricants de Santons de Provence.<\/p>\n<p>\u00ab\u00a0Imaginez que depuis 1803, chaque ann\u00e9e \u00e0 Marseille, <a href=\"https:\/\/maritima.fr\/actualites\/culture\/marseille\/4113\/marseille-la-foire-aux-santons-a-ouvert-ses-portes-ce-week-end\" target=\"_blank\" rel=\"noopener\">il y a eu une Foire aux Santons<\/a>\u00ab\u00a0, a-t-il rappel\u00e9 sur l&rsquo;antenne de Maritima Radio. <strong>\u00ab\u00a0Cette foire a tout travers\u00e9, les guerres, les \u00e9pid\u00e9mies, et on a toujours \u00e9t\u00e9 l\u00e0\u00a0\u00bb.<\/strong><\/p>\n<p>\u00a0<\/p>\n<p><img loading=\"lazy\" decoding=\"async\" src=\"https:\/\/ws.maritima.fr\/api\/images%2F1762940177285blob\" alt=\"\" width=\"560\" height=\"315\"\/><\/p>\n<p>\u00a0<\/p>\n<p><strong>21 santonniers de toute la Provence<\/strong><\/p>\n<p>\u00a0<\/p>\n<p>Fid\u00e8le \u00e0 sa r\u00e9putation, la foire accueillera cette ann\u00e9e <a href=\"https:\/\/maritima.fr\/actualites\/culture\/marseille\/4264\/marseille-nes-dans-une-bassine-dargile-les-santonniers-au-micro-de-la-famille-maritima\" target=\"_blank\" rel=\"noopener\"><strong>21 santonniers<\/strong> passionn\u00e9s<\/a>. Michel Bouvier insiste sur la particularit\u00e9 marseillaise : \u00ab\u00a0La Foire aux Santons de Marseille a cette particularit\u00e9, c&rsquo;est qu&rsquo;elle est ouverte \u00e0 tous les santonniers proven\u00e7aux, contrairement \u00e0 beaucoup de foires concurrentes\u00a0\u00bb.<\/p>\n<p>Les visiteurs y trouveront des pi\u00e8ces pour toutes les cr\u00e8ches, de \u00ab\u00a02 centim\u00e8tres jusqu&rsquo;\u00e0 18 centim\u00e8tres\u00a0\u00bb. Si certains artisans s&rsquo;amusent \u00e0 cr\u00e9er \u00ab\u00a0des santons qui repr\u00e9sentent <a href=\"https:\/\/maritima.fr\/actualites\/culture\/aubagne\/9344\/insolite-un-santonnier-daubagne-cree-le-santon-de-jean-claude-dusse-en-hommage-a-michel-blanc\" target=\"_blank\" rel=\"noopener\">des figures de l&rsquo;actualit\u00e9<\/a>\u00ab\u00a0, le pr\u00e9sident rappelle l&rsquo;essentiel : <strong>\u00ab\u00a0Les santons, c&rsquo;est un hymne au travail. On appelle les santons par leur m\u00e9tier, la plupart n&rsquo;ont pas de nom\u00a0\u00bb.<\/strong><\/p>\n<p>\u00a0<\/p>\n<p><strong><img loading=\"lazy\" decoding=\"async\" src=\"https:\/\/ws.maritima.fr\/api\/images%2F1762940194281blob\" alt=\"\" width=\"560\" height=\"315\"\/><\/strong><\/p>\n<p>\u00a0<\/p>\n<p><strong>Ateliers pour enfants et vue imprenable<\/strong><\/p>\n<p>\u00a0<\/p>\n<p>Au-del\u00e0 des achats, la foire est un lieu de transmission. Des spectacles vivants et des concerts sont pr\u00e9vus, mais l&rsquo;animation la plus attendue des familles est de retour : <strong>\u00ab\u00a0Comme chaque ann\u00e9e, il y a une animation qui pla\u00eet beaucoup aux enfants : on leur permet le mercredi de fabriquer un santon\u00a0\u00bb<\/strong>, confirme Michel Bouvier. \u00ab\u00a0Ils repartent chez eux avec ce santon qu&rsquo;ils ont eux-m\u00eames fabriqu\u00e9\u00a0\u00bb.<\/p>\n<p>Le cadre lui-m\u00eame participe \u00e0 la magie. Install\u00e9e sur le quai du Port, \u00ab\u00a0c\u00f4t\u00e9 Mairie\u00a0\u00bb, la foire offre un panorama unique. \u00ab\u00a0O\u00f9 que l&rsquo;on soit sur le quai du Port, on a une vue sur la Vierge de la Garde. Et \u00e7a, pour moi, c&rsquo;est extraordinaire. \u00c7a n&rsquo;a pas de prix\u00a0\u00bb, conclut le pr\u00e9sident.<\/p>\n<p>\u00a0<\/p>\n<p><img loading=\"lazy\" decoding=\"async\" src=\"https:\/\/ws.maritima.fr\/api\/images%2F1762940210645blob\" alt=\"\" width=\"560\" height=\"315\"\/><\/p>\n<p>\u00a0<\/p>\n<p><strong>Informations pratiques<\/strong><\/p>\n<p>\u00a0<\/p>\n<ul>\n<li>\n<p><strong>Dates :<\/strong> du 15 novembre 2025 au 4 janvier 2026.<\/p>\n<\/li>\n<li>\n<p><strong>Lieu :<\/strong> Vieux-Port de Marseille (Quai du Port, c\u00f4t\u00e9 Mairie).<\/p>\n<\/li>\n<li>\n<p><strong>Horaires :<\/strong> tous les jours de 10h \u00e0 19h.<\/p>\n<\/li>\n<li>\n<p><strong>Tarif :<\/strong> entr\u00e9e gratuite.<\/p>\n<\/li>\n<\/ul>\n<p>\u00a0<\/p>\n<p><img loading=\"lazy\" decoding=\"async\" src=\"https:\/\/ws.maritima.fr\/api\/images%2F1762940223386blob\" alt=\"\" width=\"560\" height=\"373\"\/><\/p>\n","protected":false},"excerpt":{"rendered":"C&rsquo;est une tradition \u00ab\u00a0ch\u00e8re au c\u0153ur des Proven\u00e7aux\u00a0\u00bb. La Foire aux Santons de Marseille, rendez-vous embl\u00e9matique qui \u00ab\u00a0sent&hellip;\n","protected":false},"author":2,"featured_media":531208,"comment_status":"","ping_status":"","sticky":false,"template":"","format":"standard","meta":{"footnotes":""},"categories":[2814],"tags":[1111,11,1777,674,65079,1011,27,884,12,882,25,23026],"class_list":{"0":"post-531207","1":"post","2":"type-post","3":"status-publish","4":"format-standard","5":"has-post-thumbnail","7":"category-marseille","8":"tag-actu","9":"tag-actualites","10":"tag-eu","11":"tag-europe","12":"tag-foire-aux-santons","13":"tag-fr","14":"tag-france","15":"tag-marseille","16":"tag-news","17":"tag-provence-alpes-cote-dazur","18":"tag-republique-francaise","19":"tag-santon"},"share_on_mastodon":{"url":"https:\/\/pubeurope.com\/@fr\/115542161940596135","error":""},"_links":{"self":[{"href":"https:\/\/www.europesays.com\/fr\/wp-json\/wp\/v2\/posts\/531207","targetHints":{"allow":["GET"]}}],"collection":[{"href":"https:\/\/www.europesays.com\/fr\/wp-json\/wp\/v2\/posts"}],"about":[{"href":"https:\/\/www.europesays.com\/fr\/wp-json\/wp\/v2\/types\/post"}],"author":[{"embeddable":true,"href":"https:\/\/www.europesays.com\/fr\/wp-json\/wp\/v2\/users\/2"}],"replies":[{"embeddable":true,"href":"https:\/\/www.europesays.com\/fr\/wp-json\/wp\/v2\/comments?post=531207"}],"version-history":[{"count":0,"href":"https:\/\/www.europesays.com\/fr\/wp-json\/wp\/v2\/posts\/531207\/revisions"}],"wp:featuredmedia":[{"embeddable":true,"href":"https:\/\/www.europesays.com\/fr\/wp-json\/wp\/v2\/media\/531208"}],"wp:attachment":[{"href":"https:\/\/www.europesays.com\/fr\/wp-json\/wp\/v2\/media?parent=531207"}],"wp:term":[{"taxonomy":"category","embeddable":true,"href":"https:\/\/www.europesays.com\/fr\/wp-json\/wp\/v2\/categories?post=531207"},{"taxonomy":"post_tag","embeddable":true,"href":"https:\/\/www.europesays.com\/fr\/wp-json\/wp\/v2\/tags?post=531207"}],"curies":[{"name":"wp","href":"https:\/\/api.w.org\/{rel}","templated":true}]}}