{"id":531209,"date":"2025-11-13T11:30:26","date_gmt":"2025-11-13T11:30:26","guid":{"rendered":"https:\/\/www.europesays.com\/fr\/531209\/"},"modified":"2025-11-13T11:30:26","modified_gmt":"2025-11-13T11:30:26","slug":"trois-salons-pour-aider-lyceens-et-etudiants-a-bien-sorienter","status":"publish","type":"post","link":"https:\/\/www.europesays.com\/fr\/531209\/","title":{"rendered":"trois salons pour aider lyc\u00e9ens et \u00e9tudiants \u00e0 bien s\u2019orienter"},"content":{"rendered":"<p>Avant son traditionnel \u00ab\u00a0gros\u00a0\u00bb salon en mois de janvier, L\u2019Etudiant propose trois \u00e9v\u00e9nements en un ce samedi au centre des congr\u00e8s \u00e0 Lyon. Au programme\u00a0: le salon grandes \u00e9coles, le salon arts, digital et communication et le salon sant\u00e9, social, param\u00e9dical et sport.<\/p>\n<p>150 exposants seront pr\u00e9sents pour r\u00e9pondre aux questions des lyc\u00e9ens et \u00e9tudiants afin qu\u2019ils puissent construire au mieux leur parcours d\u2019orientation dans ces domaines. Des conf\u00e9rences sont aussi au programme pour aider les jeunes.<\/p>\n<p>PASS ou LAS, quelle fili\u00e8re choisir en sant\u00e9 selon les m\u00e9tiers envisag\u00e9s\u00a0? Quels sont les m\u00e9tiers et les fili\u00e8res du social\u00a0? Comment choisir son \u00e9cole de commerce ou son \u00e9cole d\u2019ing\u00e9nieurs\u00a0? Pourquoi int\u00e9grer une classe pr\u00e9pa\u00a0? Quels sont les m\u00e9tiers\u00a0du sport\u00a0? Quelles \u00e9tudes de communication \u00e0 l\u2019\u00e8re du digital\u00a0? Lyc\u00e9ens et \u00e9tudiants devraient trouver les r\u00e9ponses \u00e0 leurs questions. Ils pourront aussi obtenir des conseils pour les aider\u00a0\u00e0 cr\u00e9er un CV percutant pour <a href=\"https:\/\/www.leprogres.fr\/p\/parcoursup\" target=\"_blank\" rel=\"nofollow noopener\">Parcoursup<\/a>.<\/p>\n<p class=\"note\">&gt;\u00a0Samedi 15\u00a0novembre, de 9 \u00e0 17 heures, au Centre de congr\u00e8s, quai Charles de Gaulle, \u00e0 Lyon. Inscriptions gratuites sur <a href=\"https:\/\/www.letudiant.fr\/\" target=\"_blank\" rel=\"nofollow noopener\">www.letudiant.fr\/<\/a><\/p>\n","protected":false},"excerpt":{"rendered":"Avant son traditionnel \u00ab\u00a0gros\u00a0\u00bb salon en mois de janvier, L\u2019Etudiant propose trois \u00e9v\u00e9nements en un ce samedi au&hellip;\n","protected":false},"author":2,"featured_media":531210,"comment_status":"","ping_status":"","sticky":false,"template":"","format":"standard","meta":{"footnotes":""},"categories":[1889],"tags":[1111,11,2430,2757,1057,4854,1777,674,1011,27,2428,2756,12,25,2429],"class_list":{"0":"post-531209","1":"post","2":"type-post","3":"status-publish","4":"format-standard","5":"has-post-thumbnail","7":"category-lyon","8":"tag-actu","9":"tag-actualites","10":"tag-auvergne-rhone-alpes","11":"tag-edition-lyon-villeurbanne","12":"tag-education","13":"tag-enseignement-superieur","14":"tag-eu","15":"tag-europe","16":"tag-fr","17":"tag-france","18":"tag-lyon","19":"tag-lyon-bassin","20":"tag-news","21":"tag-republique-francaise","22":"tag-rhone"},"share_on_mastodon":{"url":"https:\/\/pubeurope.com\/@fr\/115542165023461181","error":""},"_links":{"self":[{"href":"https:\/\/www.europesays.com\/fr\/wp-json\/wp\/v2\/posts\/531209","targetHints":{"allow":["GET"]}}],"collection":[{"href":"https:\/\/www.europesays.com\/fr\/wp-json\/wp\/v2\/posts"}],"about":[{"href":"https:\/\/www.europesays.com\/fr\/wp-json\/wp\/v2\/types\/post"}],"author":[{"embeddable":true,"href":"https:\/\/www.europesays.com\/fr\/wp-json\/wp\/v2\/users\/2"}],"replies":[{"embeddable":true,"href":"https:\/\/www.europesays.com\/fr\/wp-json\/wp\/v2\/comments?post=531209"}],"version-history":[{"count":0,"href":"https:\/\/www.europesays.com\/fr\/wp-json\/wp\/v2\/posts\/531209\/revisions"}],"wp:featuredmedia":[{"embeddable":true,"href":"https:\/\/www.europesays.com\/fr\/wp-json\/wp\/v2\/media\/531210"}],"wp:attachment":[{"href":"https:\/\/www.europesays.com\/fr\/wp-json\/wp\/v2\/media?parent=531209"}],"wp:term":[{"taxonomy":"category","embeddable":true,"href":"https:\/\/www.europesays.com\/fr\/wp-json\/wp\/v2\/categories?post=531209"},{"taxonomy":"post_tag","embeddable":true,"href":"https:\/\/www.europesays.com\/fr\/wp-json\/wp\/v2\/tags?post=531209"}],"curies":[{"name":"wp","href":"https:\/\/api.w.org\/{rel}","templated":true}]}}