{"id":531211,"date":"2025-11-13T11:31:16","date_gmt":"2025-11-13T11:31:16","guid":{"rendered":"https:\/\/www.europesays.com\/fr\/531211\/"},"modified":"2025-11-13T11:31:16","modified_gmt":"2025-11-13T11:31:16","slug":"plus-de-1300-amendes-pour-tapage-en-cinq-jours","status":"publish","type":"post","link":"https:\/\/www.europesays.com\/fr\/531211\/","title":{"rendered":"plus de 1300 amendes pour tapage en cinq jours"},"content":{"rendered":"<p>\n    Pr\u00e9sents en nombre lors de la rave-party organis\u00e9e ill\u00e9galement dans une carri\u00e8re de Saint-Pierre-de-Chandieu (Rh\u00f4ne) pendant cinq jours, les gendarmes ont relev\u00e9 de nombreuses infractions.<\/p>\n<p class=\"fig-paragraph\">\u00abUn dispositif exceptionnel de contr\u00f4le\u00bb.\u00a0<a href=\"http:\/\/www.lefigaro.fr\/lyon\/un-cortege-de-mariage-degenere-au-sud-de-lyon-26-contraventions-et-4-vehicules-saisis-20250707\" data-fig-type=\"NewsFlash\" data-gtm-custom-categorie=\"navigation\" data-gtm-custom-action=\"crossclick\" data-gtm-custom-label=\"Contextuel\" data-gtm-event=\"customEventSPE\" data-fig-domain=\"LEFIGARO\" target=\"_blank\" rel=\"noopener\">Les gendarmes du Rh\u00f4ne<\/a>\u00a0\u00e9taient pr\u00e9sents en nombre en d\u00e9but de semaine \u00e0 l\u2019entr\u00e9e et \u00e0 la sortie d\u2019<a href=\"http:\/\/www.lefigaro.fr\/lyon\/plus-de-500-verbalisations-dans-une-rave-party-illegale-en-cours-pres-de-lyon-20251109\" data-fig-type=\"NewsFlash\" data-gtm-custom-categorie=\"navigation\" data-gtm-custom-action=\"crossclick\" data-gtm-custom-label=\"Contextuel\" data-gtm-event=\"customEventSPE\" data-fig-domain=\"LEFIGARO\" target=\"_blank\" rel=\"noopener\">une rave party organis\u00e9e pendant les cinq jours<\/a>\u00a0de week-end prolong\u00e9 \u00e0 Saint-Pierre-de-Chandieu (Rh\u00f4ne), \u00e0 l\u2019est de Lyon. Pr\u00e8s de 1500 des 2000 teufeurs pr\u00e9sents sur place ont \u00e9t\u00e9 contr\u00f4l\u00e9s par les militaires, annonce la pr\u00e9fecture. Parmi les 1422 infractions relev\u00e9es, 1348 contraventions ont \u00e9t\u00e9 d\u00e9livr\u00e9es pour tapage, avec une amende de 135 euros \u00e0 la cl\u00e9.<\/p>\n<p class=\"fig-paragraph\">\u00abDe tr\u00e8s nombreux habitants ont \u00e9t\u00e9 fortement perturb\u00e9s cette nuit par des nuisances sonores intenses. C\u2019est inadmissible. Personne n\u2019a \u00e0 subir ce type de d\u00e9rangement\u00bb, s\u2019indignait ainsi le maire LR de la commune voisine de\u00a0<a href=\"http:\/\/www.lefigaro.fr\/lyon\/ou-est-passe-tableau-de-richter-estime-a-10-millions-d-euros-que-possede-la-mairie-de-saint-priest-20250112\" data-fig-type=\"NewsFlash\" data-gtm-custom-categorie=\"navigation\" data-gtm-custom-action=\"crossclick\" data-gtm-custom-label=\"Contextuel\" data-gtm-event=\"customEventSPE\" data-fig-domain=\"LEFIGARO\" target=\"_blank\" rel=\"noopener\">Saint-Priest<\/a>,\u00a0<a href=\"http:\/\/www.lefigaro.fr\/lyon\/le-maire-de-saint-priest-condamne-a-un-an-d-ineligibilite-pour-irregularite-dans-ses-comptes-de-campagne-20230703\" data-fig-type=\"NewsFlash\" data-gtm-custom-categorie=\"navigation\" data-gtm-custom-action=\"crossclick\" data-gtm-custom-label=\"Contextuel\" data-gtm-event=\"customEventSPE\" data-fig-domain=\"LEFIGARO\" target=\"_blank\" rel=\"noopener\">Gilles Gascon<\/a>. Plusieurs habitants se sont plaints confirme une source s\u00e9curitaire. Comme l\u2019an dernier, le rassemblement ill\u00e9gal a eu lieu dans une carri\u00e8re, dont le propri\u00e9taire a d\u00e9pos\u00e9 plainte.<\/p>\n<p>                                    <a class=\"fig-a11y-skip a11y-hidden\" href=\"#fig-a11y-skip-main-inarticle\"><br \/>\n        Passer la publicit\u00e9<br \/>\n    <\/a><\/p>\n<p>Les organisateurs en garde \u00e0 vue<\/p>\n<p class=\"fig-paragraph\">Jusqu\u2019\u00e0 80 militaires \u00e9taient pr\u00e9sents sur place chaque jour, dont un escadron de gendarmerie mobile d\u00e9ploy\u00e9 en soutien du groupement du Rh\u00f4ne. Ils ont saisi \u00abune grande quantit\u00e9 de c\u00e2bles et mat\u00e9riel sono\u00bb, pr\u00e9cise la pr\u00e9fecture du Rh\u00f4ne, notamment un poids lourd contenant un groupe \u00e9lectrog\u00e8ne et du mat\u00e9riel de sc\u00e8ne. Une platine, une table de mixage et cinq enceintes faisant partie du mur de son ont aussi \u00e9t\u00e9 r\u00e9cup\u00e9r\u00e9es par les gendarmes. Les deux organisateurs ont \u00e9t\u00e9 plac\u00e9s en garde \u00e0 vue.<\/p>\n<p>    Les gendarmes ont contr\u00f4l\u00e9 480 v\u00e9hicules au cours des cinq jours de pr\u00e9sence.<br \/>\n                Pr\u00e9fecture du Rh\u00f4ne<\/p>\n<p class=\"fig-paragraph\">Les forces de l\u2019ordre ont aussi d\u00e9livr\u00e9 33 amendes forfaitaires pour d\u00e9tention de stup\u00e9fiants. De son c\u00f4t\u00e9, la s\u00fbret\u00e9 ferroviaire a verbalis\u00e9 34 personnes pour des travers\u00e9es de voies ferr\u00e9es situ\u00e9es \u00e0 proximit\u00e9. Six couteaux, deux pistolets \u00e0 impulsion \u00e9lectrique et un poing am\u00e9ricain ont \u00e9t\u00e9 saisis, ajoute la pr\u00e9fecture. Aucun affrontement n\u2019a eu lieu entre festivaliers et forces de l\u2019ordre. Le rassemblement s\u2019est achev\u00e9 mercredi 12 novembre.<\/p>\n","protected":false},"excerpt":{"rendered":"Pr\u00e9sents en nombre lors de la rave-party organis\u00e9e ill\u00e9galement dans une carri\u00e8re de Saint-Pierre-de-Chandieu (Rh\u00f4ne) pendant cinq jours,&hellip;\n","protected":false},"author":2,"featured_media":531212,"comment_status":"","ping_status":"","sticky":false,"template":"","format":"standard","meta":{"footnotes":""},"categories":[1889],"tags":[1111,11,2430,1777,674,1011,27,2428,12,7746,25],"class_list":{"0":"post-531211","1":"post","2":"type-post","3":"status-publish","4":"format-standard","5":"has-post-thumbnail","7":"category-lyon","8":"tag-actu","9":"tag-actualites","10":"tag-auvergne-rhone-alpes","11":"tag-eu","12":"tag-europe","13":"tag-fr","14":"tag-france","15":"tag-lyon","16":"tag-news","17":"tag-rave-party","18":"tag-republique-francaise"},"share_on_mastodon":{"url":"https:\/\/pubeurope.com\/@fr\/115542168894168079","error":""},"_links":{"self":[{"href":"https:\/\/www.europesays.com\/fr\/wp-json\/wp\/v2\/posts\/531211","targetHints":{"allow":["GET"]}}],"collection":[{"href":"https:\/\/www.europesays.com\/fr\/wp-json\/wp\/v2\/posts"}],"about":[{"href":"https:\/\/www.europesays.com\/fr\/wp-json\/wp\/v2\/types\/post"}],"author":[{"embeddable":true,"href":"https:\/\/www.europesays.com\/fr\/wp-json\/wp\/v2\/users\/2"}],"replies":[{"embeddable":true,"href":"https:\/\/www.europesays.com\/fr\/wp-json\/wp\/v2\/comments?post=531211"}],"version-history":[{"count":0,"href":"https:\/\/www.europesays.com\/fr\/wp-json\/wp\/v2\/posts\/531211\/revisions"}],"wp:featuredmedia":[{"embeddable":true,"href":"https:\/\/www.europesays.com\/fr\/wp-json\/wp\/v2\/media\/531212"}],"wp:attachment":[{"href":"https:\/\/www.europesays.com\/fr\/wp-json\/wp\/v2\/media?parent=531211"}],"wp:term":[{"taxonomy":"category","embeddable":true,"href":"https:\/\/www.europesays.com\/fr\/wp-json\/wp\/v2\/categories?post=531211"},{"taxonomy":"post_tag","embeddable":true,"href":"https:\/\/www.europesays.com\/fr\/wp-json\/wp\/v2\/tags?post=531211"}],"curies":[{"name":"wp","href":"https:\/\/api.w.org\/{rel}","templated":true}]}}