{"id":531213,"date":"2025-11-13T11:33:10","date_gmt":"2025-11-13T11:33:10","guid":{"rendered":"https:\/\/www.europesays.com\/fr\/531213\/"},"modified":"2025-11-13T11:33:10","modified_gmt":"2025-11-13T11:33:10","slug":"voici-les-brocantes-et-vide-greniers-organises-a-paris-et-en-ile-de-france-samedi-15-et-dimanche-16-novembre","status":"publish","type":"post","link":"https:\/\/www.europesays.com\/fr\/531213\/","title":{"rendered":"Voici les brocantes et vide-greniers organis\u00e9s \u00e0 Paris et en \u00cele-de-France samedi 15 et dimanche 16 novembre"},"content":{"rendered":"<p>                    Par<br \/>\n        <strong><br \/>\n            <a href=\"https:\/\/actu.fr\/auteur\/redaction-paris\" title=\"Consulter tous les articles de R\u00e9daction Paris\" target=\"_blank\" rel=\"noopener\">R\u00e9daction Paris<\/a><br \/>\n                    <\/strong><\/p>\n<p>        Publi\u00e9 le<\/p>\n<p>            13 nov. 2025 \u00e0 11h02        <\/p>\n<p>Envie de chiner et faire de bonnes affaires ? Samedi 15 et dimanche 16 novembre, plusieurs <a href=\"https:\/\/actu.fr\/tag\/brocante\" target=\"_blank\" rel=\"noopener\">brocantes<\/a>, <a href=\"https:\/\/actu.fr\/tag\/vide-greniers\" target=\"_blank\" rel=\"noopener\">vide-greniers<\/a> ou <a href=\"https:\/\/actu.fr\/tag\/foires-a-tout\" target=\"_blank\" rel=\"noopener\">foires \u00e0 tout<\/a> sont organis\u00e9s \u00e0 Paris et dans l\u2019ensemble de l\u2019\u00cele-de-France. Voici notre s\u00e9lection.\u00a0<\/p>\n<p>Les brocantes et vide-greniers \u00e0 Paris et en \u00cele-de-France samedi 15 novembre<\/p>\n<ul class=\" wall-content\">\n<li>Paris 6e : brocante \u2013 Rue de l\u2019Od\u00e9on \u2013 De 8h \u00e0 18h<\/li>\n<li>Paris 13e : brocante \u2013 Rvenue d\u2019Italie \u2013 De 8h \u00e0 18h<\/li>\n<li>Paris 15e : vide-greniers \u2013 Rue de Vaugirard \u2013 De 8h \u00e0 18h<\/li>\n<li>Paris 16e : brocante \u2013 Rue de Passy, quartier de la Muette\u00a0<\/li>\n<li>Paris 16e : vide-greniers \u2013 Avenue de Versailles\u00a0<\/li>\n<li>Chilly-Mazarin (91) : brocante \u2013 L\u2019Empire, 3, Route de Longjumeau \u2013 De 7h30 \u00e0 18h<\/li>\n<li>Palaiseau (91) : bourse aux jouets sp\u00e9cial No\u00ebl \u2013 salle de la Rigole, impasse Jean Cattant \u2013 De 9h \u00e0 17h<\/li>\n<li>Colombes (92) : vide-greniers \u2013 boulevard de Valmy, face \u00e0 la salle paroissiale \u2013 De 10h \u00e0 16h<\/li>\n<li>Les Lilas (93) : vide-greniers \u2013 rue du Garde Chasse \u2013 De 8h \u00e0 18h<\/li>\n<\/ul>\n<p>Les brocantes et vide-greniers \u00e0 Paris et en \u00cele-de-France dimanche 16 novembre<\/p>\n<ul class=\" wall-content\">\n<li>Paris 3e : Chine de photos anciennes \u2013 65, Rue Beaubourg, Quartier Sainte-Avoye \u2013 De 17h \u00e0 20h<\/li>\n<li>Paris 5e : vide-greniers \u2013 Boulevard de Port-Royal, Quartier du Montparnasse \u2013 De 6h \u00e0 18h<\/li>\n<li>Paris 6e : brocante \u2013 Rue de l\u2019Od\u00e9on \u2013 De 8h \u00e0 18h<\/li>\n<li>Paris 11e : vide-greniers \u2013 Boulevard de Belleville, quartier de la Folie-M\u00e9ricourt<\/li>\n<li>Paris 13e : brocante \u2013 Avenue d\u2019Italie \u2013 De 8h \u00e0 18h<\/li>\n<li>Paris 16e : brocante \u2013 Rue de Passy, quartier de la Muette\u00a0<\/li>\n<li>Paris 17e : vide-greniers \u2013 Terre-Plein Central boulevard des Batignolles entre le m\u00e9tro Place de Clichy et m\u00e9tro Rome \u2013 De 7h30 \u00e0 19h<\/li>\n<li>Paris 20e : vide-greniers \u2013 Place Martin Nadaud \u2013 De 8h \u00e0 18h<\/li>\n<li>Chelles (77) : vide-greniers \u2013 Th\u00e9\u00e2tre de Chelles, Place des Martyrs de Ch\u00e2teaubriant \u2013 De 9h \u00e0 17h<\/li>\n<li>Coulommiers (77) : salon des collectionneurs \u2013 Salle Municipale de La Sucrerie \u2013 De 8h30 \u00e0 17h<\/li>\n<li>Servon (77) : vide-greniers \u2013 15 rue de la Poste \u2013 De 7h \u00e0 17h<\/li>\n<li>Souppes-sur-Loing (77) : vide-greniers \u2013 Espace culturel \u2013 De 8h \u00e0 18h<\/li>\n<li>Buchelay (78) : brocante \u2013 Parking D\u00e9cathlon \u2013 De 8h \u00e0 17h<\/li>\n<li>Chilly-Mazarin (91) : brocante \u2013 L\u2019Empire, 3, Route de Longjumeau \u2013 De 7h30 \u00e0 18h<\/li>\n<li>Villab\u00e9 (91) : brocante \u2013 Parking Carrefour A6 \u2013 De 8h \u00e0 18h<\/li>\n<li>Bondoufle (91) : vide-greniers \u2013 Salle des f\u00eates Francis Chouat, Rue de Villeroy \u2013 De 9h \u00e0 17h<\/li>\n<li>Cerny (91) : brocante jeux et pop culture \u2013 Salle delaporte \u2013 De 8h \u00e0 17h<\/li>\n<li>\u00c9gly (91) : vide-greniers \u2013 Gare d\u2019\u00c9gly, Route d\u2019Ollainville \u2013\u00a0<\/li>\n<li>Antony (92) : salon d\u2019antiquit\u00e9s militaires \u2013 Centre Andr\u00e9 Malraux, Avenue L\u00e9on Harmel \u2013 De 9h \u00e0 16h<\/li>\n<li>Nanterre (92) : foire \u00e0 tout \u2013 97 avenue de la Libert\u00e9 \u2013 De 9h \u00e0 17h<\/li>\n<li>Argenteuil (95) : brocante \u2013 MJC d\u2019Argenteuil \u2013 7 rue des Gobelins<\/li>\n<li>Champagne-sur-Oise (95) : brocante \u2013 Avenue du G\u00e9n\u00e9ral Leclerc \u2013 De 7h \u00e0 17h30<\/li>\n<\/ul>\n<p class=\" wall-content\">Personnalisez votre actualit\u00e9 en ajoutant vos villes et m\u00e9dias en favori avec <a href=\"https:\/\/moncompte.actu.fr\" title=\"D\u00e9couvez Mon Actu\" rel=\"nofollow noopener\" data-trk=\"{&quot;cta&quot;:{&quot;action&quot;:&quot;https:\\\/\\\/moncompte.actu.fr&quot;,&quot;category&quot;:&quot;mon compte&quot;,&quot;from&quot;:&quot;article footer&quot;,&quot;name&quot;:&quot;Mon actu&quot;,&quot;type&quot;:&quot;cta&quot;}}\" target=\"_blank\">Mon Actu<\/a>.<\/p>\n","protected":false},"excerpt":{"rendered":"Par R\u00e9daction Paris Publi\u00e9 le 13 nov. 2025 \u00e0 11h02 Envie de chiner et faire de bonnes affaires&hellip;\n","protected":false},"author":2,"featured_media":531214,"comment_status":"","ping_status":"","sticky":false,"template":"","format":"standard","meta":{"footnotes":""},"categories":[1592],"tags":[1111,11,6961,1777,674,10087,1011,27,662,1652,12,626,25,3365],"class_list":{"0":"post-531213","1":"post","2":"type-post","3":"status-publish","4":"format-standard","5":"has-post-thumbnail","7":"category-ile-de-france","8":"tag-actu","9":"tag-actualites","10":"tag-brocante","11":"tag-eu","12":"tag-europe","13":"tag-foires-a-tout","14":"tag-fr","15":"tag-france","16":"tag-ile-de-france","17":"tag-loisirs-culture","18":"tag-news","19":"tag-paris","20":"tag-republique-francaise","21":"tag-vide-greniers"},"share_on_mastodon":{"url":"https:\/\/pubeurope.com\/@fr\/115542176862156979","error":""},"_links":{"self":[{"href":"https:\/\/www.europesays.com\/fr\/wp-json\/wp\/v2\/posts\/531213","targetHints":{"allow":["GET"]}}],"collection":[{"href":"https:\/\/www.europesays.com\/fr\/wp-json\/wp\/v2\/posts"}],"about":[{"href":"https:\/\/www.europesays.com\/fr\/wp-json\/wp\/v2\/types\/post"}],"author":[{"embeddable":true,"href":"https:\/\/www.europesays.com\/fr\/wp-json\/wp\/v2\/users\/2"}],"replies":[{"embeddable":true,"href":"https:\/\/www.europesays.com\/fr\/wp-json\/wp\/v2\/comments?post=531213"}],"version-history":[{"count":0,"href":"https:\/\/www.europesays.com\/fr\/wp-json\/wp\/v2\/posts\/531213\/revisions"}],"wp:featuredmedia":[{"embeddable":true,"href":"https:\/\/www.europesays.com\/fr\/wp-json\/wp\/v2\/media\/531214"}],"wp:attachment":[{"href":"https:\/\/www.europesays.com\/fr\/wp-json\/wp\/v2\/media?parent=531213"}],"wp:term":[{"taxonomy":"category","embeddable":true,"href":"https:\/\/www.europesays.com\/fr\/wp-json\/wp\/v2\/categories?post=531213"},{"taxonomy":"post_tag","embeddable":true,"href":"https:\/\/www.europesays.com\/fr\/wp-json\/wp\/v2\/tags?post=531213"}],"curies":[{"name":"wp","href":"https:\/\/api.w.org\/{rel}","templated":true}]}}