{"id":531215,"date":"2025-11-13T11:34:14","date_gmt":"2025-11-13T11:34:14","guid":{"rendered":"https:\/\/www.europesays.com\/fr\/531215\/"},"modified":"2025-11-13T11:34:14","modified_gmt":"2025-11-13T11:34:14","slug":"en-direct-dix-ans-du-13-novembre-apres-le-stade-de-france-des-commemorations-autour-des-terrasses-frappees-par-les-attentats","status":"publish","type":"post","link":"https:\/\/www.europesays.com\/fr\/531215\/","title":{"rendered":"EN DIRECT &#8211; Dix ans du 13-Novembre : apr\u00e8s le Stade de France, des comm\u00e9morations autour des terrasses frapp\u00e9es par les attentats"},"content":{"rendered":"<p>      Mbapp\u00e9 et les Bleus ont \u00ab\u00a0une pens\u00e9e\u00a0\u00bb pour les victimes<\/p>\n<p>Hasard du calendrier, l&rsquo;\u00e9quipe de France joue ce soir,\u00a0<a class=\"link\" href=\"https:\/\/www.rtl.fr\/sport\/football\/jouer-dix-ans-apres-c-est-special-kylian-mbappe-evoque-les-attentats-du-13-novembre-a-la-veille-de-france-ukraine-7900565383\" target=\"_blank\" rel=\"noopener\">dix ans jour pour jour apr\u00e8s le 13 novembre 2015<\/a>.\u00a0Hier, le capitaine des Bleus, Kylian Mbapp\u00e9, a rendu\u00a0hommage aux victimes des attentats affirmant que lui et ses co\u00e9quipiers avaient \u00ab\u00a0une pens\u00e9e pour les personnes touch\u00e9es\u00a0\u00bb.<\/p>\n<p>\u00ab\u00a0On va essayer de rendre hommage \u00e0 toutes ces personnes, que ce soit durant la journ\u00e9e, pendant le match, en essayant de mettre des sourires sur le visage des personnes qui vont venir au stade, m\u00eame si on sait que ce n&rsquo;est pas une journ\u00e9e joyeuse\u00a0\u00bb, a dit l&rsquo;attaquant en conf\u00e9rence de presse avant le match France-Ukraine, qui se jouera au Parc des Princes,\u00a0<\/p>\n<p>Avant le coup d&rsquo;envoi, une minute de silence sera observ\u00e9e et une b\u00e2che avec la mention \u00ab\u00a0Football for Peace\u00a0\u00bb sera d\u00e9ploy\u00e9e dans le rond central.<\/p>\n<p>Partager<\/p>\n","protected":false},"excerpt":{"rendered":"Mbapp\u00e9 et les Bleus ont \u00ab\u00a0une pens\u00e9e\u00a0\u00bb pour les victimes Hasard du calendrier, l&rsquo;\u00e9quipe de France joue ce&hellip;\n","protected":false},"author":2,"featured_media":531216,"comment_status":"","ping_status":"","sticky":false,"template":"","format":"standard","meta":{"footnotes":""},"categories":[1888],"tags":[64188,1111,1928,11,1927,2618,64328,1073,1777,674,107,1011,27,12,1926,626,1925,25],"class_list":{"0":"post-531215","1":"post","2":"type-post","3":"status-publish","4":"format-standard","5":"has-post-thumbnail","7":"category-paris","8":"tag-13-novembre","9":"tag-actu","10":"tag-actu-paris","11":"tag-actualites","12":"tag-actualites-paris","13":"tag-anne-hidalgo","14":"tag-attentats-a-paris","15":"tag-emmanuel-macron","16":"tag-eu","17":"tag-europe","18":"tag-fil-info","19":"tag-fr","20":"tag-france","21":"tag-news","22":"tag-news-paris","23":"tag-paris","24":"tag-paris-news","25":"tag-republique-francaise"},"share_on_mastodon":{"url":"https:\/\/pubeurope.com\/@fr\/115542180853245209","error":""},"_links":{"self":[{"href":"https:\/\/www.europesays.com\/fr\/wp-json\/wp\/v2\/posts\/531215","targetHints":{"allow":["GET"]}}],"collection":[{"href":"https:\/\/www.europesays.com\/fr\/wp-json\/wp\/v2\/posts"}],"about":[{"href":"https:\/\/www.europesays.com\/fr\/wp-json\/wp\/v2\/types\/post"}],"author":[{"embeddable":true,"href":"https:\/\/www.europesays.com\/fr\/wp-json\/wp\/v2\/users\/2"}],"replies":[{"embeddable":true,"href":"https:\/\/www.europesays.com\/fr\/wp-json\/wp\/v2\/comments?post=531215"}],"version-history":[{"count":0,"href":"https:\/\/www.europesays.com\/fr\/wp-json\/wp\/v2\/posts\/531215\/revisions"}],"wp:featuredmedia":[{"embeddable":true,"href":"https:\/\/www.europesays.com\/fr\/wp-json\/wp\/v2\/media\/531216"}],"wp:attachment":[{"href":"https:\/\/www.europesays.com\/fr\/wp-json\/wp\/v2\/media?parent=531215"}],"wp:term":[{"taxonomy":"category","embeddable":true,"href":"https:\/\/www.europesays.com\/fr\/wp-json\/wp\/v2\/categories?post=531215"},{"taxonomy":"post_tag","embeddable":true,"href":"https:\/\/www.europesays.com\/fr\/wp-json\/wp\/v2\/tags?post=531215"}],"curies":[{"name":"wp","href":"https:\/\/api.w.org\/{rel}","templated":true}]}}