{"id":531217,"date":"2025-11-13T11:35:12","date_gmt":"2025-11-13T11:35:12","guid":{"rendered":"https:\/\/www.europesays.com\/fr\/531217\/"},"modified":"2025-11-13T11:35:12","modified_gmt":"2025-11-13T11:35:12","slug":"en-images-et-en-direct-du-stade-de-france-au-bataclan-paris-rend-hommage-aux-victimes-du-13-novembre","status":"publish","type":"post","link":"https:\/\/www.europesays.com\/fr\/531217\/","title":{"rendered":"En images et en direct : du Stade de France au Bataclan, Paris rend hommage aux victimes du 13-Novembre"},"content":{"rendered":"<p class=\"mb-4 text-lg md:leading-8 break-words\">Chaque ann\u00e9e depuis le 13-Novembre 2015, \u00e9lus, familles et membres d\u2019associations se r\u00e9unissent pour honorer la m\u00e9moire de ceux tomb\u00e9s en cette soir\u00e9e tragique. Cette ann\u00e9e, <a href=\"https:\/\/www.parismatch.com\/actu\/societe\/13-novembre-le-programme-des-commemorations-jeudi-10-ans-apres-les-attentats-260011\" rel=\"nofollow noopener\" target=\"_blank\" data-ylk=\"slk:les comm\u00e9morations sont marqu\u00e9es d&#039;une \u00e9motion particuli\u00e8re.\u00a0;elm:context_link;itc:0;sec:content-canvas\" class=\"link \">les comm\u00e9morations sont marqu\u00e9es d&rsquo;une \u00e9motion particuli\u00e8re.\u00a0<\/a><\/p>\n<p class=\"mb-4 text-lg md:leading-8 break-words\">Voil\u00e0 dix ans que 132 personnes ont perdu la vie dans les attaques terroristes organis\u00e9es par un commando membre de Daech, <a href=\"https:\/\/www.parismatch.com\/actu\/societe\/si-tu-as-une-question-ne-te-gene-pas-quand-salah-abdeslam-se-fait-guide-spirituel-depuis-sa-cellule-260025\" rel=\"nofollow noopener\" target=\"_blank\" data-ylk=\"slk:dont l\u2019unique survivant Salah Abdeslam aujourd\u2019hui incarc\u00e9r\u00e9;elm:context_link;itc:0;sec:content-canvas\" class=\"link \">dont l\u2019unique survivant Salah Abdeslam aujourd\u2019hui incarc\u00e9r\u00e9<\/a>. C\u2019est au Stade de France que tout a commenc\u00e9, lorsque Manuel Dias, un chauffeur de car qui venait de conduire un petit groupe de supporters pour assister au match France-Allemagne, a \u00e9t\u00e9 tu\u00e9 par l\u2019explosion d\u2019un kamikaze. Un an plus tard,<a href=\"https:\/\/www.parismatch.com\/Actu\/Societe\/Manuel-Dias-tue-au-Stade-de-France-le-discours-de-tolerance-d-un-fils-en-deuil-1117397\" rel=\"nofollow noopener\" target=\"_blank\" data-ylk=\"slk:une plaque en hommage a \u00e9t\u00e9 install\u00e9e \u00e0 Saint-Denis;elm:context_link;itc:0;sec:content-canvas\" class=\"link \"> une plaque en hommage a \u00e9t\u00e9 install\u00e9e \u00e0 Saint-Denis<\/a>, o\u00f9 les premi\u00e8res comm\u00e9morations ont d\u00e9but\u00e9 ce jeudi. <\/p>\n<p class=\"mb-4 text-lg md:leading-8 break-words\">Cette nuit funeste s\u2019est poursuivie sur plusieurs terrasses parisiennes &#8211; Le Petit-Cambodge, Le Carillon, La Bonne Bi\u00e8re, Le Comptoir Voltaire, La Belle Equipe &#8211; avant de se terminer par <a href=\"https:\/\/www.parismatch.com\/actu\/societe\/bataclan-il-est-tombe-pour-elle-la-belle-histoire-damour-de-piersy-et-helene-260060\" rel=\"nofollow noopener\" target=\"_blank\" data-ylk=\"slk:le massacre du Bataclan;elm:context_link;itc:0;sec:content-canvas\" class=\"link \">le massacre du Bataclan<\/a>. <\/p>\n<p>La Tour Eiffel aux couleurs de la France<\/p>\n<p class=\"mb-4 text-lg md:leading-8 break-words\">C\u2019est sur chacun de ces lieux qu\u2019<a href=\"https:\/\/www.parismatch.com\/bio\/emmanuel-macron\" rel=\"nofollow noopener\" target=\"_blank\" data-ylk=\"slk:Emmanuel Macron;elm:context_link;itc:0;sec:content-canvas\" class=\"link \">Emmanuel Macron<\/a> &#8211; accompagn\u00e9 de son \u00e9pouse Brigitte &#8211; a d\u00e9cid\u00e9 de se rendre pour honorer la m\u00e9moire des victimes, entour\u00e9 notamment de Fran\u00e7ois Hollande, pr\u00e9sident en 2015, et\u00a0<a href=\"https:\/\/www.parismatch.com\/actu\/politique\/exclusif-gerard-larcher-et-yael-braun-pivet-notre-marche-nest-pas-terminee-259925\" rel=\"nofollow noopener\" target=\"_blank\" data-ylk=\"slk:Ya\u00ebl Braun-Pivet;elm:context_link;itc:0;sec:content-canvas\" class=\"link \">Ya\u00ebl Braun-Pivet<\/a>, pr\u00e9sidente de l\u2019Assembl\u00e9e nationale, Manuel Valls, Anne Hidalgo, Bernard Cazeneuve ou encore Val\u00e9rie P\u00e9cresse. Les c\u00e9r\u00e9monies, retransmises en direct depuis la place de la R\u00e9publique, doivent se conclure en fin de journ\u00e9e par l\u2019inauguration d\u2019un&#8230;<\/p>\n<p class=\"mb-4 text-lg md:leading-8 break-words\"><a href=\"https:\/\/www.parismatch.com\/actu\/societe\/en-images-et-en-direct-du-stade-de-france-au-bataclan-paris-rend-hommage-aux-victimes-du-13-novembre-260081?at_medium=affiliate&amp;at_campaign=Yahoo\" rel=\"nofollow noopener\" target=\"_blank\" data-ylk=\"slk:Lire la suite sur ParisMatch;elm:context_link;itc:0;sec:content-canvas\" class=\"link \">Lire la suite sur ParisMatch<\/a><\/p>\n","protected":false},"excerpt":{"rendered":"Chaque ann\u00e9e depuis le 13-Novembre 2015, \u00e9lus, familles et membres d\u2019associations se r\u00e9unissent pour honorer la m\u00e9moire de&hellip;\n","protected":false},"author":2,"featured_media":531218,"comment_status":"","ping_status":"","sticky":false,"template":"","format":"standard","meta":{"footnotes":""},"categories":[1888],"tags":[1111,1928,11,1927,1777,674,1011,27,65080,12,1926,626,1925,3092,25,63713,14478],"class_list":{"0":"post-531217","1":"post","2":"type-post","3":"status-publish","4":"format-standard","5":"has-post-thumbnail","7":"category-paris","8":"tag-actu","9":"tag-actu-paris","10":"tag-actualites","11":"tag-actualites-paris","12":"tag-eu","13":"tag-europe","14":"tag-fr","15":"tag-france","16":"tag-manuel-dias","17":"tag-news","18":"tag-news-paris","19":"tag-paris","20":"tag-paris-news","21":"tag-place-de-la-republique","22":"tag-republique-francaise","23":"tag-salah-abdeslam","24":"tag-stade-de-france"},"share_on_mastodon":{"url":"https:\/\/pubeurope.com\/@fr\/115542184674500104","error":""},"_links":{"self":[{"href":"https:\/\/www.europesays.com\/fr\/wp-json\/wp\/v2\/posts\/531217","targetHints":{"allow":["GET"]}}],"collection":[{"href":"https:\/\/www.europesays.com\/fr\/wp-json\/wp\/v2\/posts"}],"about":[{"href":"https:\/\/www.europesays.com\/fr\/wp-json\/wp\/v2\/types\/post"}],"author":[{"embeddable":true,"href":"https:\/\/www.europesays.com\/fr\/wp-json\/wp\/v2\/users\/2"}],"replies":[{"embeddable":true,"href":"https:\/\/www.europesays.com\/fr\/wp-json\/wp\/v2\/comments?post=531217"}],"version-history":[{"count":0,"href":"https:\/\/www.europesays.com\/fr\/wp-json\/wp\/v2\/posts\/531217\/revisions"}],"wp:featuredmedia":[{"embeddable":true,"href":"https:\/\/www.europesays.com\/fr\/wp-json\/wp\/v2\/media\/531218"}],"wp:attachment":[{"href":"https:\/\/www.europesays.com\/fr\/wp-json\/wp\/v2\/media?parent=531217"}],"wp:term":[{"taxonomy":"category","embeddable":true,"href":"https:\/\/www.europesays.com\/fr\/wp-json\/wp\/v2\/categories?post=531217"},{"taxonomy":"post_tag","embeddable":true,"href":"https:\/\/www.europesays.com\/fr\/wp-json\/wp\/v2\/tags?post=531217"}],"curies":[{"name":"wp","href":"https:\/\/api.w.org\/{rel}","templated":true}]}}