{"id":531222,"date":"2025-11-13T11:38:12","date_gmt":"2025-11-13T11:38:12","guid":{"rendered":"https:\/\/www.europesays.com\/fr\/531222\/"},"modified":"2025-11-13T11:38:12","modified_gmt":"2025-11-13T11:38:12","slug":"matvey-safonov-quitte-le-rassemblement-de-la-russie-quest-ce-qui-sest-passe","status":"publish","type":"post","link":"https:\/\/www.europesays.com\/fr\/531222\/","title":{"rendered":"Matvey Safonov quitte le rassemblement de la Russie : Qu\u2019est-ce qui s\u2019est pass\u00e9 ?"},"content":{"rendered":"<p>Interrog\u00e9 sur cette d\u00e9cision, Valery Karpin a livr\u00e9 quelques pr\u00e9cisions, sans r\u00e9ellement lever le myst\u00e8re :<\/p>\n<p>\u00ab Si cela avait \u00e9t\u00e9 un match amical, la composition de l&rsquo;\u00e9quipe aurait \u00e9t\u00e9 diff\u00e9rente. Safonov n&rsquo;aurait peut-\u00eatre pas jou\u00e9. Safonov quittera le stage d&rsquo;entra\u00eenement, et Golovin et Miranchuk voyageront avec l&rsquo;\u00e9quipe \u00e0 Sotchi. Je ne peux pas encore r\u00e9pondre \u00e0 la question de savoir qui d&rsquo;autre quittera le stage. Nous verrons comment chacun se porte. Il y a quelques petits p\u00e9pins physiques, et l&rsquo;on a des doutes concernant Vakhaniya, remplac\u00e9 \u00e0 la mi-temps ; il pourrait m\u00eame ne pas \u00eatre en mesure de s&rsquo;entra\u00eener. Dans ce cas, il partira certainement. Mais je ne peux rien affirmer pour l&rsquo;instant \u00bb.<\/p>\n<p>Des mots qui laissent penser que cette d\u00e9cision s\u2019inscrit dans une logique de gestion du groupe plut\u00f4t que dans un probl\u00e8me physique ou disciplinaire.<\/p>\n","protected":false},"excerpt":{"rendered":"Interrog\u00e9 sur cette d\u00e9cision, Valery Karpin a livr\u00e9 quelques pr\u00e9cisions, sans r\u00e9ellement lever le myst\u00e8re : \u00ab Si&hellip;\n","protected":false},"author":2,"featured_media":531223,"comment_status":"","ping_status":"","sticky":false,"template":"","format":"standard","meta":{"footnotes":""},"categories":[1591],"tags":[11,65081,1887,63928,66,17507,28523,12,91,1885,65083,1886,132,65082],"class_list":{"0":"post-531222","1":"post","2":"type-post","3":"status-publish","4":"format-standard","5":"has-post-thumbnail","7":"category-russie","8":"tag-actualites","9":"tag-chile","10":"tag-federation-de-russie","11":"tag-friendlies","12":"tag-ligue-1","13":"tag-m-safonov","14":"tag-matchs-amicaux","15":"tag-news","16":"tag-paris-saint-germain","17":"tag-russia","18":"tag-russia-vs-chile","19":"tag-russian-federation","20":"tag-russie","21":"tag-russie-vs-chile"},"share_on_mastodon":{"url":"https:\/\/pubeurope.com\/@fr\/115542196665130845","error":""},"_links":{"self":[{"href":"https:\/\/www.europesays.com\/fr\/wp-json\/wp\/v2\/posts\/531222","targetHints":{"allow":["GET"]}}],"collection":[{"href":"https:\/\/www.europesays.com\/fr\/wp-json\/wp\/v2\/posts"}],"about":[{"href":"https:\/\/www.europesays.com\/fr\/wp-json\/wp\/v2\/types\/post"}],"author":[{"embeddable":true,"href":"https:\/\/www.europesays.com\/fr\/wp-json\/wp\/v2\/users\/2"}],"replies":[{"embeddable":true,"href":"https:\/\/www.europesays.com\/fr\/wp-json\/wp\/v2\/comments?post=531222"}],"version-history":[{"count":0,"href":"https:\/\/www.europesays.com\/fr\/wp-json\/wp\/v2\/posts\/531222\/revisions"}],"wp:featuredmedia":[{"embeddable":true,"href":"https:\/\/www.europesays.com\/fr\/wp-json\/wp\/v2\/media\/531223"}],"wp:attachment":[{"href":"https:\/\/www.europesays.com\/fr\/wp-json\/wp\/v2\/media?parent=531222"}],"wp:term":[{"taxonomy":"category","embeddable":true,"href":"https:\/\/www.europesays.com\/fr\/wp-json\/wp\/v2\/categories?post=531222"},{"taxonomy":"post_tag","embeddable":true,"href":"https:\/\/www.europesays.com\/fr\/wp-json\/wp\/v2\/tags?post=531222"}],"curies":[{"name":"wp","href":"https:\/\/api.w.org\/{rel}","templated":true}]}}