{"id":531224,"date":"2025-11-13T11:39:14","date_gmt":"2025-11-13T11:39:14","guid":{"rendered":"https:\/\/www.europesays.com\/fr\/531224\/"},"modified":"2025-11-13T11:39:14","modified_gmt":"2025-11-13T11:39:14","slug":"france-ukraine-pourquoi-une-victoire-avantagerait-les-bleus-pour-le-tirage-au-sort-du-mondial-2026","status":"publish","type":"post","link":"https:\/\/www.europesays.com\/fr\/531224\/","title":{"rendered":"France-Ukraine\u00a0: pourquoi une victoire avantagerait les Bleus pour le tirage au sort du Mondial 2026"},"content":{"rendered":"<p class=\"paragraph text_align_left lp-f-body-02\">Le tirage au sort du Mondial 2026 se dessine petit \u00e0 petit. Pr\u00e9vu le 5 d\u00e9cembre \u00e0 Washington (\u00c9tats-Unis), il verra, pour la premi\u00e8re fois de l\u2019histoire, 48 \u00e9quipes r\u00e9parties en 12 groupes y prendre part. <a href=\"https:\/\/www.leparisien.fr\/sports\/football\/coupe-du-monde\/france-ukraine-les-bleus-qualifies-pour-la-coupe-du-monde-2026-si-12-11-2025-HFH5ZRRL5FGJRG46JITSFKUCP4.php\" target=\"_blank\" rel=\"noreferrer noopener\">En cas de victoire<\/a> ce jeudi soir au Parc de Princes face \u00e0 l\u2019Ukraine, les Bleus valideront par ailleurs leur ticket pour la <a href=\"https:\/\/www.leparisien.fr\/sports\/football\/coupe-du-monde\/\" target=\"_blank\" rel=\"noreferrer noopener\">Coupe du monde 2026<\/a>, mais \u00e9galement leur statut de t\u00eate de s\u00e9rie.<\/p>\n<p class=\"paragraph text_align_left lp-f-body-02\">La France profiterait ainsi de sa troisi\u00e8me place au classement Fifa &#8211; derri\u00e8re l\u2019Espagne et l\u2019Argentine &#8211; et de sa confortable avance pour \u00eatre s\u00fbr de faire partie du pot 1, au m\u00eame titre que les pays h\u00f4tes, le Canada le Mexique et les \u00c9tats-Unis. Un sc\u00e9nario qui lui \u00e9viterait d\u2019affronter de gros calibres d\u00e8s la phase de groupes.<\/p>\n<p>Gare aux barrages<\/p>\n<p class=\"paragraph text_align_left lp-f-body-02\">En cas de revers ce soir, les choses se compliqueraient pour l\u2019<a href=\"https:\/\/www.leparisien.fr\/sports\/football\/equipe-de-france\/\" target=\"_blank\" rel=\"noreferrer noopener\">\u00e9quipe de France<\/a>, qui se retrouverait \u00e0 \u00e9galit\u00e9 avec l\u2019Ukraine avant son dernier match des qualifications contre l\u2019Azerba\u00efdjan dimanche (18 heures). Tout se jouerait donc lors de l\u2019ultime journ\u00e9e de ces \u00e9liminatoires pour le Mondial.<\/p>\n<p class=\"paragraph text_align_left lp-f-body-02\">Et, en cas de nouvelle contre-performance, les hommes de Didier Deschamps seraient revers\u00e9s en barrages et devront attendre le mois de mars avant de conna\u00eetre leur sort. Ils ne seraient alors automatiquement plus t\u00eate de s\u00e9rie, et donc davantage expos\u00e9s lors du premier tour de la Coupe du monde en cas de qualification.<\/p>\n","protected":false},"excerpt":{"rendered":"Le tirage au sort du Mondial 2026 se dessine petit \u00e0 petit. Pr\u00e9vu le 5 d\u00e9cembre \u00e0 Washington&hellip;\n","protected":false},"author":2,"featured_media":531225,"comment_status":"","ping_status":"","sticky":false,"template":"","format":"standard","meta":{"footnotes":""},"categories":[1590],"tags":[11,451,1777,674,63,12,60,220],"class_list":{"0":"post-531224","1":"post","2":"type-post","3":"status-publish","4":"format-standard","5":"has-post-thumbnail","7":"category-ukraine","8":"tag-actualites","9":"tag-coupe-du-monde","10":"tag-eu","11":"tag-europe","12":"tag-football","13":"tag-news","14":"tag-sports","15":"tag-ukraine"},"share_on_mastodon":{"url":"https:\/\/pubeurope.com\/@fr\/115542200462137553","error":""},"_links":{"self":[{"href":"https:\/\/www.europesays.com\/fr\/wp-json\/wp\/v2\/posts\/531224","targetHints":{"allow":["GET"]}}],"collection":[{"href":"https:\/\/www.europesays.com\/fr\/wp-json\/wp\/v2\/posts"}],"about":[{"href":"https:\/\/www.europesays.com\/fr\/wp-json\/wp\/v2\/types\/post"}],"author":[{"embeddable":true,"href":"https:\/\/www.europesays.com\/fr\/wp-json\/wp\/v2\/users\/2"}],"replies":[{"embeddable":true,"href":"https:\/\/www.europesays.com\/fr\/wp-json\/wp\/v2\/comments?post=531224"}],"version-history":[{"count":0,"href":"https:\/\/www.europesays.com\/fr\/wp-json\/wp\/v2\/posts\/531224\/revisions"}],"wp:featuredmedia":[{"embeddable":true,"href":"https:\/\/www.europesays.com\/fr\/wp-json\/wp\/v2\/media\/531225"}],"wp:attachment":[{"href":"https:\/\/www.europesays.com\/fr\/wp-json\/wp\/v2\/media?parent=531224"}],"wp:term":[{"taxonomy":"category","embeddable":true,"href":"https:\/\/www.europesays.com\/fr\/wp-json\/wp\/v2\/categories?post=531224"},{"taxonomy":"post_tag","embeddable":true,"href":"https:\/\/www.europesays.com\/fr\/wp-json\/wp\/v2\/tags?post=531224"}],"curies":[{"name":"wp","href":"https:\/\/api.w.org\/{rel}","templated":true}]}}