{"id":531226,"date":"2025-11-13T11:40:26","date_gmt":"2025-11-13T11:40:26","guid":{"rendered":"https:\/\/www.europesays.com\/fr\/531226\/"},"modified":"2025-11-13T11:40:26","modified_gmt":"2025-11-13T11:40:26","slug":"usa-laffaire-esptein-encore-relancee-trump-sur-la-defensive","status":"publish","type":"post","link":"https:\/\/www.europesays.com\/fr\/531226\/","title":{"rendered":"USA\u00a0: L&rsquo;affaire Esptein encore relanc\u00e9e, Trump sur la d\u00e9fensive"},"content":{"rendered":"<p>Donald Trump \u00ab\u00a0savait \u00e0 propos des filles\u00a0\u00bb, c\u2019est du moins ce qu\u2019affirme un email attribu\u00e9 au d\u00e9linquant sexuel am\u00e9ricain Jeffrey Epstein, dont la publication mercredi a mis le pr\u00e9sident am\u00e9ricain sur la d\u00e9fensive.<\/p>\n<p>Ce courrier \u00e9lectronique \u00e9crit en 2019, ann\u00e9e de la mort en prison du riche financier new-yorkais, a \u00e9t\u00e9 rendu public par des parlementaires d\u00e9mocrates.<\/p>\n<p>Donald Trump, qui a un temps fr\u00e9quent\u00e9 Jeffrey Epstein, a accus\u00e9 l\u2019opposition de promouvoir une \u00ab\u00a0supercherie\u00a0\u00bb, mais a aussi lanc\u00e9 un avertissement \u00e0 l\u2019attention des quelques r\u00e9publicains qui r\u00e9clament plus de transparence du gouvernement dans ce dossier.<\/p>\n<p>L\u2019opposition ferait \u00ab\u00a0n\u2019importe quoi pour d\u00e9tourner l\u2019attention des erreurs (qu\u2019elle a faites) sur la paralysie budg\u00e9taire\u00a0\u00bb, a \u00e9crit le pr\u00e9sident am\u00e9ricain sur son r\u00e9seau Truth Social.<\/p>\n<p>\u00ab\u00a0Seul un r\u00e9publicain tr\u00e8s mauvais ou stupide tomberait dans ce pi\u00e8ge\u00a0\u00bb, a-t-il averti, alors qu\u2019un vote pourrait avoir lieu bient\u00f4t au Congr\u00e8s pour forcer le gouvernement \u00e0 publier les documents en sa possession sur Jeffrey Epstein.<\/p>\n<p>Selon la presse am\u00e9ricaine, l\u2019ex\u00e9cutif tenterait de faire pression en particulier sur une \u00e9lue de droite radicale, Lauren Boebert, qui a sign\u00e9 une p\u00e9tition visant \u00e0 forcer un tel vote.<\/p>\n<p>\u00ab\u00a0Ces emails ne prouvent rien si ce n\u2019est que le pr\u00e9sident Trump n\u2019a absolument rien fait de mal\u00a0\u00bb, a assur\u00e9 sa porte-parole, Karoline Leavitt, lors d\u2019une conf\u00e9rence de presse.<\/p>\n<p>&#8211; Publicit\u00e9-<\/p>\n","protected":false},"excerpt":{"rendered":"Donald Trump \u00ab\u00a0savait \u00e0 propos des filles\u00a0\u00bb, c\u2019est du moins ce qu\u2019affirme un email attribu\u00e9 au d\u00e9linquant sexuel&hellip;\n","protected":false},"author":2,"featured_media":531227,"comment_status":"","ping_status":"","sticky":false,"template":"","format":"standard","meta":{"footnotes":""},"categories":[1589],"tags":[11,73,1866,12,1864,1865,1863,308],"class_list":{"0":"post-531226","1":"post","2":"type-post","3":"status-publish","4":"format-standard","5":"has-post-thumbnail","7":"category-etats-unis","8":"tag-actualites","9":"tag-etats-unis","10":"tag-etats-unis-damerique","11":"tag-news","12":"tag-united-states","13":"tag-united-states-of-america","14":"tag-us","15":"tag-usa"},"share_on_mastodon":{"url":"https:\/\/pubeurope.com\/@fr\/115542204475156670","error":""},"_links":{"self":[{"href":"https:\/\/www.europesays.com\/fr\/wp-json\/wp\/v2\/posts\/531226","targetHints":{"allow":["GET"]}}],"collection":[{"href":"https:\/\/www.europesays.com\/fr\/wp-json\/wp\/v2\/posts"}],"about":[{"href":"https:\/\/www.europesays.com\/fr\/wp-json\/wp\/v2\/types\/post"}],"author":[{"embeddable":true,"href":"https:\/\/www.europesays.com\/fr\/wp-json\/wp\/v2\/users\/2"}],"replies":[{"embeddable":true,"href":"https:\/\/www.europesays.com\/fr\/wp-json\/wp\/v2\/comments?post=531226"}],"version-history":[{"count":0,"href":"https:\/\/www.europesays.com\/fr\/wp-json\/wp\/v2\/posts\/531226\/revisions"}],"wp:featuredmedia":[{"embeddable":true,"href":"https:\/\/www.europesays.com\/fr\/wp-json\/wp\/v2\/media\/531227"}],"wp:attachment":[{"href":"https:\/\/www.europesays.com\/fr\/wp-json\/wp\/v2\/media?parent=531226"}],"wp:term":[{"taxonomy":"category","embeddable":true,"href":"https:\/\/www.europesays.com\/fr\/wp-json\/wp\/v2\/categories?post=531226"},{"taxonomy":"post_tag","embeddable":true,"href":"https:\/\/www.europesays.com\/fr\/wp-json\/wp\/v2\/tags?post=531226"}],"curies":[{"name":"wp","href":"https:\/\/api.w.org\/{rel}","templated":true}]}}