{"id":531228,"date":"2025-11-13T11:41:14","date_gmt":"2025-11-13T11:41:14","guid":{"rendered":"https:\/\/www.europesays.com\/fr\/531228\/"},"modified":"2025-11-13T11:41:14","modified_gmt":"2025-11-13T11:41:14","slug":"la-reine-camilla-recoit-une-paire-de-pointes-pour-ses-cours-de-danse","status":"publish","type":"post","link":"https:\/\/www.europesays.com\/fr\/531228\/","title":{"rendered":"La reine Camilla re\u00e7oit une paire de pointes pour ses cours de danse"},"content":{"rendered":"<p>\u00c0 sa robe, elle a \u00e9pingl\u00e9 l\u2019une de ses broches favorites. Un bijou Van Cleef &amp; Arpels en or, diamants, rubis et saphirs figurant une ballerine. Ce 12 novembre est l\u2019occasion id\u00e9ale de le porter\u00a0: la <a target=\"_blank\" href=\"https:\/\/www.pointdevue.fr\/grand-angle\/biographies\/reine-camilla\" rel=\"nofollow noopener\">reine Camilla<\/a> donne une r\u00e9ception au palais de Buckingham pour les <strong>75 ans de la compagnie du English National Ballet. <\/strong>En passionn\u00e9e de danse classique, elle en est marraine depuis l\u2019an dernier.<\/p>\n<p>Autour de l\u2019\u00e9pouse du roi, une cinquantaine d\u2019invit\u00e9s. Son \u00e9ternel verre de Coca-Cola \u00e0 la main, Sa Majest\u00e9 discute avec le personnel et les danseurs de la compagnie, \u00e9voque les prochaines cr\u00e9ations \u00e0 venir et les diff\u00e9rents programmes d\u2019apprentissages d\u00e9velopp\u00e9s, certains \u00e0 destination des plus jeunes, d&rsquo;autres pour des personnes atteintes de la maladie de Parkinson. Puis vient le clou de la soir\u00e9e : <strong>une performance in\u00e9dite par la premi\u00e8re danseuse du ballet, Sangeun Lee<\/strong>. Originaire de Cor\u00e9e du Sud, Sangeun a rejoint la troupe en 2023 et interpr\u00e8te ce soir \u00ab\u00a0La mort du cygne\u00a0\u00bb dans l\u2019un des salons de l\u2019aile Est du palais royal. Un cadre exceptionnel.<\/p>\n<p>\u00ab\u00a0Je vais rendre toutes les autres jalouses\u00a0\u00bb<img decoding=\"async\" src=\"https:\/\/www.europesays.com\/fr\/wp-content\/uploads\/2025\/11\/ABACA_974305_003OZSn7zGK17.jpg\" alt=\"Sous les ors d'un salon du palais, une repr\u00e9sentation in\u00e9dite.\"\/><strong>Sous les ors d&rsquo;un salon du palais, une repr\u00e9sentation hors-normes.<\/strong> \u00a9 Yui Mok\/PA Wire\/ABACA<\/p>\n<p>\u00ab\u00a0C\u2019\u00e9tait merveilleux\u00a0\u00bb, applaudit Camilla \u00e0 la fin de la repr\u00e9sentation. \u00ab\u00a0J\u2019\u00e9tais assez nerveuse, <strong>c\u2019est la premi\u00e8re fois que je me produis dans un palais<\/strong>, mais ce fut une exp\u00e9rience extraordinaire\u00a0\u00bb confie la danseuse de 39 ans \u00e0 PA. En guise de souvenir, Sangeun a alors fait cadeau \u00e0 la reine d\u2019une paire de pointes, d\u00e9dicac\u00e9e de sa main.\u00a0<\/p>\n<p><img decoding=\"async\" src=\"https:\/\/www.europesays.com\/fr\/wp-content\/uploads\/2025\/11\/ABACA_BRPAPhotos20251112_616TUhtc8to3l.jpg\" alt=\"Un cadeau... \u00e0 la pointe.\"\/><strong>Un cadeau&#8230; \u00e0 la pointe.<\/strong> \u00a9 Yui Mok\/PA Wire\/ABACA<\/p>\n<p>\u00ab\u00a0Merci beaucoup. <strong>Je les porterai pendant les cours et vais rendre toutes les autres jalouses<\/strong>. Avec \u00e7a, je vais outrepasser les danseuses \u00e9toiles !\u00a0\u00bb se r\u00e9jouit Camilla.<\/p>\n<blockquote class=\"twitter-tweet\">\n<p lang=\"en\" dir=\"ltr\">Dancing Queen is back \ud83e\ude70\ud83d\udc83\ud83c\udffc\u263a\ufe0f<\/p>\n<p>\u201eReceiving a signed a pair of pointe shoes as a gift, the Queen [\u2026]joked that she would use them to show up the professional dancers, saying of the shoes: &lsquo;I&rsquo;ll be putting them to practice and making the rest of them all jealous. Thank you&rsquo;.\u201c <a href=\"https:\/\/t.co\/qvIvMmpusN\" rel=\"nofollow\">pic.twitter.com\/qvIvMmpusN<\/a><\/p>\n<p>\u2014 Fourseen12(fan) (@fourseen12) <a href=\"https:\/\/twitter.com\/fourseen12\/status\/1988725873827278896?ref_src=twsrc%5Etfw\" rel=\"nofollow noopener\" target=\"_blank\">November 12, 2025<\/a><\/p><\/blockquote>\n<p><strong>\u00c0 78 ans, Sa Majest\u00e9 pratique r\u00e9guli\u00e8rement en tant que \u00ab\u00a0Silver Swan\u00a0\u00bb au sein de l\u2019Acad\u00e9mie royale de danse<\/strong>. \u00ab\u00a0C\u2019est moi qui l\u2019ai convaincue de rejoindre les Silver Swan, et elle prend les cours tr\u00e8s au s\u00e9rieux\u00a0\u00bb confirme la journaliste et ancienne pr\u00e9sentatrice de t\u00e9l\u00e9vision Angela Rippon, invit\u00e9e \u00e0 cette r\u00e9ception en tant qu\u2019ancienne pr\u00e9sidente de l\u2019English National Ballet. \u00ab\u00a0Nous discutions justement du fait que la danse est un excellent moyen de s\u2019entretenir et rester en forme&#8230;\u00a0\u00bb<\/p>\n<p>Lire aussi &gt;&gt; <a target=\"_blank\" href=\"https:\/\/www.pointdevue.fr\/royal\/royaume-uni\/braquage-royal-sur-une-aire-dautoroute-la-folle-histoire-du-vol-des-bijoux-de-camilla\" rel=\"nofollow noopener\">Braquage royal sur une aire d\u2019autoroute, la folle histoire du vol des bijoux de Camilla<\/a><\/p>\n<p>                                                    <script async src=\"https:\/\/platform.twitter.com\/widgets.js\" charset=\"utf-8\"><\/script><\/p>\n","protected":false},"excerpt":{"rendered":"\u00c0 sa robe, elle a \u00e9pingl\u00e9 l\u2019une de ses broches favorites. Un bijou Van Cleef &amp; Arpels en&hellip;\n","protected":false},"author":2,"featured_media":531229,"comment_status":"","ping_status":"","sticky":false,"template":"","format":"standard","meta":{"footnotes":""},"categories":[1588],"tags":[11,1777,674,12,473,1853,1851,1850,1852],"class_list":{"0":"post-531228","1":"post","2":"type-post","3":"status-publish","4":"format-standard","5":"has-post-thumbnail","7":"category-royaume-uni","8":"tag-actualites","9":"tag-eu","10":"tag-europe","11":"tag-news","12":"tag-royaume-uni","13":"tag-royaume-uni-de-grande-bretagne-et-dirlande-du-nord","14":"tag-uk","15":"tag-united-kingdom","16":"tag-united-kingdom-of-great-britain-and-northern-ireland"},"share_on_mastodon":{"url":"https:\/\/pubeurope.com\/@fr\/115542209227735557","error":""},"_links":{"self":[{"href":"https:\/\/www.europesays.com\/fr\/wp-json\/wp\/v2\/posts\/531228","targetHints":{"allow":["GET"]}}],"collection":[{"href":"https:\/\/www.europesays.com\/fr\/wp-json\/wp\/v2\/posts"}],"about":[{"href":"https:\/\/www.europesays.com\/fr\/wp-json\/wp\/v2\/types\/post"}],"author":[{"embeddable":true,"href":"https:\/\/www.europesays.com\/fr\/wp-json\/wp\/v2\/users\/2"}],"replies":[{"embeddable":true,"href":"https:\/\/www.europesays.com\/fr\/wp-json\/wp\/v2\/comments?post=531228"}],"version-history":[{"count":0,"href":"https:\/\/www.europesays.com\/fr\/wp-json\/wp\/v2\/posts\/531228\/revisions"}],"wp:featuredmedia":[{"embeddable":true,"href":"https:\/\/www.europesays.com\/fr\/wp-json\/wp\/v2\/media\/531229"}],"wp:attachment":[{"href":"https:\/\/www.europesays.com\/fr\/wp-json\/wp\/v2\/media?parent=531228"}],"wp:term":[{"taxonomy":"category","embeddable":true,"href":"https:\/\/www.europesays.com\/fr\/wp-json\/wp\/v2\/categories?post=531228"},{"taxonomy":"post_tag","embeddable":true,"href":"https:\/\/www.europesays.com\/fr\/wp-json\/wp\/v2\/tags?post=531228"}],"curies":[{"name":"wp","href":"https:\/\/api.w.org\/{rel}","templated":true}]}}