{"id":531232,"date":"2025-11-13T11:43:12","date_gmt":"2025-11-13T11:43:12","guid":{"rendered":"https:\/\/www.europesays.com\/fr\/531232\/"},"modified":"2025-11-13T11:43:12","modified_gmt":"2025-11-13T11:43:12","slug":"qui-paiera-pour-le-rearmement-de-leurope-schirdewan-et-terras-saffrontent-dans-the-ring","status":"publish","type":"post","link":"https:\/\/www.europesays.com\/fr\/531232\/","title":{"rendered":"Qui paiera pour le r\u00e9armement de l\u2019Europe ? Schirdewan et Terras s\u2019affrontent dans The Ring"},"content":{"rendered":"<p>\n         Publi\u00e9 le<br \/>\n            13\/11\/2025 &#8211; 12:26 UTC+1\n            <\/p>\n<p>Voici le deuxi\u00e8me \u00e9pisode de la nouvelle \u00e9mission-d\u00e9bat d\u2019Euronews, The Ring, qui souhaite apporter un peu de l\u2019ambiance du Parlement europ\u00e9en jusque dans votre salon.<\/p>\n<p>Les 720 d\u00e9put\u00e9s europ\u00e9ens se r\u00e9unissent r\u00e9guli\u00e8rement \u00e0 Strasbourg et \u00e0 Bruxelles, et les d\u00e9bats y sont souvent passionn\u00e9s.<\/p>\n<p>Pour cet \u00e9pisode, nous accueillons Riho Terras, d\u00e9put\u00e9 estonien du centre droit, et Martin Schirdewan, d\u00e9put\u00e9 allemand de la gauche. Les deux hommes s\u2019opposent sur la plupart des sujets li\u00e9s au r\u00e9armement de l\u2019Europe, Schirdewan appelant \u00e0 un imp\u00f4t sur les plus riches.<\/p>\n<p>L\u2019UE a lanc\u00e9 un nouvel instrument appel\u00e9 SAFE, dot\u00e9 de 150 milliards d\u2019euros, afin de soutenir les projets de d\u00e9fense commune. Comment fonctionnera-t-il ? Quel impact aura-t-il ? Autant de questions abord\u00e9es dans cette \u00e9dition de The Ring, enregistr\u00e9e au Parlement europ\u00e9en \u00e0 Bruxelles.<\/p>\n<p>Pr\u00e9sent\u00e9 par M\u00e9abh Mc Mahon, produit par Luis Albertos Altarejos, Nikos Michos et Amaia Echevarria, et mont\u00e9 par Zacharia Vigneron.<\/p>\n<p>Contact : thering@euronews.com<\/p>\n<p>Video editor<strong> \u2022 Zacharia Vigneron<\/strong><\/p>\n","protected":false},"excerpt":{"rendered":"Publi\u00e9 le 13\/11\/2025 &#8211; 12:26 UTC+1 Voici le deuxi\u00e8me \u00e9pisode de la nouvelle \u00e9mission-d\u00e9bat d\u2019Euronews, The Ring, qui&hellip;\n","protected":false},"author":2,"featured_media":531233,"comment_status":"","ping_status":"","sticky":false,"template":"","format":"standard","meta":{"footnotes":""},"categories":[1586],"tags":[11,75,1777,674,1011,27,1876,12,136,25],"class_list":{"0":"post-531232","1":"post","2":"type-post","3":"status-publish","4":"format-standard","5":"has-post-thumbnail","7":"category-europe","8":"tag-actualites","9":"tag-donald-trump","10":"tag-eu","11":"tag-europe","12":"tag-fr","13":"tag-france","14":"tag-ministere-de-la-defense","15":"tag-news","16":"tag-otan","17":"tag-republique-francaise"},"share_on_mastodon":{"url":"https:\/\/pubeurope.com\/@fr\/115542216155305180","error":""},"_links":{"self":[{"href":"https:\/\/www.europesays.com\/fr\/wp-json\/wp\/v2\/posts\/531232","targetHints":{"allow":["GET"]}}],"collection":[{"href":"https:\/\/www.europesays.com\/fr\/wp-json\/wp\/v2\/posts"}],"about":[{"href":"https:\/\/www.europesays.com\/fr\/wp-json\/wp\/v2\/types\/post"}],"author":[{"embeddable":true,"href":"https:\/\/www.europesays.com\/fr\/wp-json\/wp\/v2\/users\/2"}],"replies":[{"embeddable":true,"href":"https:\/\/www.europesays.com\/fr\/wp-json\/wp\/v2\/comments?post=531232"}],"version-history":[{"count":0,"href":"https:\/\/www.europesays.com\/fr\/wp-json\/wp\/v2\/posts\/531232\/revisions"}],"wp:featuredmedia":[{"embeddable":true,"href":"https:\/\/www.europesays.com\/fr\/wp-json\/wp\/v2\/media\/531233"}],"wp:attachment":[{"href":"https:\/\/www.europesays.com\/fr\/wp-json\/wp\/v2\/media?parent=531232"}],"wp:term":[{"taxonomy":"category","embeddable":true,"href":"https:\/\/www.europesays.com\/fr\/wp-json\/wp\/v2\/categories?post=531232"},{"taxonomy":"post_tag","embeddable":true,"href":"https:\/\/www.europesays.com\/fr\/wp-json\/wp\/v2\/tags?post=531232"}],"curies":[{"name":"wp","href":"https:\/\/api.w.org\/{rel}","templated":true}]}}