{"id":531242,"date":"2025-11-13T11:48:25","date_gmt":"2025-11-13T11:48:25","guid":{"rendered":"https:\/\/www.europesays.com\/fr\/531242\/"},"modified":"2025-11-13T11:48:25","modified_gmt":"2025-11-13T11:48:25","slug":"couilleau-sur-le-pga-tour-avec-le-recordman-de-precocite-europeen-perez-et-rozner-en-quete-de-points","status":"publish","type":"post","link":"https:\/\/www.europesays.com\/fr\/531242\/","title":{"rendered":"Couilleau sur le PGA Tour avec le recordman de pr\u00e9cocit\u00e9 europ\u00e9en, Perez et Rozner en qu\u00eate de points"},"content":{"rendered":"<p>\t\t\t\t\t\t<img width=\"770\" height=\"556\" src=\"https:\/\/www.europesays.com\/fr\/wp-content\/uploads\/2025\/11\/oscar-couilleau-damian-beseda-ega-770x556.jpg\" class=\"img-responsive wp-post-image\" alt=\"\" decoding=\"async\" fetchpriority=\"high\"  \/>\t\t\t\t\t<\/p>\n<p>\t\t\t\t\t\t Partager cet article <\/p>\n<p class=\"screen-reader-text juiz_sps_maybe_hidden_text\">Partager la publication \u00ab\u00a0Couilleau sur le PGA Tour avec le recordman de pr\u00e9cocit\u00e9 europ\u00e9en, Perez et Rozner en qu\u00eate de points\u00a0\u00bb<\/p>\n<p><strong>Quatre Fran\u00e7ais seront sur la ligne de d\u00e9part dans le Bermuda Championship cette semaine sur le PGA Tour. Si Victor Perez, Antoine Rozner, en qu\u00eate de points \u00e0 la FedEx Cup, et Matthieu Pavon, \u00e9taient attendus, la belle surprise est de voir Oscar Couilleau, 17 ans, amateur, faire ses grands d\u00e9buts sur le plus grand circuit du monde. Il jouera aux c\u00f4t\u00e9s de l\u2019italien Matteo Manassero qui d\u00e9tient de multiples record de pr\u00e9cocit\u00e9.\u00a0<\/strong><\/p>\n<p>\t\t\t\t\t<a id=\"190395\" href=\"https:\/\/moroccofairmontcup.com\/marrakech\/\" target=\"_blank\" rel=\"sponsorised nofollow noopener\"><img decoding=\"async\" src=\"data:image\/svg+xml,%3Csvg%20xmlns=\" http:=\"\" class=\"img-responsive\" alt=\"\" data-lazy-src=\"https:\/\/www.europesays.com\/fr\/wp-content\/uploads\/2025\/10\/fairmont-2025-e01-golf-cup-1170x275-1.jpg\"\/><\/a><\/p>\n<p>Quatre Fran\u00e7ais dans un tournoi du PGA Tour, il faut savourer !<\/p>\n<p>Certes, le Bermuda Championship, \u00e9preuve des FedEx Cup Fall, n\u2019est pas le plus prestigieux des tournois du grand circuit am\u00e9ricain, mais les chances de voir briller les repr\u00e9sentants du golf hexagonal cette semaine sont importantes.<\/p>\n<p><strong>Victor Perez, Antoine Rozner<\/strong> ont pour objectif d\u2019aller d\u00e9crocher des points \u00e0 la FedEx Cup et de passer du bon c\u00f4t\u00e9 du top 100 qui assure une carte pour l\u2019an prochain sur le PGA Tour.<\/p>\n<p>Assur\u00e9 de poursuivre son aventure am\u00e9ricaine, <strong>Matthieu Pavon<\/strong> cherche lui \u00e0 encha\u00eener apr\u00e8s un retour aux affaires r\u00e9ussi au Mexique la semaine pass\u00e9e et pourquoi pas renouer avec le haut des leaderboard pour se donner le droit de disputer des tournois \u00e0 fort enjeu en 2026.<\/p>\n<p>&#13;<br \/>\nEt puis il y a avec eux <strong>Oscar Couilleau<\/strong>, 17 ans, tout heureux de faire ses grands d\u00e9buts sur le PGA Tour gr\u00e2ce \u00e0 sa victoire <a href=\"https:\/\/www.golfplanete.com\/actualites\/gregory-havret-caddie-de-luxe-pour-oscar-couilleau-sur-le-pga-tour\/\" target=\"_blank\" rel=\"noopener nofollow\">dans un tr\u00e8s grand tournoi amateur en juillet<\/a>. Cerise sur le g\u00e2teau, <a href=\"https:\/\/www.golfplanete.com\/actualites\/gregory-havret-caddie-de-luxe-pour-oscar-couilleau-sur-le-pga-tour\/\" rel=\"nofollow noopener\" target=\"_blank\">il sera caddey\u00e9 par la l\u00e9gende du golf fran\u00e7ais <strong>Gr\u00e9gory Havret<\/strong> !<\/a><\/p>\n<p>\t\t\t\t\t<a id=\"190582\" href=\"https:\/\/www.formigolf.fr\/voyage-pays~_don_gregory_by_dunas_grande_canarie~618~canaries\" target=\"_blank\" rel=\"sponsorised nofollow noopener\"><img decoding=\"async\" src=\"data:image\/svg+xml,%3Csvg%20xmlns=\" http:=\"\" class=\"img-responsive\" alt=\"\" data-lazy-src=\"https:\/\/www.europesays.com\/fr\/wp-content\/uploads\/2025\/11\/formigolf-e11-grande-canarie-dunas-1170x275-1.gif\"\/><\/a><br \/>\nSur le traces de Julien Brun<\/p>\n<p>Il est le plus jeune mais pas le premier Fran\u00e7ais \u00e0 faire ses d\u00e9buts sur le PGA Tour avec une place obtenue par le biais des tournois amateurs : <strong>Julien Brun<\/strong> avait aussi pris part tr\u00e8s t\u00f4t \u00e0 un tournoi, le Crowne Plaza Invitational au Colonial en 2014, mais il avait 22 ans.<\/p>\n<p>Julien Brun avait alors jou\u00e9 ses deux premiers tours avec un double vainqueur en majeur, <strong>Zach Johnson<\/strong>.<\/p>\n<p>Oscar Couilleau, lui, aura l\u2019honneur de jouer avec un exemple de pr\u00e9cocit\u00e9, <strong>Matteo Manassero<\/strong>, qui fut au d\u00e9but des ann\u00e9es 2010 un immense espoir du golf europ\u00e9en. Le tr\u00e8s jeune Italien avait alors notamment remport\u00e9 le BMW PGA Championship en 2013, le tournoi talisman du DP World Tour.<\/p>\n<p>Il a ensuite connu un trou noir avant de revenir peu \u00e0 peu au tr\u00e8s haut niveau. L\u2019Am\u00e9ricain <strong>Philip Knowles<\/strong> accompagnera les deux Europ\u00e9ens lors des deux premiers tours aux Bermudes.<\/p>\n<p><a href=\"https:\/\/www.pgatour.com\/tournaments\/2025\/butterfield-bermuda-championship\/R2025528\/tee-times\" target=\"_blank\" rel=\"noopener nofollow\">Tous les tee times<\/a><\/p>\n<p>&#13;<br \/>\nLes parties des quatre Fran\u00e7ais (heure en France)<\/p>\n<p>12h22 (tee 1): <strong>Victor Perez<\/strong>, Danny Walker (USA), Rico Hoey (Phi)<br \/>&#13;<br \/>\n12h33 (tee 10) : <strong>Matthieu Pavon<\/strong>, Adam Svensson (Can), Kevin Yu (Tpe)<br \/>&#13;<br \/>\n13h39 (tee 10) : <strong>Oscar Couilleau<\/strong>, Matteo Manassero (Ita), Philip Knowles (USA)<br \/>&#13;<br \/>\n17h36 (tee 1) : <strong>Antoine Rozner<\/strong>, Hunter Wolcott (USA), Kevin Velo (USA)<\/p>\n<p>\t\t\t\t\t<a id=\"190113\" href=\"https:\/\/abacussportswear.com\/en\/france\" target=\"_blank\" rel=\"sponsorised nofollow noopener\"><img decoding=\"async\" src=\"data:image\/svg+xml,%3Csvg%20xmlns=\" http:=\"\" class=\"img-responsive\" alt=\"\" data-lazy-src=\"https:\/\/www.europesays.com\/fr\/wp-content\/uploads\/2025\/10\/abacus-e06-portrush-1170x275-1.gif\"\/><\/a>\t\t\t\t<\/p>\n","protected":false},"excerpt":{"rendered":"Partager cet article Partager la publication \u00ab\u00a0Couilleau sur le PGA Tour avec le recordman de pr\u00e9cocit\u00e9 europ\u00e9en, Perez&hellip;\n","protected":false},"author":2,"featured_media":531243,"comment_status":"","ping_status":"","sticky":false,"template":"","format":"standard","meta":{"footnotes":""},"categories":[1418],"tags":[1011,27,1472,60],"class_list":{"0":"post-531242","1":"post","2":"type-post","3":"status-publish","4":"format-standard","5":"has-post-thumbnail","7":"category-golf","8":"tag-fr","9":"tag-france","10":"tag-golf","11":"tag-sports"},"share_on_mastodon":{"url":"https:\/\/pubeurope.com\/@fr\/115542235975534990","error":""},"_links":{"self":[{"href":"https:\/\/www.europesays.com\/fr\/wp-json\/wp\/v2\/posts\/531242","targetHints":{"allow":["GET"]}}],"collection":[{"href":"https:\/\/www.europesays.com\/fr\/wp-json\/wp\/v2\/posts"}],"about":[{"href":"https:\/\/www.europesays.com\/fr\/wp-json\/wp\/v2\/types\/post"}],"author":[{"embeddable":true,"href":"https:\/\/www.europesays.com\/fr\/wp-json\/wp\/v2\/users\/2"}],"replies":[{"embeddable":true,"href":"https:\/\/www.europesays.com\/fr\/wp-json\/wp\/v2\/comments?post=531242"}],"version-history":[{"count":0,"href":"https:\/\/www.europesays.com\/fr\/wp-json\/wp\/v2\/posts\/531242\/revisions"}],"wp:featuredmedia":[{"embeddable":true,"href":"https:\/\/www.europesays.com\/fr\/wp-json\/wp\/v2\/media\/531243"}],"wp:attachment":[{"href":"https:\/\/www.europesays.com\/fr\/wp-json\/wp\/v2\/media?parent=531242"}],"wp:term":[{"taxonomy":"category","embeddable":true,"href":"https:\/\/www.europesays.com\/fr\/wp-json\/wp\/v2\/categories?post=531242"},{"taxonomy":"post_tag","embeddable":true,"href":"https:\/\/www.europesays.com\/fr\/wp-json\/wp\/v2\/tags?post=531242"}],"curies":[{"name":"wp","href":"https:\/\/api.w.org\/{rel}","templated":true}]}}