{"id":531244,"date":"2025-11-13T11:50:12","date_gmt":"2025-11-13T11:50:12","guid":{"rendered":"https:\/\/www.europesays.com\/fr\/531244\/"},"modified":"2025-11-13T11:50:12","modified_gmt":"2025-11-13T11:50:12","slug":"disparition-de-medhi-narjissi-la-mise-en-examen-de-stephane-cambos-confirmee-lequipe","status":"publish","type":"post","link":"https:\/\/www.europesays.com\/fr\/531244\/","title":{"rendered":"Disparition de Medhi Narjissi : la mise en examen de St\u00e9phane Cambos confirm\u00e9e &#8211; L&#039;\u00c9quipe"},"content":{"rendered":"<ol>\n<li><a href=\"https:\/\/news.google.com\/rss\/articles\/CBMi-wFBVV95cUxPcWh5TGszcDVoZ1g4aFZwQWxaYXMzclZhU0hqTHpUWWd5R0x6SkEteUNCdHZ5bWhtUnVKYXZId0dPQlZFS2RxMVFjMno1QzgzNUh2ZFpocEpfQTJvRkN4T2E2bDJYQVE3eFBBak1pQWVOdmJ4RDJPTFdtSVdTc3lEMUUybk1fMmRKaU1ZMDlRbDdCd2hqbWJKWlhIcGdBTWdZak9hRnJ6VFRrb3hTTE0wSmMwOXdoYnFoTlFGWDNSa0tST0pSRzBqYVdwQjMxdnk0WEVGeTdnMzVPTFJOWVFhQ3BUc09tRHlnakZSYV81NHVRd2cwM19kejBFQQ?oc=5\" target=\"_blank\" rel=\"nofollow noopener\">Disparition de Medhi Narjissi : la mise en examen de St\u00e9phane Cambos confirm\u00e9e<\/a>&nbsp;&nbsp;L&rsquo;\u00c9quipe<\/li>\n<li><a href=\"https:\/\/news.google.com\/rss\/articles\/CBMi3wFBVV95cUxOT2w3Z3BodUJEeFBFUm1QOVFvWGEtZ1VRQTRZX2h4Rkk2UzJzMWw2djVuQkRmVlNqWXZuc0JXcjVEYW9LdkdSelRpY1d4US15UWREcEx1cDQ4LVh6MVpJdWxZaDQ3VTE5YzlkNzdFRjFGalRuQWh1R2ZZMmVPazQwdXYxcWt2RmtpWktHOTdPQUYxLU56SDVyOFdhZTlmdlZjd2xVX0ltQ1JrbWlDQ1dpbnk2ZDlsbVFkRkp1a1JCSGpONlZHRUhRMDFXcEZ0b1RpSkRMbm9XSExaenhybTlN?oc=5\" target=\"_blank\" rel=\"nofollow noopener\">Disparition de Medhi Narjissi : la demande en nullit\u00e9 de la mise en examen de St\u00e9phane Cambos rejet\u00e9e<\/a>&nbsp;&nbsp;Sud Ouest<\/li>\n<li><a href=\"https:\/\/news.google.com\/rss\/articles\/CBMiywFBVV95cUxPaGM5SjdGaENPOEc0eVo5QXNQTWN1ZzltOVlZbmtEVnJNQWFLWHc0Tm10TFZObHp1T1FtekFkYzFndkJla254SGh2S000QVN0YXpJaFBEQlgzdm9IMjZlOHlsM2d2bU9FOGc1c0JZSkVoaUhoQTJHbUFpLVFRWlBudFNoXzV4NF9MZkx5akN3cEc5U1Nnci15ZGlZaWhpcmVyQXl4SEFiQlVITk5XLWlTVUxNRmNXeURFVVN4OHpFNG1IZkMzTkYyZ2kwdw?oc=5\" target=\"_blank\" rel=\"nofollow noopener\">Disparition en mer de Medhi Narjissi : un avocat de la famille d\u00e9nonce un pr\u00e9c\u00e9dent deux mois avant<\/a>&nbsp;&nbsp;francebleu.fr<\/li>\n<li><a href=\"https:\/\/news.google.com\/rss\/articles\/CBMie0FVX3lxTE1kc3liSmE4aE4xNThnc1lwUjJ0R21PVU9Xa0M4dXl3cjNpVWhRZlRaMy1XbmdDMlNBa3lxM2FyVUMwS1hQTU9USkVHOE9zYkh5VzBFWUJ5RWxQX2NsWEtLMWUtUmhJOTU2ZzZUdGpmd1IwdkV0RV9obHBpMA?oc=5\" target=\"_blank\" rel=\"nofollow noopener\">Nouveau rebondissement dans l\u2019affaire Narjissi ?<\/a>&nbsp;&nbsp;Blog RCT<\/li>\n<\/ol>\n","protected":false},"excerpt":{"rendered":"Disparition de Medhi Narjissi : la mise en examen de St\u00e9phane Cambos confirm\u00e9e&nbsp;&nbsp;L&rsquo;\u00c9quipe Disparition de Medhi Narjissi :&hellip;\n","protected":false},"author":2,"featured_media":395849,"comment_status":"","ping_status":"","sticky":false,"template":"","format":"standard","meta":{"footnotes":""},"categories":[1416],"tags":[1011,27,479,1468,60],"class_list":{"0":"post-531244","1":"post","2":"type-post","3":"status-publish","4":"format-standard","5":"has-post-thumbnail","7":"category-rugby","8":"tag-fr","9":"tag-france","10":"tag-rugby","11":"tag-rugby-football","12":"tag-sports"},"share_on_mastodon":{"url":"https:\/\/pubeurope.com\/@fr\/115542244235591662","error":""},"_links":{"self":[{"href":"https:\/\/www.europesays.com\/fr\/wp-json\/wp\/v2\/posts\/531244","targetHints":{"allow":["GET"]}}],"collection":[{"href":"https:\/\/www.europesays.com\/fr\/wp-json\/wp\/v2\/posts"}],"about":[{"href":"https:\/\/www.europesays.com\/fr\/wp-json\/wp\/v2\/types\/post"}],"author":[{"embeddable":true,"href":"https:\/\/www.europesays.com\/fr\/wp-json\/wp\/v2\/users\/2"}],"replies":[{"embeddable":true,"href":"https:\/\/www.europesays.com\/fr\/wp-json\/wp\/v2\/comments?post=531244"}],"version-history":[{"count":0,"href":"https:\/\/www.europesays.com\/fr\/wp-json\/wp\/v2\/posts\/531244\/revisions"}],"wp:featuredmedia":[{"embeddable":true,"href":"https:\/\/www.europesays.com\/fr\/wp-json\/wp\/v2\/media\/395849"}],"wp:attachment":[{"href":"https:\/\/www.europesays.com\/fr\/wp-json\/wp\/v2\/media?parent=531244"}],"wp:term":[{"taxonomy":"category","embeddable":true,"href":"https:\/\/www.europesays.com\/fr\/wp-json\/wp\/v2\/categories?post=531244"},{"taxonomy":"post_tag","embeddable":true,"href":"https:\/\/www.europesays.com\/fr\/wp-json\/wp\/v2\/tags?post=531244"}],"curies":[{"name":"wp","href":"https:\/\/api.w.org\/{rel}","templated":true}]}}