{"id":531245,"date":"2025-11-13T11:51:12","date_gmt":"2025-11-13T11:51:12","guid":{"rendered":"https:\/\/www.europesays.com\/fr\/531245\/"},"modified":"2025-11-13T11:51:12","modified_gmt":"2025-11-13T11:51:12","slug":"coupe-davis-les-belges-revanchards-face-aux-bleus-sports","status":"publish","type":"post","link":"https:\/\/www.europesays.com\/fr\/531245\/","title":{"rendered":"Coupe Davis\u00a0: Les Belges revanchards face aux Bleus : Sports"},"content":{"rendered":"<p class=\"date\">\n                                                            Cl\u00e9ment P\u00e9dron, Media365 : publi\u00e9 le jeudi 13 novembre 2025 \u00e0 10h38\n                                                    <\/p>\n<p>La Belgique affronte la France en quarts de finale de la Coupe Davis du 18 novembre au 20 novembre prochain. L&rsquo;occasion pour le Plat Pays de laver l&rsquo;affront de la d\u00e9faite en finale en 2017.<\/p>\n<p>Comme la France, la Belgique attend ce rendez-vous avec impatience. Dans moins d&rsquo;une semaine, les huit meilleures nations du tennis mondial ont rendez-vous \u00e0 Bologne en Italie pour le Final 8 de la Coupe Davis. Parmi les affiches de ces quarts de finale, outre Italie &#8211; Autriche, Espagne &#8211; R\u00e9publique Tch\u00e8que et Argentine &#8211; Allemagne,<a href=\"https:\/\/sports.orange.fr\/tennis\/article\/coupe-davis-moutet-mpetshi-perricard-et-bonzi-seront-a-bologne-CNT000002lFw0f.html\" rel=\"nofollow noopener\" target=\"_blank\"> il y a \u00e9videmment la rencontre entre la Belgique et la France<\/a>. Les deux nations aiment s&rsquo;affronter, sur tous les terrains de sport d&rsquo;ailleurs et notamment sur celui de la petite balle jaune.<\/p>\n<p>\u00c0 l&rsquo;or\u00e9e de cette rencontre programm\u00e9e du 18 novembre au 20 novembre prochain, Rapha\u00ebl Collignon, l&rsquo;un des membres de cette s\u00e9lection belge, a rappel\u00e9 combien l&rsquo;\u00e9v\u00e8nement valait la peine d&rsquo;\u00eatre v\u00e9cu.\u00a0\u00ab\u00a0On va vivre une belle aventure, admet le 74\u00e8me mondial \u00e0 la RTBF. On est tr\u00e8s excit\u00e9s de retrouver l&rsquo;\u00e9quipe, on s&rsquo;entend tous tr\u00e8s bien. La pression va monter petit \u00e0 petit avec l&rsquo;avanc\u00e9e de la semaine. C&rsquo;est d\u00e9j\u00e0 mardi, donc \u00e7a avance \u00e0 grands pas. Beaucoup d&rsquo;excitation de repr\u00e9senter le pays et de retourner \u00e0 Bologne. On y a \u00e9t\u00e9 l&rsquo;ann\u00e9e pass\u00e9e, on en garde un bon souvenir, m\u00eame si on ne s&rsquo;est pas qualifi\u00e9s [&#8230;] Faire partie de l&rsquo;\u00e9quipe, c&rsquo;\u00e9tait un r\u00eave, c&rsquo;est devenu un objectif ces derni\u00e8res ann\u00e9es. Je suis tr\u00e8s fier d&rsquo;en faire partie.\u00a0On va essayer de tout donner pour le pays.\u00a0\u00bb<\/p>\n<p>Une revanche de la finale 2017<\/p>\n<p>Ce quart de finale entre <a href=\"https:\/\/sports.orange.fr\/tennis\/article\/coupe-davis-les-belges-ont-tout-pour-embeter-les-bleus-exclu-CNT000002ly0bW.html\" rel=\"nofollow noopener\" target=\"_blank\">la Belgique et la France ne manquera pas de piquant<\/a>. En effet, les Bleus s&rsquo;\u00e9taient impos\u00e9s en finale de cette m\u00eame comp\u00e9tition en 2017 sur le score de 3-2. Les Belges avaient d&rsquo;ailleurs marqu\u00e9 le premier point avec le succ\u00e8s de Goffin contre Pouille avant que Tsonga puis la paire Gasquet\/Herbert ne donnent les commandes \u00e0 la France. Pouille avait fini par donner la victoire aux Tricolores juste apr\u00e8s la d\u00e9faite en simple de Tsonga contre Goffin.<\/p>\n<p>\u00ab\u00a0J&rsquo;\u00e9tais sur place le dimanche, se souvient Collignon, toujours pour la RTBF. C&rsquo;\u00e9tait incroyable de voir David (Goffin) jouer comme \u00e7a. Il revenait du Masters, c&rsquo;\u00e9tait magnifique \u00e0 voir. Malheureusement pour le match d\u00e9cisif, Steve (Darcis) n&rsquo;\u00e9tait pas pr\u00eat, il avait mal au coude et il a perdu. C&rsquo;est toujours un souvenir douloureux pour lui. Nous, on est super motiv\u00e9s, fatalement il ne pourra pas \u00eatre sur\u00a0le terrain, on veut obtenir notre revanche pour lui. Cela rajoute une dose de motivation en plus.\u00a0\u00bb<\/p>\n","protected":false},"excerpt":{"rendered":"Cl\u00e9ment P\u00e9dron, Media365 : publi\u00e9 le jeudi 13 novembre 2025 \u00e0 10h38 La Belgique affronte la France en&hellip;\n","protected":false},"author":2,"featured_media":531246,"comment_status":"","ping_status":"","sticky":false,"template":"","format":"standard","meta":{"footnotes":""},"categories":[1415],"tags":[1011,27,60,1467],"class_list":{"0":"post-531245","1":"post","2":"type-post","3":"status-publish","4":"format-standard","5":"has-post-thumbnail","7":"category-tennis","8":"tag-fr","9":"tag-france","10":"tag-sports","11":"tag-tennis"},"share_on_mastodon":{"url":"https:\/\/pubeurope.com\/@fr\/115542247554840961","error":""},"_links":{"self":[{"href":"https:\/\/www.europesays.com\/fr\/wp-json\/wp\/v2\/posts\/531245","targetHints":{"allow":["GET"]}}],"collection":[{"href":"https:\/\/www.europesays.com\/fr\/wp-json\/wp\/v2\/posts"}],"about":[{"href":"https:\/\/www.europesays.com\/fr\/wp-json\/wp\/v2\/types\/post"}],"author":[{"embeddable":true,"href":"https:\/\/www.europesays.com\/fr\/wp-json\/wp\/v2\/users\/2"}],"replies":[{"embeddable":true,"href":"https:\/\/www.europesays.com\/fr\/wp-json\/wp\/v2\/comments?post=531245"}],"version-history":[{"count":0,"href":"https:\/\/www.europesays.com\/fr\/wp-json\/wp\/v2\/posts\/531245\/revisions"}],"wp:featuredmedia":[{"embeddable":true,"href":"https:\/\/www.europesays.com\/fr\/wp-json\/wp\/v2\/media\/531246"}],"wp:attachment":[{"href":"https:\/\/www.europesays.com\/fr\/wp-json\/wp\/v2\/media?parent=531245"}],"wp:term":[{"taxonomy":"category","embeddable":true,"href":"https:\/\/www.europesays.com\/fr\/wp-json\/wp\/v2\/categories?post=531245"},{"taxonomy":"post_tag","embeddable":true,"href":"https:\/\/www.europesays.com\/fr\/wp-json\/wp\/v2\/tags?post=531245"}],"curies":[{"name":"wp","href":"https:\/\/api.w.org\/{rel}","templated":true}]}}