{"id":531251,"date":"2025-11-13T11:58:22","date_gmt":"2025-11-13T11:58:22","guid":{"rendered":"https:\/\/www.europesays.com\/fr\/531251\/"},"modified":"2025-11-13T11:58:22","modified_gmt":"2025-11-13T11:58:22","slug":"qui-mettra-la-main-sur-le-tableau-de-rubens-vendu-a-versailles","status":"publish","type":"post","link":"https:\/\/www.europesays.com\/fr\/531251\/","title":{"rendered":"qui mettra la main sur le tableau de Rubens vendu \u00e0 Versailles\u00a0?"},"content":{"rendered":"<p>                    Par<br \/>\n        <strong><br \/>\n            <a href=\"https:\/\/actu.fr\/auteur\/florie-cedolin\" title=\"Consulter tous les articles de Florie Cedolin\" rel=\"nofollow noopener\" target=\"_blank\">Florie Cedolin<\/a><br \/>\n                    <\/strong><\/p>\n<p>        Publi\u00e9 le<\/p>\n<p>            12 nov. 2025 \u00e0 18h16        <\/p>\n<p>C\u2019est une \u00ab\u2009belle aventure\u2009\u00bb qui va se terminer \u00e0 <a href=\"https:\/\/actu.fr\/ile-de-france\/versailles_78646\" rel=\"nofollow noopener\" target=\"_blank\">Versailles<\/a> (Yvelines). Jean-Pierre Osenat, commissaire-priseur install\u00e9 avenue de Saint-Cloud, est encore \u00e9mu lorsqu\u2019il parle de l\u2019\u0153uvre qu\u2019il s\u2019appr\u00eate \u00e0 mettre aux ench\u00e8res\u2009: <b>une toile de Rubens<\/b> (1577-1640) repr\u00e9sentant le Christ sur la croix. Son estimation\u2009: entre 1 M\u20ac et 2 M\u20ac.<br \/>Ce tableau, retrouv\u00e9 presque <b>par hasard<\/b>, n\u2019\u00e9tait pas attribu\u00e9, au d\u00e9part, au c\u00e9l\u00e8bre peintre flamand. Sa sortie des oubliettes a fait le <a href=\"https:\/\/www.beauxarts.com\/grand-format\/un-exceptionnel-tableau-de-rubens-disparu-depuis-des-siecles-ressurgit-a-paris\/\" rel=\"nofollow noopener\" target=\"_blank\">tour du monde<\/a>, et c\u2019est \u00e0 Versailles qu\u2019un nouvel \u00e9pisode s\u2019\u00e9crira le 30\u00a0novembre 2025, lors de sa vente.<\/p>\n<blockquote class=\"ac-article-quote wall-content\">\n<p>\u00ab\u2009Red\u00e9couvrir un Rubens aujourd\u2019hui, c\u2019est une histoire impossible. Tous les tableaux de Rubens sont r\u00e9pertori\u00e9s. Et pourtant\u2026\u2009\u00bb<\/p>\n<p>Jean-Pierre Osenat, commissaire-priseur \u00e0 Versailles<\/p><\/blockquote>\n<p>Un \u00ab\u2009parcours du combattant\u2009\u00bb<\/p>\n<p class=\" wall-content\">C\u2019est en proc\u00e9dant \u00e0 l\u2019inventaire d\u2019un <b>h\u00f4tel particulier<\/b> du VIe arrondissement de<a href=\"https:\/\/actu.fr\/paris\/\" rel=\"nofollow noopener\" target=\"_blank\"> Paris<\/a>, en 2024, que Jean-Pierre <a href=\"https:\/\/www.osenat.com\/\" rel=\"nofollow noopener\" target=\"_blank\">Osenat<\/a> a fait la d\u00e9couverte. \u00ab\u2009Lorsque Rubens a peint ce tableau, il avait son atelier \u00e0 Anvers (Belgique), o\u00f9 travaillaient aussi vingt \u00e0 trente assistants. Lorsqu\u2019il \u00e9tait satisfait d\u2019une toile, ses assistants en faisaient dix \u00e0 trente derri\u00e8re. Des tableaux d\u2019ateliers, il y en a donc eu beaucoup.\u2009\u00bb<\/p>\n<p class=\" wall-content\">Sans doute ramen\u00e9 en France par Napol\u00e9on, <b>Le Christ en croix<\/b> \u00e9tait r\u00e9apparu dans les collections du peintre William-Adolphe Bouguereau (1825-1905). Il \u00e9tait depuis rest\u00e9 dans la famille.<\/p>\n<p class=\" wall-content\">Rubens a souvent repr\u00e9sent\u00e9 J\u00e9sus crucifi\u00e9. Ici, il a les yeux baiss\u00e9s, presque clos, et une plaie b\u00e9ante sur le flanc droit. En haut \u00e0 gauche, on peut noter que <b>la lune \u00e9clipse le soleil<\/b>. En fond, se d\u00e9ploie une vue de J\u00e9rusalem.<\/p>\n<blockquote class=\"ac-article-quote wall-content\">\n<p>\u00ab\u2009Pour faire reconna\u00eetre ce tableau comme un Rubens, cela a \u00e9t\u00e9 le parcours du combattant. Nous avons r\u00e9alis\u00e9 des examens sur le rouge par exemple, qui \u00e9tait celui de Rubens, sur les coups de pinceaux\u2026\u2009\u00bb<\/p>\n<p>Jean-Pierre Osenat, commissaire-priseur \u00e0 Versailles<\/p><\/blockquote>\n<p>Votre r\u00e9gion, votre actu !<\/p>\n<p>Recevez chaque jour les infos qui comptent pour vous.<\/p>\n<p>\t<a href=\"https:\/\/actu.fr\/newsletter\" class=\"ac-btn ac-btn--corner ac-btn--medium ac-btn--blue800\" rel=\"nofollow noopener\" target=\"_blank\">S&rsquo;incrire<\/a><br \/>\n\u00ab\u2009Un tableau magique\u2009!\u2009\u00bb<\/p>\n<p class=\" wall-content\">Le <a href=\"https:\/\/rubenshuis.be\/fr\/corpus-rubenianum-ludwig-burchard\" rel=\"nofollow noopener\" target=\"_blank\">Rubenianum<\/a>, organisme sp\u00e9cialiste dans l\u2019\u0153uvre de Rubens \u00e0 Anvers, s\u2019est alors r\u00e9uni et a donn\u00e9 son verdict. \u00ab\u2009J\u2019attendais dans la cour, se souvient Jean-Pierre Osenat, encore \u00e9mu. <b>Nils B\u00fcttner<\/b>, pr\u00e9sident du Rubenianum, est venu me dire\u2009: On a un Rubens\u2009!\u2009\u00bb<\/p>\n<p class=\" wall-content\">\u00ab\u2009Pour moi, c\u2019est une extraordinaire aventure, quelque chose qui n\u2019arrive <b>qu\u2019une fois dans la vie<\/b> d\u2019un commissaire-priseur. C\u2019est un tableau qui a une telle force, un tableau magique\u2009!\u2009\u00bb<\/p>\n<p>    <a href=\"https:\/\/www.youtube.com\/embed\/7DIvk3N55Yw\" title=\"Ouvrie le lien\" rel=\"nofollow noopener\" target=\"_blank\">Cliquez ici pour visualiser le contenu<\/a><\/p>\n<p>L\u2019\u0153uvre expos\u00e9e pendant quatre jours<\/p>\n<p class=\" wall-content\">C\u2019est donc \u00e0 Versailles, dans la ville o\u00f9 il organise d\u00e9j\u00e0 des ventes sur le th\u00e8me de la royaut\u00e9 ou des grands si\u00e8cles, que Jean-Pierre Osenat, \u00e9galement install\u00e9 \u00e0 <a href=\"https:\/\/actu.fr\/paris\/\" rel=\"nofollow noopener\" target=\"_blank\">Paris<\/a> et <a href=\"https:\/\/actu.fr\/ile-de-france\/fontainebleau_77186\/seine-et-marne-le-christ-en-croix-chef-doeuvre-disparu-de-rubens-expose-a-leglise-de-fontainebleau_63412807.html\" rel=\"nofollow noopener\" target=\"_blank\">Fontainebleau<\/a> (Seine-et-Marne), a d\u00e9cid\u00e9 de mettre ce tableau aux <b>ench\u00e8res<\/b>.<\/p>\n<p class=\" wall-content\">Le rendez-vous est fix\u00e9 au dimanche 30\u00a0novembre 2025, \u00e0 partir de 14\u2009h\u200930, \u00e0 la <b>salle des ventes<\/b> de l\u2019avenue de Saint-Cloud. L\u2019\u0153uvre sera auparavant expos\u00e9 durant quatre jours pour que tout le monde puisse venir l\u2019admirer. \u00ab\u2009C\u2019est une belle aventure qui se terminera \u00e0 Versailles et que je suis content de partager avec les Versaillais\u2009\u00bb, souligne le commissaire-priseur.<\/p>\n<p><b>H\u00f4tel des ventes du ch\u00e2teau<\/b> (13, avenue de Saint-Cloud \u00e0 Versailles)\u2009<b>:<\/b> exposition publique du tableau du jeudi\u00a027 au samedi 29\u00a0novembre, de 10\u2009h \u00e0 13\u2009h et de 14\u2009h \u00e0 17\u2009h, et le dimanche 30\u00a0novembre, de 10\u2009h \u00e0 12\u2009h. Vente dimanche 30\u00a0novembre, \u00e0 14\u2009h\u200930. <b>Informations\u2009:<\/b> <a href=\"https:\/\/www.osenat.com\/\" rel=\"nofollow noopener\" target=\"_blank\">www.osenat.com.<\/a><\/p>\n<p class=\" wall-content\">Personnalisez votre actualit\u00e9 en ajoutant vos villes et m\u00e9dias en favori avec <a href=\"https:\/\/moncompte.actu.fr\" title=\"D\u00e9couvez Mon Actu\" rel=\"nofollow noopener\" data-trk=\"{&quot;cta&quot;:{&quot;action&quot;:&quot;https:\\\/\\\/moncompte.actu.fr&quot;,&quot;category&quot;:&quot;mon compte&quot;,&quot;from&quot;:&quot;article footer&quot;,&quot;name&quot;:&quot;Mon actu&quot;,&quot;type&quot;:&quot;cta&quot;}}\" target=\"_blank\">Mon Actu<\/a>.<\/p>\n","protected":false},"excerpt":{"rendered":"Par Florie Cedolin Publi\u00e9 le 12 nov. 2025 \u00e0 18h16 C\u2019est une \u00ab\u2009belle aventure\u2009\u00bb qui va se terminer&hellip;\n","protected":false},"author":2,"featured_media":531252,"comment_status":"","ping_status":"","sticky":false,"template":"","format":"standard","meta":{"footnotes":""},"categories":[1358],"tags":[1348,1384,1385,1386,58,59,1011,27,2551,104],"class_list":{"0":"post-531251","1":"post","2":"type-post","3":"status-publish","4":"format-standard","5":"has-post-thumbnail","7":"category-arts-et-design","8":"tag-arts","9":"tag-arts-and-design","10":"tag-arts-et-design","11":"tag-design","12":"tag-divertissement","13":"tag-entertainment","14":"tag-fr","15":"tag-france","16":"tag-patrimoine","17":"tag-societe"},"share_on_mastodon":{"url":"https:\/\/pubeurope.com\/@fr\/115542275083387732","error":""},"_links":{"self":[{"href":"https:\/\/www.europesays.com\/fr\/wp-json\/wp\/v2\/posts\/531251","targetHints":{"allow":["GET"]}}],"collection":[{"href":"https:\/\/www.europesays.com\/fr\/wp-json\/wp\/v2\/posts"}],"about":[{"href":"https:\/\/www.europesays.com\/fr\/wp-json\/wp\/v2\/types\/post"}],"author":[{"embeddable":true,"href":"https:\/\/www.europesays.com\/fr\/wp-json\/wp\/v2\/users\/2"}],"replies":[{"embeddable":true,"href":"https:\/\/www.europesays.com\/fr\/wp-json\/wp\/v2\/comments?post=531251"}],"version-history":[{"count":0,"href":"https:\/\/www.europesays.com\/fr\/wp-json\/wp\/v2\/posts\/531251\/revisions"}],"wp:featuredmedia":[{"embeddable":true,"href":"https:\/\/www.europesays.com\/fr\/wp-json\/wp\/v2\/media\/531252"}],"wp:attachment":[{"href":"https:\/\/www.europesays.com\/fr\/wp-json\/wp\/v2\/media?parent=531251"}],"wp:term":[{"taxonomy":"category","embeddable":true,"href":"https:\/\/www.europesays.com\/fr\/wp-json\/wp\/v2\/categories?post=531251"},{"taxonomy":"post_tag","embeddable":true,"href":"https:\/\/www.europesays.com\/fr\/wp-json\/wp\/v2\/tags?post=531251"}],"curies":[{"name":"wp","href":"https:\/\/api.w.org\/{rel}","templated":true}]}}