{"id":531255,"date":"2025-11-13T12:01:17","date_gmt":"2025-11-13T12:01:17","guid":{"rendered":"https:\/\/www.europesays.com\/fr\/531255\/"},"modified":"2025-11-13T12:01:17","modified_gmt":"2025-11-13T12:01:17","slug":"jetais-mariee-a-20-ans-aya-nakamura-fait-des-revelations-inattendues-sur-son-premier-mariage","status":"publish","type":"post","link":"https:\/\/www.europesays.com\/fr\/531255\/","title":{"rendered":"\u00ab\u00a0J&rsquo;\u00e9tais mari\u00e9e \u00e0 20 ans\u00a0\u00bb : Aya Nakamura fait des r\u00e9v\u00e9lations inattendues sur son premier mariage"},"content":{"rendered":"<p>Ce mercredi 12 novembre 2025, Aya Nakamura \u00e9tait l\u2019invit\u00e9e du podcast OuiHustle, anim\u00e9 par Chairman. L\u2019occasion pour la chanteuse la plus \u00e9cout\u00e9e de France de revenir sur ses d\u00e9buts marqu\u00e9s par une double \u00e9preuve : devenir m\u00e8re et percer dans la musique. En effet, <strong>en 2015, alors qu\u2019elle n\u2019avait que 20 ans,<\/strong> la jeune artiste a commenc\u00e9 \u00e0 faire parler d\u2019elle sur la sc\u00e8ne musicale. Mais au m\u00eame moment, elle \u00e9tait enceinte de <a href=\"https:\/\/www.grazia.fr\/people\/aya-nakamura-maman-devoile-rare-cliche-de-filles-663950.html\" rel=\"noopener\" target=\"_blank\">sa premi\u00e8re fille, A\u00efcha.<\/a><\/p>\n<p>\u00ab\u00a0Moi, quand j\u2019ai annonc\u00e9 ma grossesse \u00e0 mes premiers managers, pour eux c\u2019\u00e9tait chaud. Ils m\u2019ont clairement demand\u00e9 <strong>si je voulais \u00eatre chanteuse ou maman\u00a0\u00bb<\/strong>, a-t-elle racont\u00e9 dans OuiHustle. Refusant de choisir entre sa vie personnelle et son r\u00eave artistique, Aya Nakamura a d\u00e9cid\u00e9 de tracer sa route : \u00ab\u00a0Pour moi, il n\u2019y avait pas de choix \u00e0 faire\u00a0\u00bb.<\/p>\n<p> Aya Nakamura : une carri\u00e8re qui d\u00e9colle alors qu\u2019elle devient maman <\/p>\n<p data-start=\"1425\" data-end=\"1703\">\u00c0 l\u00a0\u00bb\u00e9poque, la chanteuse qui <a href=\"https:\/\/www.grazia.fr\/people\/sabotage-en-coulisses-comment-aya-nakamura-a-failli-ne-jamais-chanter-aux-jo-de-paris-1198419.html\" rel=\"noopener\" target=\"_blank\">a failli ne jamais chanter lors des JO de Paris 2024,<\/a> \u00e9tait <strong>mari\u00e9e avec le p\u00e8re de sa fille A\u00efcha.<\/strong> \u00ab\u00a0J\u2019\u00e9tais mari\u00e9e \u00e0 20 ans. C\u2019est cool, ouais. \u00c0 l\u2019\u00e9poque, mon mari m\u2019assumait donc mon argent, c&rsquo;\u00e9tait mon argent. J\u2019avais vingt ans, je n\u2019avais pas la contrainte de payer mon loyer\u00a0\u00bb, a-t-elle r\u00e9v\u00e9l\u00e9.<\/p>\n<p data-start=\"1425\" data-end=\"1703\">Une stabilit\u00e9 qui lui a permis de se concentrer sur sa musique et d\u2019encha\u00eener les tubes sans craindre le lendemain. La chanteuse de Pookie a ensuite reconnu que <strong>cette relation lui avait offert un cadre solide<\/strong> pour \u00e9lever sa fille et vivre pleinement son r\u00eave : \u00ab\u00a0Avoir un mari aussi jeune et \u00e0 mes c\u00f4t\u00e9s, \u00e7a m\u2019a donn\u00e9 une stabilit\u00e9 pour de vrai \u00e0 la maison\u00a0\u00bb.<\/p>\n<p>\t\t\t\t<img decoding=\"async\" src=\"https:\/\/www.europesays.com\/fr\/wp-content\/uploads\/2025\/11\/1763035277_300_hqdefault.jpg\" width=\"100%\" height=\"auto\"\/><\/p>\n<p>\t\t    \u00ab\u00a0Mon mari m\u2019assumait\u00a0\u00bb : le soutien pr\u00e9cieux du p\u00e8re de sa fille A\u00efcha <\/p>\n<p>Mais avec le succ\u00e8s est venue une autre forme de d\u00e9s\u00e9quilibre. Les concerts, les d\u00e9placements, les sollicitations m\u00e9diatiques <strong>ont fini par avoir raison de leur mariage.<\/strong> \u00ab\u00a0Il m\u2019a connue bien avant la c\u00e9l\u00e9brit\u00e9, donc il n\u2019a pas forc\u00e9ment vu de changements. C\u2019\u00e9tait plus au niveau du timing : je ne donnais plus autant de temps, je n\u2019\u00e9tais plus trop \u00e0 la maison\u00a0\u00bb, a expliqu\u00e9 Aya Nakamura. Une \u00e9volution naturelle selon elle : \u00ab\u00a0Entre 19 et 23 ans, tu n\u2019as pas la m\u00eame mentalit\u00e9\u00a0\u00bb.<\/p>\n<p>Aujourd\u2019hui, \u00e0 quelques jours de la sortie de son nouvel album Destin\u00e9e, pr\u00e9vu pour le 21 novembre 2025, Aya Nakamura semble avoir fait la paix avec son pass\u00e9. <strong>M\u00e8re de deux filles \u2013 A\u00efcha et Ava<\/strong>, n\u00e9e de sa relation avec <a href=\"https:\/\/www.grazia.fr\/people\/sms-aya-nakamura-fait-son-come-back-avec-un-tout-nouveau-hit-faisant-reference-a-ses-ex-699208.html\" rel=\"noopener\" target=\"_blank\">son ex-producteur Vladimir Boudnikoff<\/a> \u2013 elle incarne plus que jamais la force et la libert\u00e9.<\/p>\n","protected":false},"excerpt":{"rendered":"Ce mercredi 12 novembre 2025, Aya Nakamura \u00e9tait l\u2019invit\u00e9e du podcast OuiHustle, anim\u00e9 par Chairman. L\u2019occasion pour la&hellip;\n","protected":false},"author":2,"featured_media":531256,"comment_status":"","ping_status":"","sticky":false,"template":"","format":"standard","meta":{"footnotes":""},"categories":[1355],"tags":[58,59,1011,27,1361,873,729],"class_list":{"0":"post-531255","1":"post","2":"type-post","3":"status-publish","4":"format-standard","5":"has-post-thumbnail","7":"category-musique","8":"tag-divertissement","9":"tag-entertainment","10":"tag-fr","11":"tag-france","12":"tag-music","13":"tag-musique","14":"tag-yout_video"},"share_on_mastodon":{"url":"https:\/\/pubeurope.com\/@fr\/115542288058534262","error":""},"_links":{"self":[{"href":"https:\/\/www.europesays.com\/fr\/wp-json\/wp\/v2\/posts\/531255","targetHints":{"allow":["GET"]}}],"collection":[{"href":"https:\/\/www.europesays.com\/fr\/wp-json\/wp\/v2\/posts"}],"about":[{"href":"https:\/\/www.europesays.com\/fr\/wp-json\/wp\/v2\/types\/post"}],"author":[{"embeddable":true,"href":"https:\/\/www.europesays.com\/fr\/wp-json\/wp\/v2\/users\/2"}],"replies":[{"embeddable":true,"href":"https:\/\/www.europesays.com\/fr\/wp-json\/wp\/v2\/comments?post=531255"}],"version-history":[{"count":0,"href":"https:\/\/www.europesays.com\/fr\/wp-json\/wp\/v2\/posts\/531255\/revisions"}],"wp:featuredmedia":[{"embeddable":true,"href":"https:\/\/www.europesays.com\/fr\/wp-json\/wp\/v2\/media\/531256"}],"wp:attachment":[{"href":"https:\/\/www.europesays.com\/fr\/wp-json\/wp\/v2\/media?parent=531255"}],"wp:term":[{"taxonomy":"category","embeddable":true,"href":"https:\/\/www.europesays.com\/fr\/wp-json\/wp\/v2\/categories?post=531255"},{"taxonomy":"post_tag","embeddable":true,"href":"https:\/\/www.europesays.com\/fr\/wp-json\/wp\/v2\/tags?post=531255"}],"curies":[{"name":"wp","href":"https:\/\/api.w.org\/{rel}","templated":true}]}}