{"id":531257,"date":"2025-11-13T12:02:32","date_gmt":"2025-11-13T12:02:32","guid":{"rendered":"https:\/\/www.europesays.com\/fr\/531257\/"},"modified":"2025-11-13T12:02:32","modified_gmt":"2025-11-13T12:02:32","slug":"une-soiree-en-immersion-dans-la-nature","status":"publish","type":"post","link":"https:\/\/www.europesays.com\/fr\/531257\/","title":{"rendered":"une soir\u00e9e en immersion dans la nature"},"content":{"rendered":"<p>                    Par<br \/>\n        <strong><br \/>\n            <a href=\"https:\/\/actu.fr\/auteur\/marion-travers\" title=\"Consulter tous les articles de Marion Travers\" rel=\"nofollow noopener\" target=\"_blank\">Marion Travers<\/a><br \/>\n                    <\/strong><\/p>\n<p>        Publi\u00e9 le<\/p>\n<p>            13 nov. 2025 \u00e0 7h55        <\/p>\n<p>\u00ab\u2009Un \u00e9veil \u00e0 la nature.\u2009\u00bb C\u2019est ce que vont proposer <b>l\u2019association Tous dans l\u2019m\u00eame bateau<\/b> et le <b>cin\u00e9ma Le Grand Palace<\/b> des <a href=\"https:\/\/actu.fr\/pays-de-la-loire\/les-sables-d-olonne_85194\" rel=\"nofollow noopener\" target=\"_blank\">Sables-d\u2019Olonne<\/a> le jeudi 20\u00a0novembre \u00e0 l\u2019occasion de la projection en <b>avant-premi\u00e8re du nouveau film documentaire \u00ab\u2009Le chant des for\u00eats\u2009\u00bb de Vincent Munier<\/b>, qui sera pr\u00e9sent pour pr\u00e9senter son travail. Une d\u00e9couverte qui se fera en deux temps.<\/p>\n<p>Pour les scolaires et le grand public<\/p>\n<p class=\" wall-content\">Ce sont d\u2019abord <b>650\u00a0\u00e9l\u00e8ves du CP au CM 2 <\/b>de l\u2019agglom\u00e9ration des Sables qui assisteront l\u2019apr\u00e8s-midi \u00e0 cette projection dans le cadre d\u2019un <b>projet \u00e9ducatif<\/b>.<\/p>\n<p class=\" wall-content\">\u00ab\u2009Ce film, c\u2019est <b>la transmission<\/b> entre ceux qui savent encore (qui comprennent la nature et le fait qu\u2019il ne faut pas la bousculer), nous qui commen\u00e7ons \u00e0 d\u00e9crocher et la jeune g\u00e9n\u00e9ration qui en est compl\u00e8tement d\u00e9connect\u00e9e\u2009\u00bb, explique Fran\u00e7ois Lesuisse, g\u00e9rant du Grand Palace.<\/p>\n<p class=\" wall-content\">Une projection pour les scolaires qui a \u00e9t\u00e9 encourag\u00e9e par \u00ab\u2009Vincent Par\u00e9, inspecteur de l\u2019\u00c9ducation nationale, et Pierre-Fran\u00e7ois Gougnard, directeur de l\u2019\u00e9cole Saint-Elme, qui a mobilis\u00e9 les \u00e9coles publiques et priv\u00e9es. On a senti un v\u00e9ritable enthousiasme des deux c\u00f4t\u00e9s\u2009\u00bb, souligne Fran\u00e7ois Birchler, pr\u00e9sident de Tous dans l\u2019m\u00eame bateau.<\/p>\n<p class=\" wall-content\">Puis, le soir, \u00e0 19\u2009h\u200945 (complet) et \u00e0 20\u2009h\u200920, <a href=\"https:\/\/www.ticketingcine.com\/?EMS0387=&amp;cmp=other#showsession?id=emsx038700078799&amp;ps=erakys\" rel=\"nofollow noopener\" target=\"_blank\">le grand public pourra, lui aussi, assister \u00e0 la projection<\/a> du \u00ab\u2009Chant des for\u00eats\u2009\u00bb puis <b>\u00e9changer avec le r\u00e9alisateur<\/b>.<\/p>\n<p>Les spectateurs plong\u00e9s dans la for\u00eat des Vosges<\/p>\n<p class=\" wall-content\">Vincent Munier propose \u00ab\u2009un film avec une approche documentaire\u2009\u00bb.<\/p>\n<p>Vid\u00e9os : en ce moment sur Actu<\/p>\n<blockquote class=\"ac-article-quote wall-content\">\n<p>Il n\u2019y a pas de voix off. Vincent Munier est un conteur sauf que ses mots, ce sont des images.<\/p>\n<p>Fran\u00e7ois Lesuisse<\/p><\/blockquote>\n<p class=\" wall-content\">Il invite les spectateurs <b>dans la for\u00eat des Vosges<\/b>, d\u00e9couvrir la nature avec tout ce que \u00e7a comporte de contemplatif. C\u2019est dans ces espaces, \u00ab\u2009qu\u2019il a tout appris gr\u00e2ce \u00e0 son p\u00e8re Michel, naturaliste, ayant pass\u00e9 sa vie \u00e0 l\u2019aff\u00fbt dans les bois. Il est l\u2019heure pour eux de transmettre ce savoir \u00e0 Simon, le fils de Vincent. <b>Trois regards, trois g\u00e9n\u00e9rations, une m\u00eame fascination pour la vie sauvage.<\/b> Nous d\u00e9couvrirons avec eux cerfs, oiseaux rares, renards et lynx\u2026 et parfois, le battement d\u2019ailes d\u2019un animal l\u00e9gendaire\u2009: le Grand T\u00e9tras\u2009\u00bb.<\/p>\n<p>Votre r\u00e9gion, votre actu !<\/p>\n<p>Recevez chaque jour les infos qui comptent pour vous.<\/p>\n<p>\t<a href=\"https:\/\/actu.fr\/newsletter\" class=\"ac-btn ac-btn--corner ac-btn--medium ac-btn--blue800\" rel=\"nofollow noopener\" target=\"_blank\">S&rsquo;incrire<\/a><br \/>\nS\u2019effacer face \u00e0 la beaut\u00e9 de la nature<\/p>\n<p class=\" wall-content\">Ces trois personnages <b>emm\u00e8nent progressivement le public au plus profond de la for\u00eat<\/b>.<\/p>\n<blockquote class=\"ac-article-quote wall-content\">\n<p>Mais ceci avec discr\u00e9tion et respect. Ils s\u2019effacent face \u00e0 la for\u00eat. Il y a un c\u00f4t\u00e9 humble.<\/p>\n<p>Fran\u00e7ois Birchler<\/p><\/blockquote>\n<p class=\" wall-content\">Fran\u00e7ois Lesuisse ajoute\u2009: \u00ab\u2009Le message de Vincent Munier n\u2019est pas un retour \u00e0 l\u2019instinct primaire mais<b> une invitation \u00e0 contempler cette nature qui nous entoure<\/b>. Pendant le film, on a <b>l\u2019impression d\u2019\u00eatre avec eux<\/b>. Ils sont partis \u00e0 trois et on revient \u00e0 quatre. Avec Fran\u00e7ois, nous avons d\u00e9j\u00e0 vu le film et, pendant le d\u00e9briefing, \u00e0 la fin, on s\u2019est rendu compte qu\u2019on parlait \u00e0 voix basse\u2009!\u2009\u00bb<\/p>\n<p class=\" wall-content\"><b>Une v\u00e9ritable immersion <\/b>au plus pr\u00e8s de ce que nature a de plus beau \u00e0 offrir. Si bien que le spectateur, plong\u00e9 dans le noir et la magie du cin\u00e9ma, se retrouve lui aussi \u00e0 arr\u00eater de respirer pour ne pas faire de bruit \u00e0 l\u2019approche d\u2019un animal\u2026 Un moment suspendu.<\/p>\n<p>La notion de transmission<\/p>\n<p class=\" wall-content\">Le film de Vincent Munier pose aussi <b>la question de la transmission<\/b>. \u00ab\u2009Tu te poses des questions sur <b>ce que tes parents et tes grands-parents ont pu te transmettre comme valeurs<\/b>. Sur ce que toi, tu as envie de transmettre \u00e0 tes enfants. C\u2019est une sorte d\u2019introspection familiale\u2009\u00bb, analyse Fran\u00e7ois Birchler.<\/p>\n<p class=\" wall-content\">Le pr\u00e9sident de l\u2019<a href=\"https:\/\/actu.fr\/pays-de-la-loire\/les-sables-d-olonne_85194\/environnement-en-vendee-lassociation-tous-dans-lmeme-bateau-renait-et-veut-reveiller-les-consciences_63270806.html\" rel=\"nofollow noopener\" target=\"_blank\">association Tous dans l\u2019m\u00eame bateau<\/a> souhaite faire de cette soir\u00e9e une ode au vivre ensemble. Il regrette que \u00ab\u2009les choses qui f\u00e9d\u00e8rent sans arri\u00e8re-pens\u00e9e deviennent de plus en plus rares\u2009\u00bb.<\/p>\n<p>\u00ab\u2009Le chant des for\u00eats\u2009\u00bb de Vincent Munier au Grand Palace le jeudi 20\u00a0novembre \u00e0 19\u2009h\u200945 (complet) et \u00e0 20\u2009h\u200920. Une exposition de photos de la faune vend\u00e9enne sera pr\u00e9sent\u00e9e au public dans le hall du cin\u00e9ma \u00e0 cette occasion. R\u00e9servations directement au Grand Palace ou sur son site internet.<\/p>\n<p class=\" wall-content\">Personnalisez votre actualit\u00e9 en ajoutant vos villes et m\u00e9dias en favori avec <a href=\"https:\/\/moncompte.actu.fr\" title=\"D\u00e9couvez Mon Actu\" rel=\"nofollow noopener\" data-trk=\"{&quot;cta&quot;:{&quot;action&quot;:&quot;https:\\\/\\\/moncompte.actu.fr&quot;,&quot;category&quot;:&quot;mon compte&quot;,&quot;from&quot;:&quot;article footer&quot;,&quot;name&quot;:&quot;Mon actu&quot;,&quot;type&quot;:&quot;cta&quot;}}\" target=\"_blank\">Mon Actu<\/a>.<\/p>\n","protected":false},"excerpt":{"rendered":"Par Marion Travers Publi\u00e9 le 13 nov. 2025 \u00e0 7h55 \u00ab\u2009Un \u00e9veil \u00e0 la nature.\u2009\u00bb C\u2019est ce que&hellip;\n","protected":false},"author":2,"featured_media":531258,"comment_status":"","ping_status":"","sticky":false,"template":"","format":"standard","meta":{"footnotes":""},"categories":[1354],"tags":[58,59,1346,1011,27,1360,52],"class_list":{"0":"post-531257","1":"post","2":"type-post","3":"status-publish","4":"format-standard","5":"has-post-thumbnail","7":"category-films","8":"tag-divertissement","9":"tag-entertainment","10":"tag-films","11":"tag-fr","12":"tag-france","13":"tag-movies","14":"tag-planete"},"share_on_mastodon":{"url":"https:\/\/pubeurope.com\/@fr\/115542290974547036","error":""},"_links":{"self":[{"href":"https:\/\/www.europesays.com\/fr\/wp-json\/wp\/v2\/posts\/531257","targetHints":{"allow":["GET"]}}],"collection":[{"href":"https:\/\/www.europesays.com\/fr\/wp-json\/wp\/v2\/posts"}],"about":[{"href":"https:\/\/www.europesays.com\/fr\/wp-json\/wp\/v2\/types\/post"}],"author":[{"embeddable":true,"href":"https:\/\/www.europesays.com\/fr\/wp-json\/wp\/v2\/users\/2"}],"replies":[{"embeddable":true,"href":"https:\/\/www.europesays.com\/fr\/wp-json\/wp\/v2\/comments?post=531257"}],"version-history":[{"count":0,"href":"https:\/\/www.europesays.com\/fr\/wp-json\/wp\/v2\/posts\/531257\/revisions"}],"wp:featuredmedia":[{"embeddable":true,"href":"https:\/\/www.europesays.com\/fr\/wp-json\/wp\/v2\/media\/531258"}],"wp:attachment":[{"href":"https:\/\/www.europesays.com\/fr\/wp-json\/wp\/v2\/media?parent=531257"}],"wp:term":[{"taxonomy":"category","embeddable":true,"href":"https:\/\/www.europesays.com\/fr\/wp-json\/wp\/v2\/categories?post=531257"},{"taxonomy":"post_tag","embeddable":true,"href":"https:\/\/www.europesays.com\/fr\/wp-json\/wp\/v2\/tags?post=531257"}],"curies":[{"name":"wp","href":"https:\/\/api.w.org\/{rel}","templated":true}]}}