{"id":531282,"date":"2025-11-13T12:16:16","date_gmt":"2025-11-13T12:16:16","guid":{"rendered":"https:\/\/www.europesays.com\/fr\/531282\/"},"modified":"2025-11-13T12:16:16","modified_gmt":"2025-11-13T12:16:16","slug":"rinka-duijndam-se-sent-prete-et-enthousiaste-au-cthb-avant-le-match-retour-de-ligue-europeenne-a-besancon","status":"publish","type":"post","link":"https:\/\/www.europesays.com\/fr\/531282\/","title":{"rendered":"Rinka Duijndam se sent \u00ab\u00a0pr\u00eate et enthousiaste\u00a0\u00bb au CTHB avant le match retour de Ligue europ\u00e9enne \u00e0 Besan\u00e7on"},"content":{"rendered":"<p>Rinka Duijndam a vraiment pris ses marques au Chambray Touraine Handball. Elle l\u2019a de nouveau montr\u00e9 <a target=\"_self\" href=\"https:\/\/www.lanouvellerepublique.fr\/indre-et-loire\/commune\/chambray-les-tours\/lbe-chambray-irresistible-face-a-toulon-1762986724\" rel=\"nofollow noopener\">ce mercredi face au Toulon M\u00e9tropole Var Handball<\/a> (35-28). En r\u00e9alisant cinq parades d\u00e9cisives en seconde p\u00e9riode, la gardienne n\u00e9erlandaise a cadenass\u00e9 sa cage et a permis \u00e0 son \u00e9quipe de s\u2019envoler au tableau d\u2019affichage, encaissant seulement onze buts dans le second acte. \u00ab\u00a0En premi\u00e8re mi-temps, on a beaucoup souffert en d\u00e9fense. On a bien fait de changer certaines choses \u00e0 la mi-temps, car la d\u00e9fense \u00e9tait vraiment meilleure en seconde p\u00e9riode. Je pense que c\u2019\u00e9tait vraiment un bon effort d\u2019\u00e9quipe\u00a0\u00bb, analyse-t-elle.<\/p>\n<p>Et si le CTHB reste sur une s\u00e9rie de trois victoires toutes comp\u00e9titions confondues, il le doit en bonne partie \u00e0 son dernier rempart. Cette superbe prestation face \u00e0 Toulon vient conclure une semaine prolifique pour la gardienne, qui avait d\u00e9j\u00e0 r\u00e9alis\u00e9 douze arr\u00eats \u00e0 Truchtersheim il y a huit jours en championnat (<a target=\"_self\" href=\"https:\/\/www.lanouvellerepublique.fr\/indre-et-loire\/commune\/chambray-les-tours\/lbe-grace-a-sa-victoire-en-alsace-le-cthb-bien-lance-avant-la-coupe-d-europe-1762381710\" rel=\"nofollow noopener\">victoire 22-29<\/a>), puis avait r\u00e9cidiv\u00e9 avec aussi douze parades face \u00e0 Besan\u00e7on dans le match aller du 3e\u00a0tour de qualification pour la Ligue europ\u00e9enne, samedi dernier (<a target=\"_self\" href=\"https:\/\/www.lanouvellerepublique.fr\/indre-et-loire\/commune\/chambray-les-tours\/ligue-europeenne-le-cthb-remporte-une-premiere-bataille-face-a-besancon-1762643666\" rel=\"nofollow noopener\">victoire 29-25<\/a>)&#8230;. <\/p>\n<p>    Cet article a \u00e9t\u00e9 tronqu\u00e9. Abonnez-vous pour lire l&rsquo;article complet sur notre site.<\/p>\n<p style=\"margin: 0 !important; padding: 0 !important; font-size: 12px !important;\">Cet article a \u00e9t\u00e9 tronqu\u00e9. Abonnez-vous pour lire l&rsquo;article complet.<\/p>\n<p>    <a href=\"https:\/\/www.lanouvellerepublique.fr\/abonnements\" style=\"display: inline-block; margin-top: 5px !important; padding: 6px 12px !important; background: #cb1c27; color: white; text-decoration: none; border-radius: 4px; font-size: 12px !important;\" rel=\"nofollow noopener\" target=\"_blank\"><br \/>\n      S&rsquo;abonner<br \/>\n    <\/a><\/p>\n","protected":false},"excerpt":{"rendered":"Rinka Duijndam a vraiment pris ses marques au Chambray Touraine Handball. Elle l\u2019a de nouveau montr\u00e9 ce mercredi&hellip;\n","protected":false},"author":2,"featured_media":531283,"comment_status":"","ping_status":"","sticky":false,"template":"","format":"standard","meta":{"footnotes":""},"categories":[9619],"tags":[1392,1111,11,12891,14662,2206,1777,674,1011,27,1792,1387,12,882,25,60,2310],"class_list":{"0":"post-531282","1":"post","2":"type-post","3":"status-publish","4":"format-standard","5":"has-post-thumbnail","7":"category-toulon","8":"tag-a-la-une-local","9":"tag-actu","10":"tag-actualites","11":"tag-chambray-touraine-handball","12":"tag-chambray-les-tours","13":"tag-division-1","14":"tag-eu","15":"tag-europe","16":"tag-fr","17":"tag-france","18":"tag-handball","19":"tag-indre-et-loire","20":"tag-news","21":"tag-provence-alpes-cote-dazur","22":"tag-republique-francaise","23":"tag-sports","24":"tag-toulon"},"share_on_mastodon":{"url":"https:\/\/pubeurope.com\/@fr\/115542346104503845","error":""},"_links":{"self":[{"href":"https:\/\/www.europesays.com\/fr\/wp-json\/wp\/v2\/posts\/531282","targetHints":{"allow":["GET"]}}],"collection":[{"href":"https:\/\/www.europesays.com\/fr\/wp-json\/wp\/v2\/posts"}],"about":[{"href":"https:\/\/www.europesays.com\/fr\/wp-json\/wp\/v2\/types\/post"}],"author":[{"embeddable":true,"href":"https:\/\/www.europesays.com\/fr\/wp-json\/wp\/v2\/users\/2"}],"replies":[{"embeddable":true,"href":"https:\/\/www.europesays.com\/fr\/wp-json\/wp\/v2\/comments?post=531282"}],"version-history":[{"count":0,"href":"https:\/\/www.europesays.com\/fr\/wp-json\/wp\/v2\/posts\/531282\/revisions"}],"wp:featuredmedia":[{"embeddable":true,"href":"https:\/\/www.europesays.com\/fr\/wp-json\/wp\/v2\/media\/531283"}],"wp:attachment":[{"href":"https:\/\/www.europesays.com\/fr\/wp-json\/wp\/v2\/media?parent=531282"}],"wp:term":[{"taxonomy":"category","embeddable":true,"href":"https:\/\/www.europesays.com\/fr\/wp-json\/wp\/v2\/categories?post=531282"},{"taxonomy":"post_tag","embeddable":true,"href":"https:\/\/www.europesays.com\/fr\/wp-json\/wp\/v2\/tags?post=531282"}],"curies":[{"name":"wp","href":"https:\/\/api.w.org\/{rel}","templated":true}]}}