{"id":531288,"date":"2025-11-13T12:19:11","date_gmt":"2025-11-13T12:19:11","guid":{"rendered":"https:\/\/www.europesays.com\/fr\/531288\/"},"modified":"2025-11-13T12:19:11","modified_gmt":"2025-11-13T12:19:11","slug":"rouen-il-est-interpelle-fortement-alcoolise-au-volant-de-son-vehicule","status":"publish","type":"post","link":"https:\/\/www.europesays.com\/fr\/531288\/","title":{"rendered":"Rouen. Il est interpell\u00e9 fortement alcoolis\u00e9 au volant de son v\u00e9hicule"},"content":{"rendered":"<p melodystyle=\"texte\">Ce jeudi 13\u00a0novembre, les forces de l&rsquo;ordre ont interpell\u00e9 un individu \u00e2g\u00e9 de 22 ans, au volant de son v\u00e9hicule rue de le Nostre \u00e0 Rouen, peu avant 6\u00a0heures du matin.<\/p>\n<p>Une conduite sous alcool<\/p>\n<p melodystyle=\"texte\">Le conducteur a r\u00e9alis\u00e9 plusieurs embard\u00e9es, brisant un r\u00e9troviseur d&rsquo;un v\u00e9hicule en stationnement, sur sa route. Interpell\u00e9, l&rsquo;individu avait un taux d&rsquo;alcool de\u00a01,01mg. Il fut plac\u00e9 en garde \u00e0 vue.<\/p>\n","protected":false},"excerpt":{"rendered":"Ce jeudi 13\u00a0novembre, les forces de l&rsquo;ordre ont interpell\u00e9 un individu \u00e2g\u00e9 de 22 ans, au volant de&hellip;\n","protected":false},"author":2,"featured_media":531289,"comment_status":"","ping_status":"","sticky":false,"template":"","format":"standard","meta":{"footnotes":""},"categories":[9587],"tags":[1111,11,1777,674,1011,27,12,5161,25,9590],"class_list":{"0":"post-531288","1":"post","2":"type-post","3":"status-publish","4":"format-standard","5":"has-post-thumbnail","7":"category-rouen","8":"tag-actu","9":"tag-actualites","10":"tag-eu","11":"tag-europe","12":"tag-fr","13":"tag-france","14":"tag-news","15":"tag-normandie","16":"tag-republique-francaise","17":"tag-rouen"},"share_on_mastodon":{"url":"https:\/\/pubeurope.com\/@fr\/115542357794849073","error":""},"_links":{"self":[{"href":"https:\/\/www.europesays.com\/fr\/wp-json\/wp\/v2\/posts\/531288","targetHints":{"allow":["GET"]}}],"collection":[{"href":"https:\/\/www.europesays.com\/fr\/wp-json\/wp\/v2\/posts"}],"about":[{"href":"https:\/\/www.europesays.com\/fr\/wp-json\/wp\/v2\/types\/post"}],"author":[{"embeddable":true,"href":"https:\/\/www.europesays.com\/fr\/wp-json\/wp\/v2\/users\/2"}],"replies":[{"embeddable":true,"href":"https:\/\/www.europesays.com\/fr\/wp-json\/wp\/v2\/comments?post=531288"}],"version-history":[{"count":0,"href":"https:\/\/www.europesays.com\/fr\/wp-json\/wp\/v2\/posts\/531288\/revisions"}],"wp:featuredmedia":[{"embeddable":true,"href":"https:\/\/www.europesays.com\/fr\/wp-json\/wp\/v2\/media\/531289"}],"wp:attachment":[{"href":"https:\/\/www.europesays.com\/fr\/wp-json\/wp\/v2\/media?parent=531288"}],"wp:term":[{"taxonomy":"category","embeddable":true,"href":"https:\/\/www.europesays.com\/fr\/wp-json\/wp\/v2\/categories?post=531288"},{"taxonomy":"post_tag","embeddable":true,"href":"https:\/\/www.europesays.com\/fr\/wp-json\/wp\/v2\/tags?post=531288"}],"curies":[{"name":"wp","href":"https:\/\/api.w.org\/{rel}","templated":true}]}}